{"id":6327,"date":"2025-01-29T10:50:44","date_gmt":"2025-01-29T10:50:44","guid":{"rendered":"https:\/\/cemvalderas.es\/?p=6327"},"modified":"2025-01-29T10:50:44","modified_gmt":"2025-01-29T10:50:44","slug":"caries-dental-las-5-etapas-y-como-tratarlas","status":"publish","type":"post","link":"https:\/\/cemvalderas.es\/dev\/caries-dental-las-5-etapas-y-como-tratarlas\/","title":{"rendered":"Caries dental: las 5 etapas y c\u00f3mo tratarlas"},"content":{"rendered":"\n<p>\u00bfTe han estado molestando los dientes? \u00bfTe est\u00e1n causando dolor? Si es as\u00ed, tus dientes podr\u00edan tener caries. Sin embargo, las <strong>caries dentales no siempre comienzan como dolor.<\/strong> Si tienes dolor o sensibilidad dental, podr\u00eda ser un signo de caries dental, una afecci\u00f3n com\u00fan. Pasa por 5 etapas diferentes, desde <strong>manchas blancas calc\u00e1reas iniciales hasta culminar en un absceso dental que es extremadamente doloroso<\/strong>. Durante las etapas iniciales de la caries, la progresi\u00f3n de la enfermedad se puede detener o incluso revertir. Siga leyendo para comprender c\u00f3mo se produce la caries dental y repase las 5 etapas diferentes y lo que se debe hacer <strong>durante cada una de estas etapas para restaurar la salud.<\/strong><\/p>\n\n\n\n<h2 class=\"wp-block-heading\">Etapas de la caries dental<\/h2>\n\n\n\n<p>La caries dental es causada por la actividad de ciertas especies de bacterias que viven en la placa dental. La placa es una<strong> pel\u00edcula incolora y pegajosa que cubre las superficies de los dientes<\/strong>. La placa dental est\u00e1 formada por bacterias, part\u00edculas de alimentos y saliva. Las bacterias de la placa convierten los az\u00facares <strong>presentes en los alimentos en \u00e1cidos<\/strong>. Si se permite que la placa se acumule con el tiempo o si los alimentos permanecen en las superficies de los dientes durante mucho tiempo, estos \u00e1cidos pueden comenzar a da\u00f1ar los dientes. Por eso, mantener una buena <strong>higiene bucal es fundamental para prevenir la caries dental.<\/strong><\/p>\n\n\n\n<figure class=\"wp-block-image alignright size-large is-resized\"><img fetchpriority=\"high\" decoding=\"async\" width=\"1024\" height=\"1024\" src=\"https:\/\/cemvalderas.es\/dev\/wp-content\/uploads\/2025\/01\/Post-instagram-quote-frase-1-1024x1024.jpg\" alt=\"Caries dental: las 5 etapas y c\u00f3mo tratarlas\" class=\"wp-image-6331\" style=\"width:351px;height:auto\" srcset=\"https:\/\/cemvalderas.es\/dev\/wp-content\/uploads\/2025\/01\/Post-instagram-quote-frase-1-1024x1024.jpg 1024w, https:\/\/cemvalderas.es\/dev\/wp-content\/uploads\/2025\/01\/Post-instagram-quote-frase-1-300x300.jpg 300w, https:\/\/cemvalderas.es\/dev\/wp-content\/uploads\/2025\/01\/Post-instagram-quote-frase-1-150x150.jpg 150w, https:\/\/cemvalderas.es\/dev\/wp-content\/uploads\/2025\/01\/Post-instagram-quote-frase-1-768x768.jpg 768w, https:\/\/cemvalderas.es\/dev\/wp-content\/uploads\/2025\/01\/Post-instagram-quote-frase-1-700x700.jpg 700w, https:\/\/cemvalderas.es\/dev\/wp-content\/uploads\/2025\/01\/Post-instagram-quote-frase-1.jpg 1080w\" sizes=\"(max-width: 1024px) 100vw, 1024px\" \/><\/figure>\n\n\n\n<h2 class=\"wp-block-heading\">Etapa 1: manchas blancas calc\u00e1reas<\/h2>\n\n\n\n<p>La capa exterior del <strong>diente est\u00e1 compuesta por esmalte. <\/strong>El esmalte es el tejido m\u00e1s duro del cuerpo y est\u00e1 formado principalmente por minerales, sin embargo, son susceptibles al ataque de los \u00e1cidos. A medida que un diente se expone a los \u00e1cidos durante un per\u00edodo prolongado de tiempo, el esmalte comienza a perder estos minerales,<strong> lo que da lugar a manchas blancas calc\u00e1reas desmineralizadas en el esmalte.<\/strong> El cuerpo intentar\u00e1 inicialmente proteger los dientes de estos \u00e1cidos utilizando tus propias defensas naturales <strong>mediante un proceso llamado remineralizaci\u00f3n.<\/strong> Utilizando la saliva o el fl\u00faor de la pasta de dientes, el cuerpo intentar\u00e1 restaurar los minerales. Sin embargo, si este proceso no tiene \u00e9xito, esto <strong>nos lleva a la segunda etapa de la caries.<\/strong><\/p>\n\n\n\n<p>Estas manchas blancas pueden pasar desapercibidas f\u00e1cilmente y <strong>puede ser necesario un examen dental para detectar dichas caries.<\/strong> Pero detectarlas lo antes posible es crucial ya que durante esta etapa, la caries se puede reparar sin la necesidad de excavar el diente. \u00a1Preg\u00fantanos sobre nuestros tratamientos con fl\u00faor y lo que <strong>podemos hacer para ayudarlo a prevenir las caries hoy mismo!<\/strong><\/p>\n\n\n\n<h2 class=\"wp-block-heading\">Etapa 2: Caries del esmalte dental<\/h2>\n\n\n\n<p>Cuando el \u00e1cido permanece en los dientes durante mucho tiempo, el cuerpo no puede remineralizarse lo <strong>suficientemente r\u00e1pido y el esmalte se descompondr\u00e1 a\u00fan m\u00e1s.<\/strong> La mancha blanca en un diente se oscurece a un color marr\u00f3n y se formar\u00e1 una lesi\u00f3n dentro del diente. Las lesiones avanzan hacia una cavidad o un orificio en el diente y no son dolorosas ya que no hay nervios en el esmalte dental. Sin embargo, el dentista debe tratar una lesi\u00f3n en el esmalte para <strong>proteger tu diente de da\u00f1os adicionales mediante el uso de selladores dentales.<\/strong><\/p>\n\n\n\n<h2 class=\"wp-block-heading\">Etapa 3: Caries de la dentina<\/h2>\n\n\n\n<figure class=\"wp-block-image alignright size-large is-resized\"><img decoding=\"async\" src=\"https:\/\/cemvalderas.es\/dev\/wp-content\/uploads\/2025\/01\/Post-instagram-quote-frase-2-1024x1024.jpg\" alt=\"Caries dental: las 5 etapas y c\u00f3mo tratarlas\" class=\"wp-image-6330\" style=\"width:355px;height:auto\"\/><\/figure>\n\n\n\n<p>Si la caries permanece sin tratar, el esmalte continuar\u00e1 <strong>descomponi\u00e9ndose y pronto la lesi\u00f3n alcanzar\u00e1 la siguiente capa del diente, la dentina. <\/strong>Es m\u00e1s blanda que el esmalte y la caries avanza a un ritmo r\u00e1pido. La dentina tiene muchos t\u00fabulos dentinarios microsc\u00f3picos que proporcionan acceso al n\u00facleo interno del diente que <strong>alberga los nervios y los vasos sangu\u00edneos, la pulpa.<\/strong> Por lo tanto, cuando la caries llega a esta etapa, puede comenzar a experimentar sensibilidad, especialmente al ingerir alimentos o bebidas fr\u00edas, calientes o dulces. En esta etapa, debe realizar una visita al dentista para recibir un tratamiento restaurador (como un empaste), <strong>o la caries puede empeorar y afectar la pulpa del diente.<\/strong><\/p>\n\n\n\n<h2 class=\"wp-block-heading\">Etapa 4: Caries que afectan la pulpa<\/h2>\n\n\n\n<p>Una vez que la caries alcanza la pulpa, habr\u00e1 un dolor significativo. Cuando se da\u00f1a la pulpa, habr\u00e1 inflamaci\u00f3n pulpar y la hinchaz\u00f3n resultante que causa dolor al acostarse debido a la presi\u00f3n ejercida sobre los nervios. Ahora, la \u00fanica forma de salvar el diente natural es someterse a una terapia de conducto radicular. El dentista eliminar\u00e1 la pulpa infectada y sellar\u00e1 el diente durante el procedimiento de conducto radicular. En la actualidad, se indica una corona, que es un dispositivo prot\u00e9sico que cubre el diente, para el diente afectado con el fin de brindar protecci\u00f3n y soporte adicionales.<\/p>\n\n\n\n<h2 class=\"wp-block-heading\">Etapa 5: Formaci\u00f3n de absceso<\/h2>\n\n\n\n<p>En la quinta y \u00faltima etapa de una caries, la infecci\u00f3n progresa a lo largo de la pulpa y llega a la punta de la ra\u00edz, <strong>dando lugar a una bolsa de pus en la punta de la ra\u00edz, llamada absceso.<\/strong> Los abscesos dentales causan un dolor intenso que puede irradiarse a la mand\u00edbula y el o\u00eddo. Tambi\u00e9n pueden presentar hinchaz\u00f3n de las enc\u00edas, la cara o las mand\u00edbulas, ganglios linf\u00e1ticos inflamados e incluso fiebre. Un absceso dental requiere tratamiento inmediato, ya que la infecci\u00f3n puede <strong>extenderse a los tejidos circundantes y puede da\u00f1ar incluso el hueso maxilar<\/strong>. El tratamiento en esta etapa puede implicar una terapia de conducto, la extracci\u00f3n del diente o incluso procedimientos<strong> quir\u00fargicos menores como la apicectom\u00eda.<\/strong><\/p>\n\n\n\n<p>.<\/p>\n\n\n\n<p>En la<strong>&nbsp;<a href=\"https:\/\/cemvalderas.es\/\">Cl\u00ednica Dental Alcorc\u00f3n CEM Valderas<\/a>&nbsp;&nbsp;<\/strong>somos expertos en<strong>&nbsp;<a href=\"https:\/\/cemvalderas.es\/centro-odontologico\/\">tratamientos para tu salud dental<\/a>.&nbsp;<\/strong>Para m\u00e1s informaci\u00f3n no duden en visitar<strong>&nbsp;<a href=\"https:\/\/goo.gl\/maps\/Zt49RVmiHJNs1Kk96\" target=\"_blank\" rel=\"noreferrer noopener\">Centro de Especialidades M\u00e9dicas CEM Valderas<\/a>&nbsp;<\/strong>situado en&nbsp;Alcorc\u00f3n&nbsp;o llamarnos por&nbsp;tel\u00e9fono 912 260 021, estaremos encantados de poder atenderle.<\/p>\n","protected":false},"excerpt":{"rendered":"<p>\u00bfTe han estado molestando los dientes? \u00bfTe est\u00e1n causando dolor? Si es as\u00ed, tus dientes podr\u00edan tener caries. Sin embargo, las caries dentales no siempre comienzan como dolor. Si tienes dolor o sensibilidad dental, podr\u00eda ser un signo de caries dental, una afecci\u00f3n com\u00fan. Pasa por 5 etapas diferentes, desde manchas blancas calc\u00e1reas iniciales hasta [&hellip;]<\/p>\n","protected":false},"author":2,"featured_media":6329,"comment_status":"closed","ping_status":"closed","sticky":false,"template":"","format":"standard","meta":{"footnotes":""},"categories":[132],"tags":[62],"class_list":["post-6327","post","type-post","status-publish","format-standard","has-post-thumbnail","hentry","category-odontologia-general","tag-salud-oral"],"yoast_head":"<!-- This site is optimized with the Yoast SEO plugin v26.8 - https:\/\/yoast.com\/product\/yoast-seo-wordpress\/ -->\n<title>Caries dental: las 5 etapas y c\u00f3mo tratarlas - Clinica Dental CEM Valderas Dentistas Alcorcon<\/title>\n<meta name=\"robots\" content=\"index, follow, max-snippet:-1, max-image-preview:large, max-video-preview:-1\" \/>\n<link rel=\"canonical\" href=\"https:\/\/cemvalderas.es\/dev\/caries-dental-las-5-etapas-y-como-tratarlas\/\" \/>\n<meta property=\"og:locale\" content=\"es_ES\" \/>\n<meta property=\"og:type\" content=\"article\" \/>\n<meta property=\"og:title\" content=\"Caries dental: las 5 etapas y c\u00f3mo tratarlas - Clinica Dental CEM Valderas Dentistas Alcorcon\" \/>\n<meta property=\"og:description\" content=\"\u00bfTe han estado molestando los dientes? \u00bfTe est\u00e1n causando dolor? Si es as\u00ed, tus dientes podr\u00edan tener caries. Sin embargo, las caries dentales no siempre comienzan como dolor. Si tienes dolor o sensibilidad dental, podr\u00eda ser un signo de caries dental, una afecci\u00f3n com\u00fan. Pasa por 5 etapas diferentes, desde manchas blancas calc\u00e1reas iniciales hasta [&hellip;]\" \/>\n<meta property=\"og:url\" content=\"https:\/\/cemvalderas.es\/dev\/caries-dental-las-5-etapas-y-como-tratarlas\/\" \/>\n<meta property=\"og:site_name\" content=\"Clinica Dental CEM Valderas Dentistas Alcorcon\" \/>\n<meta property=\"article:published_time\" content=\"2025-01-29T10:50:44+00:00\" \/>\n<meta property=\"og:image\" content=\"https:\/\/cemvalderas.es\/dev\/wp-content\/uploads\/2025\/01\/Post-instagram-quote-frase-3.jpg\" \/>\n\t<meta property=\"og:image:width\" content=\"1080\" \/>\n\t<meta property=\"og:image:height\" content=\"1080\" \/>\n\t<meta property=\"og:image:type\" content=\"image\/jpeg\" \/>\n<meta name=\"author\" content=\"CEM VALDERAS\" \/>\n<meta name=\"twitter:card\" content=\"summary_large_image\" \/>\n<meta name=\"twitter:label1\" content=\"Escrito por\" \/>\n\t<meta name=\"twitter:data1\" content=\"CEM VALDERAS\" \/>\n\t<meta name=\"twitter:label2\" content=\"Tiempo de lectura\" \/>\n\t<meta name=\"twitter:data2\" content=\"5 minutos\" \/>\n<script type=\"application\/ld+json\" class=\"yoast-schema-graph\">{\"@context\":\"https:\/\/schema.org\",\"@graph\":[{\"@type\":\"Article\",\"@id\":\"https:\/\/cemvalderas.es\/dev\/caries-dental-las-5-etapas-y-como-tratarlas\/#article\",\"isPartOf\":{\"@id\":\"https:\/\/cemvalderas.es\/dev\/caries-dental-las-5-etapas-y-como-tratarlas\/\"},\"author\":{\"name\":\"CEM VALDERAS\",\"@id\":\"https:\/\/cemvalderas.es\/dev\/#\/schema\/person\/57dbaa31b1919508e6803a19cb1dffe5\"},\"headline\":\"Caries dental: las 5 etapas y c\u00f3mo tratarlas\",\"datePublished\":\"2025-01-29T10:50:44+00:00\",\"mainEntityOfPage\":{\"@id\":\"https:\/\/cemvalderas.es\/dev\/caries-dental-las-5-etapas-y-como-tratarlas\/\"},\"wordCount\":984,\"publisher\":{\"@id\":\"https:\/\/cemvalderas.es\/dev\/#organization\"},\"image\":{\"@id\":\"https:\/\/cemvalderas.es\/dev\/caries-dental-las-5-etapas-y-como-tratarlas\/#primaryimage\"},\"thumbnailUrl\":\"https:\/\/cemvalderas.es\/dev\/wp-content\/uploads\/2025\/01\/Post-instagram-quote-frase-3.jpg\",\"keywords\":[\"salud oral\"],\"articleSection\":[\"Odontolog\u00eda General\"],\"inLanguage\":\"es\"},{\"@type\":\"WebPage\",\"@id\":\"https:\/\/cemvalderas.es\/dev\/caries-dental-las-5-etapas-y-como-tratarlas\/\",\"url\":\"https:\/\/cemvalderas.es\/dev\/caries-dental-las-5-etapas-y-como-tratarlas\/\",\"name\":\"Caries dental: las 5 etapas y c\u00f3mo tratarlas - Clinica Dental CEM Valderas Dentistas Alcorcon\",\"isPartOf\":{\"@id\":\"https:\/\/cemvalderas.es\/dev\/#website\"},\"primaryImageOfPage\":{\"@id\":\"https:\/\/cemvalderas.es\/dev\/caries-dental-las-5-etapas-y-como-tratarlas\/#primaryimage\"},\"image\":{\"@id\":\"https:\/\/cemvalderas.es\/dev\/caries-dental-las-5-etapas-y-como-tratarlas\/#primaryimage\"},\"thumbnailUrl\":\"https:\/\/cemvalderas.es\/dev\/wp-content\/uploads\/2025\/01\/Post-instagram-quote-frase-3.jpg\",\"datePublished\":\"2025-01-29T10:50:44+00:00\",\"breadcrumb\":{\"@id\":\"https:\/\/cemvalderas.es\/dev\/caries-dental-las-5-etapas-y-como-tratarlas\/#breadcrumb\"},\"inLanguage\":\"es\",\"potentialAction\":[{\"@type\":\"ReadAction\",\"target\":[\"https:\/\/cemvalderas.es\/dev\/caries-dental-las-5-etapas-y-como-tratarlas\/\"]}]},{\"@type\":\"ImageObject\",\"inLanguage\":\"es\",\"@id\":\"https:\/\/cemvalderas.es\/dev\/caries-dental-las-5-etapas-y-como-tratarlas\/#primaryimage\",\"url\":\"https:\/\/cemvalderas.es\/dev\/wp-content\/uploads\/2025\/01\/Post-instagram-quote-frase-3.jpg\",\"contentUrl\":\"https:\/\/cemvalderas.es\/dev\/wp-content\/uploads\/2025\/01\/Post-instagram-quote-frase-3.jpg\",\"width\":1080,\"height\":1080,\"caption\":\"Caries dental: las 5 etapas y c\u00f3mo tratarlas\"},{\"@type\":\"BreadcrumbList\",\"@id\":\"https:\/\/cemvalderas.es\/dev\/caries-dental-las-5-etapas-y-como-tratarlas\/#breadcrumb\",\"itemListElement\":[{\"@type\":\"ListItem\",\"position\":1,\"name\":\"Portada\",\"item\":\"https:\/\/cemvalderas.es\/dev\/\"},{\"@type\":\"ListItem\",\"position\":2,\"name\":\"Caries dental: las 5 etapas y c\u00f3mo tratarlas\"}]},{\"@type\":\"WebSite\",\"@id\":\"https:\/\/cemvalderas.es\/dev\/#website\",\"url\":\"https:\/\/cemvalderas.es\/dev\/\",\"name\":\"Clinica Dental CEM Valderas Dentistas Alcorcon\",\"description\":\"Los mejores tratamientos odontol\u00f3gicos, sin dolor. Vuelve a sonre\u00edr sin que te duela el bolsillo\",\"publisher\":{\"@id\":\"https:\/\/cemvalderas.es\/dev\/#organization\"},\"potentialAction\":[{\"@type\":\"SearchAction\",\"target\":{\"@type\":\"EntryPoint\",\"urlTemplate\":\"https:\/\/cemvalderas.es\/dev\/?s={search_term_string}\"},\"query-input\":{\"@type\":\"PropertyValueSpecification\",\"valueRequired\":true,\"valueName\":\"search_term_string\"}}],\"inLanguage\":\"es\"},{\"@type\":\"Organization\",\"@id\":\"https:\/\/cemvalderas.es\/dev\/#organization\",\"name\":\"Clinica Dental CEM Valderas Dentistas Alcorcon\",\"url\":\"https:\/\/cemvalderas.es\/dev\/\",\"logo\":{\"@type\":\"ImageObject\",\"inLanguage\":\"es\",\"@id\":\"https:\/\/cemvalderas.es\/dev\/#\/schema\/logo\/image\/\",\"url\":\"https:\/\/cemvalderas.es\/dev\/wp-content\/uploads\/2025\/09\/12c4595b090208224e9ca0e24fddb595.png\",\"contentUrl\":\"https:\/\/cemvalderas.es\/dev\/wp-content\/uploads\/2025\/09\/12c4595b090208224e9ca0e24fddb595.png\",\"width\":229,\"height\":44,\"caption\":\"Clinica Dental CEM Valderas Dentistas Alcorcon\"},\"image\":{\"@id\":\"https:\/\/cemvalderas.es\/dev\/#\/schema\/logo\/image\/\"}},{\"@type\":\"Person\",\"@id\":\"https:\/\/cemvalderas.es\/dev\/#\/schema\/person\/57dbaa31b1919508e6803a19cb1dffe5\",\"name\":\"CEM VALDERAS\",\"image\":{\"@type\":\"ImageObject\",\"inLanguage\":\"es\",\"@id\":\"https:\/\/cemvalderas.es\/dev\/#\/schema\/person\/image\/\",\"url\":\"https:\/\/secure.gravatar.com\/avatar\/a0b795c992935e775c0fb2c4f6336e5d4d1d8485fa70c9a9407bd42e6450a864?s=96&d=mm&r=g\",\"contentUrl\":\"https:\/\/secure.gravatar.com\/avatar\/a0b795c992935e775c0fb2c4f6336e5d4d1d8485fa70c9a9407bd42e6450a864?s=96&d=mm&r=g\",\"caption\":\"CEM VALDERAS\"},\"url\":\"https:\/\/cemvalderas.es\/dev\/author\/oroldanv75\/\"}]}<\/script>\n<!-- \/ Yoast SEO plugin. -->","yoast_head_json":{"title":"Caries dental: las 5 etapas y c\u00f3mo tratarlas - Clinica Dental CEM Valderas Dentistas Alcorcon","robots":{"index":"index","follow":"follow","max-snippet":"max-snippet:-1","max-image-preview":"max-image-preview:large","max-video-preview":"max-video-preview:-1"},"canonical":"https:\/\/cemvalderas.es\/dev\/caries-dental-las-5-etapas-y-como-tratarlas\/","og_locale":"es_ES","og_type":"article","og_title":"Caries dental: las 5 etapas y c\u00f3mo tratarlas - Clinica Dental CEM Valderas Dentistas Alcorcon","og_description":"\u00bfTe han estado molestando los dientes? \u00bfTe est\u00e1n causando dolor? Si es as\u00ed, tus dientes podr\u00edan tener caries. Sin embargo, las caries dentales no siempre comienzan como dolor. Si tienes dolor o sensibilidad dental, podr\u00eda ser un signo de caries dental, una afecci\u00f3n com\u00fan. Pasa por 5 etapas diferentes, desde manchas blancas calc\u00e1reas iniciales hasta [&hellip;]","og_url":"https:\/\/cemvalderas.es\/dev\/caries-dental-las-5-etapas-y-como-tratarlas\/","og_site_name":"Clinica Dental CEM Valderas Dentistas Alcorcon","article_published_time":"2025-01-29T10:50:44+00:00","og_image":[{"width":1080,"height":1080,"url":"https:\/\/cemvalderas.es\/dev\/wp-content\/uploads\/2025\/01\/Post-instagram-quote-frase-3.jpg","type":"image\/jpeg"}],"author":"CEM VALDERAS","twitter_card":"summary_large_image","twitter_misc":{"Escrito por":"CEM VALDERAS","Tiempo de lectura":"5 minutos"},"schema":{"@context":"https:\/\/schema.org","@graph":[{"@type":"Article","@id":"https:\/\/cemvalderas.es\/dev\/caries-dental-las-5-etapas-y-como-tratarlas\/#article","isPartOf":{"@id":"https:\/\/cemvalderas.es\/dev\/caries-dental-las-5-etapas-y-como-tratarlas\/"},"author":{"name":"CEM VALDERAS","@id":"https:\/\/cemvalderas.es\/dev\/#\/schema\/person\/57dbaa31b1919508e6803a19cb1dffe5"},"headline":"Caries dental: las 5 etapas y c\u00f3mo tratarlas","datePublished":"2025-01-29T10:50:44+00:00","mainEntityOfPage":{"@id":"https:\/\/cemvalderas.es\/dev\/caries-dental-las-5-etapas-y-como-tratarlas\/"},"wordCount":984,"publisher":{"@id":"https:\/\/cemvalderas.es\/dev\/#organization"},"image":{"@id":"https:\/\/cemvalderas.es\/dev\/caries-dental-las-5-etapas-y-como-tratarlas\/#primaryimage"},"thumbnailUrl":"https:\/\/cemvalderas.es\/dev\/wp-content\/uploads\/2025\/01\/Post-instagram-quote-frase-3.jpg","keywords":["salud oral"],"articleSection":["Odontolog\u00eda General"],"inLanguage":"es"},{"@type":"WebPage","@id":"https:\/\/cemvalderas.es\/dev\/caries-dental-las-5-etapas-y-como-tratarlas\/","url":"https:\/\/cemvalderas.es\/dev\/caries-dental-las-5-etapas-y-como-tratarlas\/","name":"Caries dental: las 5 etapas y c\u00f3mo tratarlas - Clinica Dental CEM Valderas Dentistas Alcorcon","isPartOf":{"@id":"https:\/\/cemvalderas.es\/dev\/#website"},"primaryImageOfPage":{"@id":"https:\/\/cemvalderas.es\/dev\/caries-dental-las-5-etapas-y-como-tratarlas\/#primaryimage"},"image":{"@id":"https:\/\/cemvalderas.es\/dev\/caries-dental-las-5-etapas-y-como-tratarlas\/#primaryimage"},"thumbnailUrl":"https:\/\/cemvalderas.es\/dev\/wp-content\/uploads\/2025\/01\/Post-instagram-quote-frase-3.jpg","datePublished":"2025-01-29T10:50:44+00:00","breadcrumb":{"@id":"https:\/\/cemvalderas.es\/dev\/caries-dental-las-5-etapas-y-como-tratarlas\/#breadcrumb"},"inLanguage":"es","potentialAction":[{"@type":"ReadAction","target":["https:\/\/cemvalderas.es\/dev\/caries-dental-las-5-etapas-y-como-tratarlas\/"]}]},{"@type":"ImageObject","inLanguage":"es","@id":"https:\/\/cemvalderas.es\/dev\/caries-dental-las-5-etapas-y-como-tratarlas\/#primaryimage","url":"https:\/\/cemvalderas.es\/dev\/wp-content\/uploads\/2025\/01\/Post-instagram-quote-frase-3.jpg","contentUrl":"https:\/\/cemvalderas.es\/dev\/wp-content\/uploads\/2025\/01\/Post-instagram-quote-frase-3.jpg","width":1080,"height":1080,"caption":"Caries dental: las 5 etapas y c\u00f3mo tratarlas"},{"@type":"BreadcrumbList","@id":"https:\/\/cemvalderas.es\/dev\/caries-dental-las-5-etapas-y-como-tratarlas\/#breadcrumb","itemListElement":[{"@type":"ListItem","position":1,"name":"Portada","item":"https:\/\/cemvalderas.es\/dev\/"},{"@type":"ListItem","position":2,"name":"Caries dental: las 5 etapas y c\u00f3mo tratarlas"}]},{"@type":"WebSite","@id":"https:\/\/cemvalderas.es\/dev\/#website","url":"https:\/\/cemvalderas.es\/dev\/","name":"Clinica Dental CEM Valderas Dentistas Alcorcon","description":"Los mejores tratamientos odontol\u00f3gicos, sin dolor. Vuelve a sonre\u00edr sin que te duela el bolsillo","publisher":{"@id":"https:\/\/cemvalderas.es\/dev\/#organization"},"potentialAction":[{"@type":"SearchAction","target":{"@type":"EntryPoint","urlTemplate":"https:\/\/cemvalderas.es\/dev\/?s={search_term_string}"},"query-input":{"@type":"PropertyValueSpecification","valueRequired":true,"valueName":"search_term_string"}}],"inLanguage":"es"},{"@type":"Organization","@id":"https:\/\/cemvalderas.es\/dev\/#organization","name":"Clinica Dental CEM Valderas Dentistas Alcorcon","url":"https:\/\/cemvalderas.es\/dev\/","logo":{"@type":"ImageObject","inLanguage":"es","@id":"https:\/\/cemvalderas.es\/dev\/#\/schema\/logo\/image\/","url":"https:\/\/cemvalderas.es\/dev\/wp-content\/uploads\/2025\/09\/12c4595b090208224e9ca0e24fddb595.png","contentUrl":"https:\/\/cemvalderas.es\/dev\/wp-content\/uploads\/2025\/09\/12c4595b090208224e9ca0e24fddb595.png","width":229,"height":44,"caption":"Clinica Dental CEM Valderas Dentistas Alcorcon"},"image":{"@id":"https:\/\/cemvalderas.es\/dev\/#\/schema\/logo\/image\/"}},{"@type":"Person","@id":"https:\/\/cemvalderas.es\/dev\/#\/schema\/person\/57dbaa31b1919508e6803a19cb1dffe5","name":"CEM VALDERAS","image":{"@type":"ImageObject","inLanguage":"es","@id":"https:\/\/cemvalderas.es\/dev\/#\/schema\/person\/image\/","url":"https:\/\/secure.gravatar.com\/avatar\/a0b795c992935e775c0fb2c4f6336e5d4d1d8485fa70c9a9407bd42e6450a864?s=96&d=mm&r=g","contentUrl":"https:\/\/secure.gravatar.com\/avatar\/a0b795c992935e775c0fb2c4f6336e5d4d1d8485fa70c9a9407bd42e6450a864?s=96&d=mm&r=g","caption":"CEM VALDERAS"},"url":"https:\/\/cemvalderas.es\/dev\/author\/oroldanv75\/"}]}},"_links":{"self":[{"href":"https:\/\/cemvalderas.es\/dev\/wp-json\/wp\/v2\/posts\/6327","targetHints":{"allow":["GET"]}}],"collection":[{"href":"https:\/\/cemvalderas.es\/dev\/wp-json\/wp\/v2\/posts"}],"about":[{"href":"https:\/\/cemvalderas.es\/dev\/wp-json\/wp\/v2\/types\/post"}],"author":[{"embeddable":true,"href":"https:\/\/cemvalderas.es\/dev\/wp-json\/wp\/v2\/users\/2"}],"replies":[{"embeddable":true,"href":"https:\/\/cemvalderas.es\/dev\/wp-json\/wp\/v2\/comments?post=6327"}],"version-history":[{"count":0,"href":"https:\/\/cemvalderas.es\/dev\/wp-json\/wp\/v2\/posts\/6327\/revisions"}],"wp:featuredmedia":[{"embeddable":true,"href":"https:\/\/cemvalderas.es\/dev\/wp-json\/wp\/v2\/media\/6329"}],"wp:attachment":[{"href":"https:\/\/cemvalderas.es\/dev\/wp-json\/wp\/v2\/media?parent=6327"}],"wp:term":[{"taxonomy":"category","embeddable":true,"href":"https:\/\/cemvalderas.es\/dev\/wp-json\/wp\/v2\/categories?post=6327"},{"taxonomy":"post_tag","embeddable":true,"href":"https:\/\/cemvalderas.es\/dev\/wp-json\/wp\/v2\/tags?post=6327"}],"curies":[{"name":"wp","href":"https:\/\/api.w.org\/{rel}","templated":true}]}}