{"id":6222,"date":"2024-12-19T10:05:54","date_gmt":"2024-12-19T10:05:54","guid":{"rendered":"https:\/\/cemvalderas.es\/?p=6222"},"modified":"2024-12-19T10:05:54","modified_gmt":"2024-12-19T10:05:54","slug":"5-pasos-para-curar-las-enfermedades-de-las-encias","status":"publish","type":"post","link":"https:\/\/cemvalderas.es\/dev\/5-pasos-para-curar-las-enfermedades-de-las-encias\/","title":{"rendered":"5 pasos para curar las enfermedades de las enc\u00edas"},"content":{"rendered":"\n<p>Las enfermedades de las enc\u00edas como la<strong> periodontitis o la gingivitis <\/strong>son muy comunes entre la poblaci\u00f3n espa\u00f1ola, y representan una de las principales causas de p\u00e9rdida de<strong> piezas dentales a partir de los 35 a\u00f1os.<\/strong> Sin embargo, estos problemas de las enc\u00edas no siempre son evidentes, ya que no suelen causar dolor y los pacientes no suelen notar la inflamaci\u00f3n a menos que sean <strong>diagnosticados por un especialista, el periodoncista.<\/strong><\/p>\n\n\n\n<h2 class=\"wp-block-heading\">Paso 1: Diagn\u00f3stico<\/h2>\n\n\n\n<figure class=\"wp-block-image alignright size-large is-resized\"><img fetchpriority=\"high\" decoding=\"async\" width=\"1024\" height=\"1024\" src=\"https:\/\/cemvalderas.es\/dev\/wp-content\/uploads\/2024\/12\/E-45-1024x1024.jpg\" alt=\"5 pasos para curar las enfermedades de las enc\u00edas\" class=\"wp-image-6225\" style=\"width:380px;height:auto\" srcset=\"https:\/\/cemvalderas.es\/dev\/wp-content\/uploads\/2024\/12\/E-45-1024x1024.jpg 1024w, https:\/\/cemvalderas.es\/dev\/wp-content\/uploads\/2024\/12\/E-45-300x300.jpg 300w, https:\/\/cemvalderas.es\/dev\/wp-content\/uploads\/2024\/12\/E-45-150x150.jpg 150w, https:\/\/cemvalderas.es\/dev\/wp-content\/uploads\/2024\/12\/E-45-768x768.jpg 768w, https:\/\/cemvalderas.es\/dev\/wp-content\/uploads\/2024\/12\/E-45-700x700.jpg 700w, https:\/\/cemvalderas.es\/dev\/wp-content\/uploads\/2024\/12\/E-45.jpg 1080w\" sizes=\"(max-width: 1024px) 100vw, 1024px\" \/><\/figure>\n\n\n\n<p>Uno de los pasos m\u00e1s importantes para curar las enc\u00edas es <strong>distinguir entre periodontitis y gingivitis.<\/strong> Para ello, recomendamos acudir a un centro especializado que cuente con periodoncistas para realizar radiograf\u00edas y un examen, que es<strong> fundamental para un correcto diagn\u00f3stico.<\/strong><\/p>\n\n\n\n<h2 class=\"wp-block-heading\">Paso 2: Tratamiento profesional<\/h2>\n\n\n\n<p>Una vez detectada la enfermedad, es importante realizar un <strong>buen tratamiento de las enc\u00edas.<\/strong> El periodoncista realizar\u00e1 una desinfecci\u00f3n en profundidad indolora para eliminar todas las bacterias que se encuentran en el interior de las enc\u00edas, y este <strong>tratamiento debe repetirse cada 4-6 meses para evitar la reactivaci\u00f3n de la enfermedad.<\/strong><\/p>\n\n\n\n<h2 class=\"wp-block-heading\">Paso 3: Cepillado dental<\/h2>\n\n\n\n<p>Cepillarse los dientes correctamente es el paso <strong>m\u00e1s importante y eficaz para curar las enc\u00edas.<\/strong> Hay que hacerlo tres veces al d\u00eda durante unos tres minutos y hay que repasar todas las superficies de los dientes. Lo mejor es que un profesional te <strong>ense\u00f1e a hacerlo correctamente.<\/strong><\/p>\n\n\n\n<h2 class=\"wp-block-heading\">Paso 4: Cepillado interdental o hilo dental<\/h2>\n\n\n\n<figure class=\"wp-block-image alignright size-large is-resized\"><img decoding=\"async\" width=\"1024\" height=\"1024\" src=\"https:\/\/cemvalderas.es\/dev\/wp-content\/uploads\/2024\/12\/E-44-1024x1024.jpg\" alt=\"5 pasos para curar las enfermedades de las enc\u00edas\" class=\"wp-image-6226\" style=\"width:377px;height:auto\" srcset=\"https:\/\/cemvalderas.es\/dev\/wp-content\/uploads\/2024\/12\/E-44-1024x1024.jpg 1024w, https:\/\/cemvalderas.es\/dev\/wp-content\/uploads\/2024\/12\/E-44-300x300.jpg 300w, https:\/\/cemvalderas.es\/dev\/wp-content\/uploads\/2024\/12\/E-44-150x150.jpg 150w, https:\/\/cemvalderas.es\/dev\/wp-content\/uploads\/2024\/12\/E-44-768x768.jpg 768w, https:\/\/cemvalderas.es\/dev\/wp-content\/uploads\/2024\/12\/E-44-700x700.jpg 700w, https:\/\/cemvalderas.es\/dev\/wp-content\/uploads\/2024\/12\/E-44.jpg 1080w\" sizes=\"(max-width: 1024px) 100vw, 1024px\" \/><\/figure>\n\n\n\n<p>Muchos pacientes se olvidan de cepillarse los dientes con cepillos interdentales o hilo dental. Este es un paso fundamental para <strong>curar las enfermedades de las enc\u00edas<\/strong>, hay que realizarlo dos veces al d\u00eda y tanto el cepillo interdental como el hilo dental deben rozar realmente los dientes, <strong>no s\u00f3lo pasar por los huecos entre los mismos.<\/strong><\/p>\n\n\n\n<h2 class=\"wp-block-heading\">Paso 5: Colutorio y pasta de dientes<\/h2>\n\n\n\n<p>Son un complemento del cepillado, pero nunca deben<strong> considerarse un tratamiento independiente<\/strong>, ya que para que sean eficaces es necesario haber eliminado previamente las bacterias de los dientes mediante el cepillado y una <strong>desinfecci\u00f3n profesional en profundidad de las enc\u00edas.<\/strong><\/p>\n\n\n\n<p>Como ves, cuidar bien las enc\u00edas no es complicado,<strong> pero s\u00ed requiere constancia y regularidad.<\/strong> Si sospechas que tus enc\u00edas pueden estar afectadas por alguno de estos problemas, te animamos a que nos visites y, sin compromiso a nada, realizaremos un <strong>an\u00e1lisis exhaustivo para informarte.<\/strong><\/p>\n\n\n\n<p>.<\/p>\n\n\n\n<p>En la<strong>&nbsp;<a href=\"https:\/\/cemvalderas.es\/\">Cl\u00ednica Dental Alcorc\u00f3n CEM Valderas<\/a>&nbsp;&nbsp;<\/strong>somos expertos en<strong>&nbsp;<a href=\"https:\/\/cemvalderas.es\/centro-odontologico\/\">tratamientos para tu salud dental<\/a>.&nbsp;<\/strong>Para m\u00e1s informaci\u00f3n no duden en visitar<strong>&nbsp;<a href=\"https:\/\/goo.gl\/maps\/Zt49RVmiHJNs1Kk96\" target=\"_blank\" rel=\"noreferrer noopener\">Centro de Especialidades M\u00e9dicas CEM Valderas<\/a>&nbsp;<\/strong>situado en&nbsp;Alcorc\u00f3n&nbsp;o llamarnos por&nbsp;tel\u00e9fono 912 260 021, estaremos encantados de poder atenderle.<\/p>\n","protected":false},"excerpt":{"rendered":"<p>Las enfermedades de las enc\u00edas como la periodontitis o la gingivitis son muy comunes entre la poblaci\u00f3n espa\u00f1ola, y representan una de las principales causas de p\u00e9rdida de piezas dentales a partir de los 35 a\u00f1os. Sin embargo, estos problemas de las enc\u00edas no siempre son evidentes, ya que no suelen causar dolor y los [&hellip;]<\/p>\n","protected":false},"author":2,"featured_media":6224,"comment_status":"closed","ping_status":"closed","sticky":false,"template":"","format":"standard","meta":{"footnotes":""},"categories":[13],"tags":[62],"class_list":["post-6222","post","type-post","status-publish","format-standard","has-post-thumbnail","hentry","category-blog-cem-valderas","tag-salud-oral"],"yoast_head":"<!-- This site is optimized with the Yoast SEO plugin v26.8 - https:\/\/yoast.com\/product\/yoast-seo-wordpress\/ -->\n<title>5 pasos para curar las enfermedades de las enc\u00edas - Clinica Dental CEM Valderas Dentistas Alcorcon<\/title>\n<meta name=\"robots\" content=\"index, follow, max-snippet:-1, max-image-preview:large, max-video-preview:-1\" \/>\n<link rel=\"canonical\" href=\"https:\/\/cemvalderas.es\/dev\/5-pasos-para-curar-las-enfermedades-de-las-encias\/\" \/>\n<meta property=\"og:locale\" content=\"es_ES\" \/>\n<meta property=\"og:type\" content=\"article\" \/>\n<meta property=\"og:title\" content=\"5 pasos para curar las enfermedades de las enc\u00edas - Clinica Dental CEM Valderas Dentistas Alcorcon\" \/>\n<meta property=\"og:description\" content=\"Las enfermedades de las enc\u00edas como la periodontitis o la gingivitis son muy comunes entre la poblaci\u00f3n espa\u00f1ola, y representan una de las principales causas de p\u00e9rdida de piezas dentales a partir de los 35 a\u00f1os. Sin embargo, estos problemas de las enc\u00edas no siempre son evidentes, ya que no suelen causar dolor y los [&hellip;]\" \/>\n<meta property=\"og:url\" content=\"https:\/\/cemvalderas.es\/dev\/5-pasos-para-curar-las-enfermedades-de-las-encias\/\" \/>\n<meta property=\"og:site_name\" content=\"Clinica Dental CEM Valderas Dentistas Alcorcon\" \/>\n<meta property=\"article:published_time\" content=\"2024-12-19T10:05:54+00:00\" \/>\n<meta property=\"og:image\" content=\"https:\/\/cemvalderas.es\/dev\/wp-content\/uploads\/2024\/12\/E-46.jpg\" \/>\n\t<meta property=\"og:image:width\" content=\"1080\" \/>\n\t<meta property=\"og:image:height\" content=\"1080\" \/>\n\t<meta property=\"og:image:type\" content=\"image\/jpeg\" \/>\n<meta name=\"author\" content=\"CEM VALDERAS\" \/>\n<meta name=\"twitter:card\" content=\"summary_large_image\" \/>\n<meta name=\"twitter:label1\" content=\"Escrito por\" \/>\n\t<meta name=\"twitter:data1\" content=\"CEM VALDERAS\" \/>\n\t<meta name=\"twitter:label2\" content=\"Tiempo de lectura\" \/>\n\t<meta name=\"twitter:data2\" content=\"3 minutos\" \/>\n<script type=\"application\/ld+json\" class=\"yoast-schema-graph\">{\"@context\":\"https:\/\/schema.org\",\"@graph\":[{\"@type\":\"Article\",\"@id\":\"https:\/\/cemvalderas.es\/dev\/5-pasos-para-curar-las-enfermedades-de-las-encias\/#article\",\"isPartOf\":{\"@id\":\"https:\/\/cemvalderas.es\/dev\/5-pasos-para-curar-las-enfermedades-de-las-encias\/\"},\"author\":{\"name\":\"CEM VALDERAS\",\"@id\":\"https:\/\/cemvalderas.es\/dev\/#\/schema\/person\/57dbaa31b1919508e6803a19cb1dffe5\"},\"headline\":\"5 pasos para curar las enfermedades de las enc\u00edas\",\"datePublished\":\"2024-12-19T10:05:54+00:00\",\"mainEntityOfPage\":{\"@id\":\"https:\/\/cemvalderas.es\/dev\/5-pasos-para-curar-las-enfermedades-de-las-encias\/\"},\"wordCount\":464,\"publisher\":{\"@id\":\"https:\/\/cemvalderas.es\/dev\/#organization\"},\"image\":{\"@id\":\"https:\/\/cemvalderas.es\/dev\/5-pasos-para-curar-las-enfermedades-de-las-encias\/#primaryimage\"},\"thumbnailUrl\":\"https:\/\/cemvalderas.es\/dev\/wp-content\/uploads\/2024\/12\/E-46.jpg\",\"keywords\":[\"salud oral\"],\"articleSection\":[\"Blog CEM Valderas\"],\"inLanguage\":\"es\"},{\"@type\":\"WebPage\",\"@id\":\"https:\/\/cemvalderas.es\/dev\/5-pasos-para-curar-las-enfermedades-de-las-encias\/\",\"url\":\"https:\/\/cemvalderas.es\/dev\/5-pasos-para-curar-las-enfermedades-de-las-encias\/\",\"name\":\"5 pasos para curar las enfermedades de las enc\u00edas - Clinica Dental CEM Valderas Dentistas Alcorcon\",\"isPartOf\":{\"@id\":\"https:\/\/cemvalderas.es\/dev\/#website\"},\"primaryImageOfPage\":{\"@id\":\"https:\/\/cemvalderas.es\/dev\/5-pasos-para-curar-las-enfermedades-de-las-encias\/#primaryimage\"},\"image\":{\"@id\":\"https:\/\/cemvalderas.es\/dev\/5-pasos-para-curar-las-enfermedades-de-las-encias\/#primaryimage\"},\"thumbnailUrl\":\"https:\/\/cemvalderas.es\/dev\/wp-content\/uploads\/2024\/12\/E-46.jpg\",\"datePublished\":\"2024-12-19T10:05:54+00:00\",\"breadcrumb\":{\"@id\":\"https:\/\/cemvalderas.es\/dev\/5-pasos-para-curar-las-enfermedades-de-las-encias\/#breadcrumb\"},\"inLanguage\":\"es\",\"potentialAction\":[{\"@type\":\"ReadAction\",\"target\":[\"https:\/\/cemvalderas.es\/dev\/5-pasos-para-curar-las-enfermedades-de-las-encias\/\"]}]},{\"@type\":\"ImageObject\",\"inLanguage\":\"es\",\"@id\":\"https:\/\/cemvalderas.es\/dev\/5-pasos-para-curar-las-enfermedades-de-las-encias\/#primaryimage\",\"url\":\"https:\/\/cemvalderas.es\/dev\/wp-content\/uploads\/2024\/12\/E-46.jpg\",\"contentUrl\":\"https:\/\/cemvalderas.es\/dev\/wp-content\/uploads\/2024\/12\/E-46.jpg\",\"width\":1080,\"height\":1080,\"caption\":\"5 pasos para curar las enfermedades de las enc\u00edas\"},{\"@type\":\"BreadcrumbList\",\"@id\":\"https:\/\/cemvalderas.es\/dev\/5-pasos-para-curar-las-enfermedades-de-las-encias\/#breadcrumb\",\"itemListElement\":[{\"@type\":\"ListItem\",\"position\":1,\"name\":\"Portada\",\"item\":\"https:\/\/cemvalderas.es\/dev\/\"},{\"@type\":\"ListItem\",\"position\":2,\"name\":\"5 pasos para curar las enfermedades de las enc\u00edas\"}]},{\"@type\":\"WebSite\",\"@id\":\"https:\/\/cemvalderas.es\/dev\/#website\",\"url\":\"https:\/\/cemvalderas.es\/dev\/\",\"name\":\"Clinica Dental CEM Valderas Dentistas Alcorcon\",\"description\":\"Los mejores tratamientos odontol\u00f3gicos, sin dolor. Vuelve a sonre\u00edr sin que te duela el bolsillo\",\"publisher\":{\"@id\":\"https:\/\/cemvalderas.es\/dev\/#organization\"},\"potentialAction\":[{\"@type\":\"SearchAction\",\"target\":{\"@type\":\"EntryPoint\",\"urlTemplate\":\"https:\/\/cemvalderas.es\/dev\/?s={search_term_string}\"},\"query-input\":{\"@type\":\"PropertyValueSpecification\",\"valueRequired\":true,\"valueName\":\"search_term_string\"}}],\"inLanguage\":\"es\"},{\"@type\":\"Organization\",\"@id\":\"https:\/\/cemvalderas.es\/dev\/#organization\",\"name\":\"Clinica Dental CEM Valderas Dentistas Alcorcon\",\"url\":\"https:\/\/cemvalderas.es\/dev\/\",\"logo\":{\"@type\":\"ImageObject\",\"inLanguage\":\"es\",\"@id\":\"https:\/\/cemvalderas.es\/dev\/#\/schema\/logo\/image\/\",\"url\":\"https:\/\/cemvalderas.es\/dev\/wp-content\/uploads\/2025\/09\/12c4595b090208224e9ca0e24fddb595.png\",\"contentUrl\":\"https:\/\/cemvalderas.es\/dev\/wp-content\/uploads\/2025\/09\/12c4595b090208224e9ca0e24fddb595.png\",\"width\":229,\"height\":44,\"caption\":\"Clinica Dental CEM Valderas Dentistas Alcorcon\"},\"image\":{\"@id\":\"https:\/\/cemvalderas.es\/dev\/#\/schema\/logo\/image\/\"}},{\"@type\":\"Person\",\"@id\":\"https:\/\/cemvalderas.es\/dev\/#\/schema\/person\/57dbaa31b1919508e6803a19cb1dffe5\",\"name\":\"CEM VALDERAS\",\"image\":{\"@type\":\"ImageObject\",\"inLanguage\":\"es\",\"@id\":\"https:\/\/cemvalderas.es\/dev\/#\/schema\/person\/image\/\",\"url\":\"https:\/\/secure.gravatar.com\/avatar\/a0b795c992935e775c0fb2c4f6336e5d4d1d8485fa70c9a9407bd42e6450a864?s=96&d=mm&r=g\",\"contentUrl\":\"https:\/\/secure.gravatar.com\/avatar\/a0b795c992935e775c0fb2c4f6336e5d4d1d8485fa70c9a9407bd42e6450a864?s=96&d=mm&r=g\",\"caption\":\"CEM VALDERAS\"},\"url\":\"https:\/\/cemvalderas.es\/dev\/author\/oroldanv75\/\"}]}<\/script>\n<!-- \/ Yoast SEO plugin. -->","yoast_head_json":{"title":"5 pasos para curar las enfermedades de las enc\u00edas - Clinica Dental CEM Valderas Dentistas Alcorcon","robots":{"index":"index","follow":"follow","max-snippet":"max-snippet:-1","max-image-preview":"max-image-preview:large","max-video-preview":"max-video-preview:-1"},"canonical":"https:\/\/cemvalderas.es\/dev\/5-pasos-para-curar-las-enfermedades-de-las-encias\/","og_locale":"es_ES","og_type":"article","og_title":"5 pasos para curar las enfermedades de las enc\u00edas - Clinica Dental CEM Valderas Dentistas Alcorcon","og_description":"Las enfermedades de las enc\u00edas como la periodontitis o la gingivitis son muy comunes entre la poblaci\u00f3n espa\u00f1ola, y representan una de las principales causas de p\u00e9rdida de piezas dentales a partir de los 35 a\u00f1os. Sin embargo, estos problemas de las enc\u00edas no siempre son evidentes, ya que no suelen causar dolor y los [&hellip;]","og_url":"https:\/\/cemvalderas.es\/dev\/5-pasos-para-curar-las-enfermedades-de-las-encias\/","og_site_name":"Clinica Dental CEM Valderas Dentistas Alcorcon","article_published_time":"2024-12-19T10:05:54+00:00","og_image":[{"width":1080,"height":1080,"url":"https:\/\/cemvalderas.es\/dev\/wp-content\/uploads\/2024\/12\/E-46.jpg","type":"image\/jpeg"}],"author":"CEM VALDERAS","twitter_card":"summary_large_image","twitter_misc":{"Escrito por":"CEM VALDERAS","Tiempo de lectura":"3 minutos"},"schema":{"@context":"https:\/\/schema.org","@graph":[{"@type":"Article","@id":"https:\/\/cemvalderas.es\/dev\/5-pasos-para-curar-las-enfermedades-de-las-encias\/#article","isPartOf":{"@id":"https:\/\/cemvalderas.es\/dev\/5-pasos-para-curar-las-enfermedades-de-las-encias\/"},"author":{"name":"CEM VALDERAS","@id":"https:\/\/cemvalderas.es\/dev\/#\/schema\/person\/57dbaa31b1919508e6803a19cb1dffe5"},"headline":"5 pasos para curar las enfermedades de las enc\u00edas","datePublished":"2024-12-19T10:05:54+00:00","mainEntityOfPage":{"@id":"https:\/\/cemvalderas.es\/dev\/5-pasos-para-curar-las-enfermedades-de-las-encias\/"},"wordCount":464,"publisher":{"@id":"https:\/\/cemvalderas.es\/dev\/#organization"},"image":{"@id":"https:\/\/cemvalderas.es\/dev\/5-pasos-para-curar-las-enfermedades-de-las-encias\/#primaryimage"},"thumbnailUrl":"https:\/\/cemvalderas.es\/dev\/wp-content\/uploads\/2024\/12\/E-46.jpg","keywords":["salud oral"],"articleSection":["Blog CEM Valderas"],"inLanguage":"es"},{"@type":"WebPage","@id":"https:\/\/cemvalderas.es\/dev\/5-pasos-para-curar-las-enfermedades-de-las-encias\/","url":"https:\/\/cemvalderas.es\/dev\/5-pasos-para-curar-las-enfermedades-de-las-encias\/","name":"5 pasos para curar las enfermedades de las enc\u00edas - Clinica Dental CEM Valderas Dentistas Alcorcon","isPartOf":{"@id":"https:\/\/cemvalderas.es\/dev\/#website"},"primaryImageOfPage":{"@id":"https:\/\/cemvalderas.es\/dev\/5-pasos-para-curar-las-enfermedades-de-las-encias\/#primaryimage"},"image":{"@id":"https:\/\/cemvalderas.es\/dev\/5-pasos-para-curar-las-enfermedades-de-las-encias\/#primaryimage"},"thumbnailUrl":"https:\/\/cemvalderas.es\/dev\/wp-content\/uploads\/2024\/12\/E-46.jpg","datePublished":"2024-12-19T10:05:54+00:00","breadcrumb":{"@id":"https:\/\/cemvalderas.es\/dev\/5-pasos-para-curar-las-enfermedades-de-las-encias\/#breadcrumb"},"inLanguage":"es","potentialAction":[{"@type":"ReadAction","target":["https:\/\/cemvalderas.es\/dev\/5-pasos-para-curar-las-enfermedades-de-las-encias\/"]}]},{"@type":"ImageObject","inLanguage":"es","@id":"https:\/\/cemvalderas.es\/dev\/5-pasos-para-curar-las-enfermedades-de-las-encias\/#primaryimage","url":"https:\/\/cemvalderas.es\/dev\/wp-content\/uploads\/2024\/12\/E-46.jpg","contentUrl":"https:\/\/cemvalderas.es\/dev\/wp-content\/uploads\/2024\/12\/E-46.jpg","width":1080,"height":1080,"caption":"5 pasos para curar las enfermedades de las enc\u00edas"},{"@type":"BreadcrumbList","@id":"https:\/\/cemvalderas.es\/dev\/5-pasos-para-curar-las-enfermedades-de-las-encias\/#breadcrumb","itemListElement":[{"@type":"ListItem","position":1,"name":"Portada","item":"https:\/\/cemvalderas.es\/dev\/"},{"@type":"ListItem","position":2,"name":"5 pasos para curar las enfermedades de las enc\u00edas"}]},{"@type":"WebSite","@id":"https:\/\/cemvalderas.es\/dev\/#website","url":"https:\/\/cemvalderas.es\/dev\/","name":"Clinica Dental CEM Valderas Dentistas Alcorcon","description":"Los mejores tratamientos odontol\u00f3gicos, sin dolor. Vuelve a sonre\u00edr sin que te duela el bolsillo","publisher":{"@id":"https:\/\/cemvalderas.es\/dev\/#organization"},"potentialAction":[{"@type":"SearchAction","target":{"@type":"EntryPoint","urlTemplate":"https:\/\/cemvalderas.es\/dev\/?s={search_term_string}"},"query-input":{"@type":"PropertyValueSpecification","valueRequired":true,"valueName":"search_term_string"}}],"inLanguage":"es"},{"@type":"Organization","@id":"https:\/\/cemvalderas.es\/dev\/#organization","name":"Clinica Dental CEM Valderas Dentistas Alcorcon","url":"https:\/\/cemvalderas.es\/dev\/","logo":{"@type":"ImageObject","inLanguage":"es","@id":"https:\/\/cemvalderas.es\/dev\/#\/schema\/logo\/image\/","url":"https:\/\/cemvalderas.es\/dev\/wp-content\/uploads\/2025\/09\/12c4595b090208224e9ca0e24fddb595.png","contentUrl":"https:\/\/cemvalderas.es\/dev\/wp-content\/uploads\/2025\/09\/12c4595b090208224e9ca0e24fddb595.png","width":229,"height":44,"caption":"Clinica Dental CEM Valderas Dentistas Alcorcon"},"image":{"@id":"https:\/\/cemvalderas.es\/dev\/#\/schema\/logo\/image\/"}},{"@type":"Person","@id":"https:\/\/cemvalderas.es\/dev\/#\/schema\/person\/57dbaa31b1919508e6803a19cb1dffe5","name":"CEM VALDERAS","image":{"@type":"ImageObject","inLanguage":"es","@id":"https:\/\/cemvalderas.es\/dev\/#\/schema\/person\/image\/","url":"https:\/\/secure.gravatar.com\/avatar\/a0b795c992935e775c0fb2c4f6336e5d4d1d8485fa70c9a9407bd42e6450a864?s=96&d=mm&r=g","contentUrl":"https:\/\/secure.gravatar.com\/avatar\/a0b795c992935e775c0fb2c4f6336e5d4d1d8485fa70c9a9407bd42e6450a864?s=96&d=mm&r=g","caption":"CEM VALDERAS"},"url":"https:\/\/cemvalderas.es\/dev\/author\/oroldanv75\/"}]}},"_links":{"self":[{"href":"https:\/\/cemvalderas.es\/dev\/wp-json\/wp\/v2\/posts\/6222","targetHints":{"allow":["GET"]}}],"collection":[{"href":"https:\/\/cemvalderas.es\/dev\/wp-json\/wp\/v2\/posts"}],"about":[{"href":"https:\/\/cemvalderas.es\/dev\/wp-json\/wp\/v2\/types\/post"}],"author":[{"embeddable":true,"href":"https:\/\/cemvalderas.es\/dev\/wp-json\/wp\/v2\/users\/2"}],"replies":[{"embeddable":true,"href":"https:\/\/cemvalderas.es\/dev\/wp-json\/wp\/v2\/comments?post=6222"}],"version-history":[{"count":0,"href":"https:\/\/cemvalderas.es\/dev\/wp-json\/wp\/v2\/posts\/6222\/revisions"}],"wp:featuredmedia":[{"embeddable":true,"href":"https:\/\/cemvalderas.es\/dev\/wp-json\/wp\/v2\/media\/6224"}],"wp:attachment":[{"href":"https:\/\/cemvalderas.es\/dev\/wp-json\/wp\/v2\/media?parent=6222"}],"wp:term":[{"taxonomy":"category","embeddable":true,"href":"https:\/\/cemvalderas.es\/dev\/wp-json\/wp\/v2\/categories?post=6222"},{"taxonomy":"post_tag","embeddable":true,"href":"https:\/\/cemvalderas.es\/dev\/wp-json\/wp\/v2\/tags?post=6222"}],"curies":[{"name":"wp","href":"https:\/\/api.w.org\/{rel}","templated":true}]}}