{"id":6139,"date":"2024-10-24T08:08:29","date_gmt":"2024-10-24T08:08:29","guid":{"rendered":"https:\/\/cemvalderas.es\/?p=6139"},"modified":"2024-10-24T08:08:29","modified_gmt":"2024-10-24T08:08:29","slug":"tu-lengua-y-tu-salud-bucal","status":"publish","type":"post","link":"https:\/\/cemvalderas.es\/dev\/tu-lengua-y-tu-salud-bucal\/","title":{"rendered":"Tu lengua y tu salud bucal"},"content":{"rendered":"\n<p>Cuando tienes mal sabor de boca, te cepillas los dientes,<strong> usas hilo dental y quiz\u00e1s un enjuague bucal. <\/strong>Pero, \u00bfqu\u00e9 pasa con tu lengua? Una buena higiene bucal incluye la salud de este <strong>\u00f3rgano que a menudo se descuida.<\/strong><\/p>\n\n\n\n<p>Muchos problemas de salud pueden manifestarse en la lengua,<strong> como la halitosis (mal aliento cr\u00f3nico) y la enfermedad de las enc\u00edas<\/strong>, pero el estado de la lengua tambi\u00e9n puede ser un indicador de otros problemas, como infecciones por <strong>hongos, c\u00e1ncer o dificultades para hablar y comer.<\/strong><\/p>\n\n\n\n<p>Si tienes la lengua dolorida, hinchada o con un color, sensaci\u00f3n o patr\u00f3n inusual, es importante que la revises, ya que puede ser un <strong>s\u00edntoma de un problema subyacente.<\/strong><\/p>\n\n\n\n<h2 class=\"wp-block-heading\">Revisa tu lengua como parte de tu revisi\u00f3n<\/h2>\n\n\n\n<p>El examen de la lengua es parte de nuestra <strong>revisi\u00f3n de salud bucal de rutina.<\/strong> El c\u00e1ncer oral generalmente se encuentra en los lados<strong> laterales de la lengua, por lo que revisamos eso.<\/strong><\/p>\n\n\n\n<figure class=\"wp-block-image alignright size-large is-resized\"><img fetchpriority=\"high\" decoding=\"async\" width=\"1024\" height=\"1024\" src=\"https:\/\/cemvalderas.es\/dev\/wp-content\/uploads\/2024\/10\/Diseno-sin-titulo-2024-10-17T095353.781-1024x1024.jpg\" alt=\"Tu lengua y tu salud bucal\" class=\"wp-image-6143\" style=\"width:350px;height:auto\" srcset=\"https:\/\/cemvalderas.es\/dev\/wp-content\/uploads\/2024\/10\/Diseno-sin-titulo-2024-10-17T095353.781-1024x1024.jpg 1024w, https:\/\/cemvalderas.es\/dev\/wp-content\/uploads\/2024\/10\/Diseno-sin-titulo-2024-10-17T095353.781-300x300.jpg 300w, https:\/\/cemvalderas.es\/dev\/wp-content\/uploads\/2024\/10\/Diseno-sin-titulo-2024-10-17T095353.781-150x150.jpg 150w, https:\/\/cemvalderas.es\/dev\/wp-content\/uploads\/2024\/10\/Diseno-sin-titulo-2024-10-17T095353.781-768x768.jpg 768w, https:\/\/cemvalderas.es\/dev\/wp-content\/uploads\/2024\/10\/Diseno-sin-titulo-2024-10-17T095353.781-700x700.jpg 700w, https:\/\/cemvalderas.es\/dev\/wp-content\/uploads\/2024\/10\/Diseno-sin-titulo-2024-10-17T095353.781.jpg 1080w\" sizes=\"(max-width: 1024px) 100vw, 1024px\" \/><\/figure>\n\n\n\n<p>El tama\u00f1o de la <strong>lengua tambi\u00e9n es importante.<\/strong> A veces, las lenguas grandes (macroglosia) pueden indicar un problema de ronquidos y problemas relacionados con la apnea del sue\u00f1o, ya que la hinchaz\u00f3n <strong>bloquea el paso del aire<\/strong>. Las <strong>marcas de mordeduras en el costado de la lengua <\/strong>indican que se mastica o se rechinan los dientes, por lo que pueden ser peque\u00f1as se\u00f1ales de que alguien puede estar rechinando o apretando los dientes, <strong>lo que puede indicar problemas como el estr\u00e9s.<\/strong><\/p>\n\n\n\n<p>Un cambio en el color de la lengua puede indicar ciertas<strong> deficiencias vitam\u00ednicas, irritaci\u00f3n o malas elecciones de estilo de vida, como fumar o consumo excesivo de alcohol. <\/strong>El dolor de lengua tiene muchas causas posibles, desde papilas gustativas inflamadas, herpes oral o una infecci\u00f3n, hasta anemia o incluso diabetes. Cualquier cambio o inquietud debe ser comentada con <strong>tu m\u00e9dico para que la examine m\u00e1s a fondo.<\/strong><\/p>\n\n\n\n<h2 class=\"wp-block-heading\">Qu\u00e9 est\u00e1 pasando en tu boca<\/h2>\n\n\n\n<p>Hay miles de millones de bacterias viviendo en tu boca en cualquier momento, lo cual es importante para la salud bucal y de la lengua, sin embargo, algunas de las <strong>bacterias en tu lengua pueden causar mal aliento.<\/strong> Una lengua \u00absobria\u00bb indica la presencia de bacterias da\u00f1inas, restos de comida, toxinas, hongos y c\u00e9lulas muertas, que no desaparecen con el <strong>simple cepillado de los dientes.<\/strong><\/p>\n\n\n\n<figure class=\"wp-block-image alignright size-large is-resized\"><img decoding=\"async\" width=\"1024\" height=\"1024\" src=\"https:\/\/cemvalderas.es\/dev\/wp-content\/uploads\/2024\/10\/Diseno-sin-titulo-2024-10-17T095431.356-1024x1024.jpg\" alt=\"Tu lengua y tu salud bucal\" class=\"wp-image-6141\" style=\"width:354px;height:auto\" srcset=\"https:\/\/cemvalderas.es\/dev\/wp-content\/uploads\/2024\/10\/Diseno-sin-titulo-2024-10-17T095431.356-1024x1024.jpg 1024w, https:\/\/cemvalderas.es\/dev\/wp-content\/uploads\/2024\/10\/Diseno-sin-titulo-2024-10-17T095431.356-300x300.jpg 300w, https:\/\/cemvalderas.es\/dev\/wp-content\/uploads\/2024\/10\/Diseno-sin-titulo-2024-10-17T095431.356-150x150.jpg 150w, https:\/\/cemvalderas.es\/dev\/wp-content\/uploads\/2024\/10\/Diseno-sin-titulo-2024-10-17T095431.356-768x768.jpg 768w, https:\/\/cemvalderas.es\/dev\/wp-content\/uploads\/2024\/10\/Diseno-sin-titulo-2024-10-17T095431.356-700x700.jpg 700w, https:\/\/cemvalderas.es\/dev\/wp-content\/uploads\/2024\/10\/Diseno-sin-titulo-2024-10-17T095431.356.jpg 1080w\" sizes=\"(max-width: 1024px) 100vw, 1024px\" \/><\/figure>\n\n\n\n<p>Por lo tanto, el raspado de la lengua deber\u00eda formar parte de su rutina habitual de limpieza de dientes. Puede encontrar <strong>raspadores espec\u00edficos en forma de U <\/strong>en algunas farmacias o en Internet, pero si no los consigue f\u00e1cilmente, puede probar un cepillo de <strong>dientes comercial con un \u00ablimpiador de lengua\u00bb en la parte posterior<\/strong>. Es mejor que no usar nada. La simple acci\u00f3n de usar las cerdas para cepillarse la lengua es \u00fatil y siempre es importante no ser demasiado duro con la lengua. No importa lo que uses, hazo con cuidado, ya que el <strong>raspado en\u00e9rgico puede causar irritaci\u00f3n y \u00falceras.<\/strong><\/p>\n\n\n\n<p>La prevenci\u00f3n es siempre la mejor medida, por lo que incorporar la limpieza de la lengua a tus h\u00e1bitos de higiene <strong>beneficiar\u00e1 tu salud bucal en general.<\/strong><\/p>\n\n\n\n<p>.<\/p>\n\n\n\n<p>.<\/p>\n\n\n\n<p>En la<strong>&nbsp;<a href=\"https:\/\/cemvalderas.es\/\">Cl\u00ednica Dental Alcorc\u00f3n CEM Valderas<\/a>&nbsp;&nbsp;<\/strong>somos expertos en<strong>&nbsp;<a href=\"https:\/\/cemvalderas.es\/centro-odontologico\/\">tratamientos para tu salud dental<\/a>.&nbsp;<\/strong>Para m\u00e1s informaci\u00f3n no duden en visitar<strong>&nbsp;<a href=\"https:\/\/goo.gl\/maps\/Zt49RVmiHJNs1Kk96\" target=\"_blank\" rel=\"noreferrer noopener\">Centro de Especialidades M\u00e9dicas CEM Valderas<\/a>&nbsp;<\/strong>situado en&nbsp;Alcorc\u00f3n&nbsp;o llamarnos por&nbsp;tel\u00e9fono 912 260 021, estaremos encantados de poder atenderle.<\/p>\n","protected":false},"excerpt":{"rendered":"<p>Cuando tienes mal sabor de boca, te cepillas los dientes, usas hilo dental y quiz\u00e1s un enjuague bucal. Pero, \u00bfqu\u00e9 pasa con tu lengua? Una buena higiene bucal incluye la salud de este \u00f3rgano que a menudo se descuida. Muchos problemas de salud pueden manifestarse en la lengua, como la halitosis (mal aliento cr\u00f3nico) y [&hellip;]<\/p>\n","protected":false},"author":2,"featured_media":6142,"comment_status":"closed","ping_status":"closed","sticky":false,"template":"","format":"standard","meta":{"footnotes":""},"categories":[132],"tags":[62],"class_list":["post-6139","post","type-post","status-publish","format-standard","has-post-thumbnail","hentry","category-odontologia-general","tag-salud-oral"],"yoast_head":"<!-- This site is optimized with the Yoast SEO plugin v26.8 - https:\/\/yoast.com\/product\/yoast-seo-wordpress\/ -->\n<title>Tu lengua y tu salud bucal - Clinica Dental CEM Valderas Dentistas Alcorcon<\/title>\n<meta name=\"robots\" content=\"index, follow, max-snippet:-1, max-image-preview:large, max-video-preview:-1\" \/>\n<link rel=\"canonical\" href=\"https:\/\/cemvalderas.es\/dev\/tu-lengua-y-tu-salud-bucal\/\" \/>\n<meta property=\"og:locale\" content=\"es_ES\" \/>\n<meta property=\"og:type\" content=\"article\" \/>\n<meta property=\"og:title\" content=\"Tu lengua y tu salud bucal - Clinica Dental CEM Valderas Dentistas Alcorcon\" \/>\n<meta property=\"og:description\" content=\"Cuando tienes mal sabor de boca, te cepillas los dientes, usas hilo dental y quiz\u00e1s un enjuague bucal. Pero, \u00bfqu\u00e9 pasa con tu lengua? Una buena higiene bucal incluye la salud de este \u00f3rgano que a menudo se descuida. Muchos problemas de salud pueden manifestarse en la lengua, como la halitosis (mal aliento cr\u00f3nico) y [&hellip;]\" \/>\n<meta property=\"og:url\" content=\"https:\/\/cemvalderas.es\/dev\/tu-lengua-y-tu-salud-bucal\/\" \/>\n<meta property=\"og:site_name\" content=\"Clinica Dental CEM Valderas Dentistas Alcorcon\" \/>\n<meta property=\"article:published_time\" content=\"2024-10-24T08:08:29+00:00\" \/>\n<meta property=\"og:image\" content=\"https:\/\/cemvalderas.es\/dev\/wp-content\/uploads\/2024\/10\/Diseno-sin-titulo-2024-10-17T095412.998.jpg\" \/>\n\t<meta property=\"og:image:width\" content=\"1080\" \/>\n\t<meta property=\"og:image:height\" content=\"1080\" \/>\n\t<meta property=\"og:image:type\" content=\"image\/jpeg\" \/>\n<meta name=\"author\" content=\"CEM VALDERAS\" \/>\n<meta name=\"twitter:card\" content=\"summary_large_image\" \/>\n<meta name=\"twitter:label1\" content=\"Escrito por\" \/>\n\t<meta name=\"twitter:data1\" content=\"CEM VALDERAS\" \/>\n\t<meta name=\"twitter:label2\" content=\"Tiempo de lectura\" \/>\n\t<meta name=\"twitter:data2\" content=\"4 minutos\" \/>\n<script type=\"application\/ld+json\" class=\"yoast-schema-graph\">{\"@context\":\"https:\/\/schema.org\",\"@graph\":[{\"@type\":\"Article\",\"@id\":\"https:\/\/cemvalderas.es\/dev\/tu-lengua-y-tu-salud-bucal\/#article\",\"isPartOf\":{\"@id\":\"https:\/\/cemvalderas.es\/dev\/tu-lengua-y-tu-salud-bucal\/\"},\"author\":{\"name\":\"CEM VALDERAS\",\"@id\":\"https:\/\/cemvalderas.es\/dev\/#\/schema\/person\/57dbaa31b1919508e6803a19cb1dffe5\"},\"headline\":\"Tu lengua y tu salud bucal\",\"datePublished\":\"2024-10-24T08:08:29+00:00\",\"mainEntityOfPage\":{\"@id\":\"https:\/\/cemvalderas.es\/dev\/tu-lengua-y-tu-salud-bucal\/\"},\"wordCount\":600,\"publisher\":{\"@id\":\"https:\/\/cemvalderas.es\/dev\/#organization\"},\"image\":{\"@id\":\"https:\/\/cemvalderas.es\/dev\/tu-lengua-y-tu-salud-bucal\/#primaryimage\"},\"thumbnailUrl\":\"https:\/\/cemvalderas.es\/dev\/wp-content\/uploads\/2024\/10\/Diseno-sin-titulo-2024-10-17T095412.998.jpg\",\"keywords\":[\"salud oral\"],\"articleSection\":[\"Odontolog\u00eda General\"],\"inLanguage\":\"es\"},{\"@type\":\"WebPage\",\"@id\":\"https:\/\/cemvalderas.es\/dev\/tu-lengua-y-tu-salud-bucal\/\",\"url\":\"https:\/\/cemvalderas.es\/dev\/tu-lengua-y-tu-salud-bucal\/\",\"name\":\"Tu lengua y tu salud bucal - Clinica Dental CEM Valderas Dentistas Alcorcon\",\"isPartOf\":{\"@id\":\"https:\/\/cemvalderas.es\/dev\/#website\"},\"primaryImageOfPage\":{\"@id\":\"https:\/\/cemvalderas.es\/dev\/tu-lengua-y-tu-salud-bucal\/#primaryimage\"},\"image\":{\"@id\":\"https:\/\/cemvalderas.es\/dev\/tu-lengua-y-tu-salud-bucal\/#primaryimage\"},\"thumbnailUrl\":\"https:\/\/cemvalderas.es\/dev\/wp-content\/uploads\/2024\/10\/Diseno-sin-titulo-2024-10-17T095412.998.jpg\",\"datePublished\":\"2024-10-24T08:08:29+00:00\",\"breadcrumb\":{\"@id\":\"https:\/\/cemvalderas.es\/dev\/tu-lengua-y-tu-salud-bucal\/#breadcrumb\"},\"inLanguage\":\"es\",\"potentialAction\":[{\"@type\":\"ReadAction\",\"target\":[\"https:\/\/cemvalderas.es\/dev\/tu-lengua-y-tu-salud-bucal\/\"]}]},{\"@type\":\"ImageObject\",\"inLanguage\":\"es\",\"@id\":\"https:\/\/cemvalderas.es\/dev\/tu-lengua-y-tu-salud-bucal\/#primaryimage\",\"url\":\"https:\/\/cemvalderas.es\/dev\/wp-content\/uploads\/2024\/10\/Diseno-sin-titulo-2024-10-17T095412.998.jpg\",\"contentUrl\":\"https:\/\/cemvalderas.es\/dev\/wp-content\/uploads\/2024\/10\/Diseno-sin-titulo-2024-10-17T095412.998.jpg\",\"width\":1080,\"height\":1080,\"caption\":\"Tu lengua y tu salud bucal\"},{\"@type\":\"BreadcrumbList\",\"@id\":\"https:\/\/cemvalderas.es\/dev\/tu-lengua-y-tu-salud-bucal\/#breadcrumb\",\"itemListElement\":[{\"@type\":\"ListItem\",\"position\":1,\"name\":\"Portada\",\"item\":\"https:\/\/cemvalderas.es\/dev\/\"},{\"@type\":\"ListItem\",\"position\":2,\"name\":\"Tu lengua y tu salud bucal\"}]},{\"@type\":\"WebSite\",\"@id\":\"https:\/\/cemvalderas.es\/dev\/#website\",\"url\":\"https:\/\/cemvalderas.es\/dev\/\",\"name\":\"Clinica Dental CEM Valderas Dentistas Alcorcon\",\"description\":\"Los mejores tratamientos odontol\u00f3gicos, sin dolor. Vuelve a sonre\u00edr sin que te duela el bolsillo\",\"publisher\":{\"@id\":\"https:\/\/cemvalderas.es\/dev\/#organization\"},\"potentialAction\":[{\"@type\":\"SearchAction\",\"target\":{\"@type\":\"EntryPoint\",\"urlTemplate\":\"https:\/\/cemvalderas.es\/dev\/?s={search_term_string}\"},\"query-input\":{\"@type\":\"PropertyValueSpecification\",\"valueRequired\":true,\"valueName\":\"search_term_string\"}}],\"inLanguage\":\"es\"},{\"@type\":\"Organization\",\"@id\":\"https:\/\/cemvalderas.es\/dev\/#organization\",\"name\":\"Clinica Dental CEM Valderas Dentistas Alcorcon\",\"url\":\"https:\/\/cemvalderas.es\/dev\/\",\"logo\":{\"@type\":\"ImageObject\",\"inLanguage\":\"es\",\"@id\":\"https:\/\/cemvalderas.es\/dev\/#\/schema\/logo\/image\/\",\"url\":\"https:\/\/cemvalderas.es\/dev\/wp-content\/uploads\/2025\/09\/12c4595b090208224e9ca0e24fddb595.png\",\"contentUrl\":\"https:\/\/cemvalderas.es\/dev\/wp-content\/uploads\/2025\/09\/12c4595b090208224e9ca0e24fddb595.png\",\"width\":229,\"height\":44,\"caption\":\"Clinica Dental CEM Valderas Dentistas Alcorcon\"},\"image\":{\"@id\":\"https:\/\/cemvalderas.es\/dev\/#\/schema\/logo\/image\/\"}},{\"@type\":\"Person\",\"@id\":\"https:\/\/cemvalderas.es\/dev\/#\/schema\/person\/57dbaa31b1919508e6803a19cb1dffe5\",\"name\":\"CEM VALDERAS\",\"image\":{\"@type\":\"ImageObject\",\"inLanguage\":\"es\",\"@id\":\"https:\/\/cemvalderas.es\/dev\/#\/schema\/person\/image\/\",\"url\":\"https:\/\/secure.gravatar.com\/avatar\/a0b795c992935e775c0fb2c4f6336e5d4d1d8485fa70c9a9407bd42e6450a864?s=96&d=mm&r=g\",\"contentUrl\":\"https:\/\/secure.gravatar.com\/avatar\/a0b795c992935e775c0fb2c4f6336e5d4d1d8485fa70c9a9407bd42e6450a864?s=96&d=mm&r=g\",\"caption\":\"CEM VALDERAS\"},\"url\":\"https:\/\/cemvalderas.es\/dev\/author\/oroldanv75\/\"}]}<\/script>\n<!-- \/ Yoast SEO plugin. -->","yoast_head_json":{"title":"Tu lengua y tu salud bucal - Clinica Dental CEM Valderas Dentistas Alcorcon","robots":{"index":"index","follow":"follow","max-snippet":"max-snippet:-1","max-image-preview":"max-image-preview:large","max-video-preview":"max-video-preview:-1"},"canonical":"https:\/\/cemvalderas.es\/dev\/tu-lengua-y-tu-salud-bucal\/","og_locale":"es_ES","og_type":"article","og_title":"Tu lengua y tu salud bucal - Clinica Dental CEM Valderas Dentistas Alcorcon","og_description":"Cuando tienes mal sabor de boca, te cepillas los dientes, usas hilo dental y quiz\u00e1s un enjuague bucal. Pero, \u00bfqu\u00e9 pasa con tu lengua? Una buena higiene bucal incluye la salud de este \u00f3rgano que a menudo se descuida. Muchos problemas de salud pueden manifestarse en la lengua, como la halitosis (mal aliento cr\u00f3nico) y [&hellip;]","og_url":"https:\/\/cemvalderas.es\/dev\/tu-lengua-y-tu-salud-bucal\/","og_site_name":"Clinica Dental CEM Valderas Dentistas Alcorcon","article_published_time":"2024-10-24T08:08:29+00:00","og_image":[{"width":1080,"height":1080,"url":"https:\/\/cemvalderas.es\/dev\/wp-content\/uploads\/2024\/10\/Diseno-sin-titulo-2024-10-17T095412.998.jpg","type":"image\/jpeg"}],"author":"CEM VALDERAS","twitter_card":"summary_large_image","twitter_misc":{"Escrito por":"CEM VALDERAS","Tiempo de lectura":"4 minutos"},"schema":{"@context":"https:\/\/schema.org","@graph":[{"@type":"Article","@id":"https:\/\/cemvalderas.es\/dev\/tu-lengua-y-tu-salud-bucal\/#article","isPartOf":{"@id":"https:\/\/cemvalderas.es\/dev\/tu-lengua-y-tu-salud-bucal\/"},"author":{"name":"CEM VALDERAS","@id":"https:\/\/cemvalderas.es\/dev\/#\/schema\/person\/57dbaa31b1919508e6803a19cb1dffe5"},"headline":"Tu lengua y tu salud bucal","datePublished":"2024-10-24T08:08:29+00:00","mainEntityOfPage":{"@id":"https:\/\/cemvalderas.es\/dev\/tu-lengua-y-tu-salud-bucal\/"},"wordCount":600,"publisher":{"@id":"https:\/\/cemvalderas.es\/dev\/#organization"},"image":{"@id":"https:\/\/cemvalderas.es\/dev\/tu-lengua-y-tu-salud-bucal\/#primaryimage"},"thumbnailUrl":"https:\/\/cemvalderas.es\/dev\/wp-content\/uploads\/2024\/10\/Diseno-sin-titulo-2024-10-17T095412.998.jpg","keywords":["salud oral"],"articleSection":["Odontolog\u00eda General"],"inLanguage":"es"},{"@type":"WebPage","@id":"https:\/\/cemvalderas.es\/dev\/tu-lengua-y-tu-salud-bucal\/","url":"https:\/\/cemvalderas.es\/dev\/tu-lengua-y-tu-salud-bucal\/","name":"Tu lengua y tu salud bucal - Clinica Dental CEM Valderas Dentistas Alcorcon","isPartOf":{"@id":"https:\/\/cemvalderas.es\/dev\/#website"},"primaryImageOfPage":{"@id":"https:\/\/cemvalderas.es\/dev\/tu-lengua-y-tu-salud-bucal\/#primaryimage"},"image":{"@id":"https:\/\/cemvalderas.es\/dev\/tu-lengua-y-tu-salud-bucal\/#primaryimage"},"thumbnailUrl":"https:\/\/cemvalderas.es\/dev\/wp-content\/uploads\/2024\/10\/Diseno-sin-titulo-2024-10-17T095412.998.jpg","datePublished":"2024-10-24T08:08:29+00:00","breadcrumb":{"@id":"https:\/\/cemvalderas.es\/dev\/tu-lengua-y-tu-salud-bucal\/#breadcrumb"},"inLanguage":"es","potentialAction":[{"@type":"ReadAction","target":["https:\/\/cemvalderas.es\/dev\/tu-lengua-y-tu-salud-bucal\/"]}]},{"@type":"ImageObject","inLanguage":"es","@id":"https:\/\/cemvalderas.es\/dev\/tu-lengua-y-tu-salud-bucal\/#primaryimage","url":"https:\/\/cemvalderas.es\/dev\/wp-content\/uploads\/2024\/10\/Diseno-sin-titulo-2024-10-17T095412.998.jpg","contentUrl":"https:\/\/cemvalderas.es\/dev\/wp-content\/uploads\/2024\/10\/Diseno-sin-titulo-2024-10-17T095412.998.jpg","width":1080,"height":1080,"caption":"Tu lengua y tu salud bucal"},{"@type":"BreadcrumbList","@id":"https:\/\/cemvalderas.es\/dev\/tu-lengua-y-tu-salud-bucal\/#breadcrumb","itemListElement":[{"@type":"ListItem","position":1,"name":"Portada","item":"https:\/\/cemvalderas.es\/dev\/"},{"@type":"ListItem","position":2,"name":"Tu lengua y tu salud bucal"}]},{"@type":"WebSite","@id":"https:\/\/cemvalderas.es\/dev\/#website","url":"https:\/\/cemvalderas.es\/dev\/","name":"Clinica Dental CEM Valderas Dentistas Alcorcon","description":"Los mejores tratamientos odontol\u00f3gicos, sin dolor. Vuelve a sonre\u00edr sin que te duela el bolsillo","publisher":{"@id":"https:\/\/cemvalderas.es\/dev\/#organization"},"potentialAction":[{"@type":"SearchAction","target":{"@type":"EntryPoint","urlTemplate":"https:\/\/cemvalderas.es\/dev\/?s={search_term_string}"},"query-input":{"@type":"PropertyValueSpecification","valueRequired":true,"valueName":"search_term_string"}}],"inLanguage":"es"},{"@type":"Organization","@id":"https:\/\/cemvalderas.es\/dev\/#organization","name":"Clinica Dental CEM Valderas Dentistas Alcorcon","url":"https:\/\/cemvalderas.es\/dev\/","logo":{"@type":"ImageObject","inLanguage":"es","@id":"https:\/\/cemvalderas.es\/dev\/#\/schema\/logo\/image\/","url":"https:\/\/cemvalderas.es\/dev\/wp-content\/uploads\/2025\/09\/12c4595b090208224e9ca0e24fddb595.png","contentUrl":"https:\/\/cemvalderas.es\/dev\/wp-content\/uploads\/2025\/09\/12c4595b090208224e9ca0e24fddb595.png","width":229,"height":44,"caption":"Clinica Dental CEM Valderas Dentistas Alcorcon"},"image":{"@id":"https:\/\/cemvalderas.es\/dev\/#\/schema\/logo\/image\/"}},{"@type":"Person","@id":"https:\/\/cemvalderas.es\/dev\/#\/schema\/person\/57dbaa31b1919508e6803a19cb1dffe5","name":"CEM VALDERAS","image":{"@type":"ImageObject","inLanguage":"es","@id":"https:\/\/cemvalderas.es\/dev\/#\/schema\/person\/image\/","url":"https:\/\/secure.gravatar.com\/avatar\/a0b795c992935e775c0fb2c4f6336e5d4d1d8485fa70c9a9407bd42e6450a864?s=96&d=mm&r=g","contentUrl":"https:\/\/secure.gravatar.com\/avatar\/a0b795c992935e775c0fb2c4f6336e5d4d1d8485fa70c9a9407bd42e6450a864?s=96&d=mm&r=g","caption":"CEM VALDERAS"},"url":"https:\/\/cemvalderas.es\/dev\/author\/oroldanv75\/"}]}},"_links":{"self":[{"href":"https:\/\/cemvalderas.es\/dev\/wp-json\/wp\/v2\/posts\/6139","targetHints":{"allow":["GET"]}}],"collection":[{"href":"https:\/\/cemvalderas.es\/dev\/wp-json\/wp\/v2\/posts"}],"about":[{"href":"https:\/\/cemvalderas.es\/dev\/wp-json\/wp\/v2\/types\/post"}],"author":[{"embeddable":true,"href":"https:\/\/cemvalderas.es\/dev\/wp-json\/wp\/v2\/users\/2"}],"replies":[{"embeddable":true,"href":"https:\/\/cemvalderas.es\/dev\/wp-json\/wp\/v2\/comments?post=6139"}],"version-history":[{"count":0,"href":"https:\/\/cemvalderas.es\/dev\/wp-json\/wp\/v2\/posts\/6139\/revisions"}],"wp:featuredmedia":[{"embeddable":true,"href":"https:\/\/cemvalderas.es\/dev\/wp-json\/wp\/v2\/media\/6142"}],"wp:attachment":[{"href":"https:\/\/cemvalderas.es\/dev\/wp-json\/wp\/v2\/media?parent=6139"}],"wp:term":[{"taxonomy":"category","embeddable":true,"href":"https:\/\/cemvalderas.es\/dev\/wp-json\/wp\/v2\/categories?post=6139"},{"taxonomy":"post_tag","embeddable":true,"href":"https:\/\/cemvalderas.es\/dev\/wp-json\/wp\/v2\/tags?post=6139"}],"curies":[{"name":"wp","href":"https:\/\/api.w.org\/{rel}","templated":true}]}}