{"id":6009,"date":"2024-08-22T08:49:06","date_gmt":"2024-08-22T08:49:06","guid":{"rendered":"https:\/\/cemvalderas.es\/?p=6009"},"modified":"2024-08-22T08:49:06","modified_gmt":"2024-08-22T08:49:06","slug":"la-conexion-entre-la-diabetes-y-la-salud-dental","status":"publish","type":"post","link":"https:\/\/cemvalderas.es\/dev\/la-conexion-entre-la-diabetes-y-la-salud-dental\/","title":{"rendered":"La conexi\u00f3n entre la diabetes y la salud dental"},"content":{"rendered":"\n<p><p>La diabetes es una de una serie de afecciones de salud que pueden <strong>dificultar el mantenimiento de una buena salud bucal.<\/strong> Se ha demostrado que tanto la diabetes tipo I como la diabetes<\/p>\n<p><img fetchpriority=\"high\" decoding=\"async\" class=\"size-medium wp-image-6015 alignright\" style=\"font-weight: bold;\" src=\"https:\/\/cemvalderas.es\/dev\/wp-content\/uploads\/2024\/07\/Diseno-sin-titulo-2024-07-17T104306.278-300x300.jpg\" alt=\"salud bucal y la diabetes\" width=\"300\" height=\"300\" srcset=\"https:\/\/cemvalderas.es\/dev\/wp-content\/uploads\/2024\/07\/Diseno-sin-titulo-2024-07-17T104306.278-300x300.jpg 300w, https:\/\/cemvalderas.es\/dev\/wp-content\/uploads\/2024\/07\/Diseno-sin-titulo-2024-07-17T104306.278-1024x1024.jpg 1024w, https:\/\/cemvalderas.es\/dev\/wp-content\/uploads\/2024\/07\/Diseno-sin-titulo-2024-07-17T104306.278-150x150.jpg 150w, https:\/\/cemvalderas.es\/dev\/wp-content\/uploads\/2024\/07\/Diseno-sin-titulo-2024-07-17T104306.278-768x768.jpg 768w, https:\/\/cemvalderas.es\/dev\/wp-content\/uploads\/2024\/07\/Diseno-sin-titulo-2024-07-17T104306.278-700x700.jpg 700w, https:\/\/cemvalderas.es\/dev\/wp-content\/uploads\/2024\/07\/Diseno-sin-titulo-2024-07-17T104306.278.jpg 1080w\" sizes=\"(max-width: 300px) 100vw, 300px\" \/><\/p>\n<p>&nbsp;tipo II aumentan el riesgo de <strong>enfermedades de las enc\u00edas, caries e infecciones f\u00fangicas en la boca.<\/strong> Los pacientes con diabetes pueden beneficiarse de ser proactivos con respecto a su salud bucal controlando cuidadosamente el nivel de glucosa en sus sistemas y siendo diligentes con la higiene bucal. A veces tambi\u00e9n se sugieren visitas adicionales para estos pacientes para garantizar que se vigile de cerca cualquier <strong>problema de salud bucal que puedan tener.<\/strong><\/p>\n<p><img alt=\"\"><\/p><\/p>\n\n\n\n\n\n<p><h2>Los efectos de la diabetes en la salud bucal<\/h2><\/p>\n\n\n\n<p>Uno de los efectos principales de la diabetes es reducir la capacidad del cuerpo para <strong>combatir infecciones al suprimir el sistema inmunol\u00f3gico.<\/strong> Como resultado, los pacientes con diabetes pueden tener m\u00e1s dificultades para<strong> combatir las infecciones f\u00fangicas y bacterianas en la boca.<\/strong> La candidiasis es una dolencia com\u00fan que sufren los pacientes con diabetes, as\u00ed como los pacientes que padecen otras afecciones m\u00e9dicas. Adem\u00e1s, los diab\u00e9ticos suelen producir menos saliva que aquellos con niveles normales de control de insulina, lo que tambi\u00e9n puede acelerar la caries debido a la sequedad bucal causada por la reducci\u00f3n de la <strong>saliva que combate las enfermedades en la boca del paciente.<\/strong><\/p>\n\n\n\n<p><h2>C\u00f3mo proteger la salud bucal de los familiares diab\u00e9ticos<\/h2><\/p>\n\n\n\n<p><p><span style=\"font-weight: 700 !important;\"><img decoding=\"async\" class=\"size-medium wp-image-6014 alignright\" src=\"https:\/\/cemvalderas.es\/dev\/wp-content\/uploads\/2024\/07\/Diseno-sin-titulo-2024-07-17T104322.727-300x300.jpg\" alt=\"salud bucal y la diabetes\" width=\"300\" height=\"300\" srcset=\"https:\/\/cemvalderas.es\/dev\/wp-content\/uploads\/2024\/07\/Diseno-sin-titulo-2024-07-17T104322.727-300x300.jpg 300w, https:\/\/cemvalderas.es\/dev\/wp-content\/uploads\/2024\/07\/Diseno-sin-titulo-2024-07-17T104322.727-1024x1024.jpg 1024w, https:\/\/cemvalderas.es\/dev\/wp-content\/uploads\/2024\/07\/Diseno-sin-titulo-2024-07-17T104322.727-150x150.jpg 150w, https:\/\/cemvalderas.es\/dev\/wp-content\/uploads\/2024\/07\/Diseno-sin-titulo-2024-07-17T104322.727-768x768.jpg 768w, https:\/\/cemvalderas.es\/dev\/wp-content\/uploads\/2024\/07\/Diseno-sin-titulo-2024-07-17T104322.727-700x700.jpg 700w, https:\/\/cemvalderas.es\/dev\/wp-content\/uploads\/2024\/07\/Diseno-sin-titulo-2024-07-17T104322.727.jpg 1080w\" sizes=\"(max-width: 300px) 100vw, 300px\" \/><\/span><\/p>\n<p>Si tienes familiares que viven con diabetes, existen medidas que puede<strong> tomar para ayudar a proteger su salud bucal.<\/strong> Como era de esperar, esto comienza con una higiene bucal adecuada y visitas peri\u00f3dicas a su dentista en combinaci\u00f3n con una dieta espec\u00edfica baja en az\u00facar. Cuando los niveles de glucosa no est\u00e1n bien controlados, las complicaciones de la diabetes se vuelven m\u00e1s pronunciadas, lo que hace que las enfermedades de las <strong>enc\u00edas y otras complicaciones orales que resultan de ellas sean m\u00e1s comunes.<\/strong> La higiene bucal requiere incluso m\u00e1s atenci\u00f3n que en las personas sin diabetes, por lo que es esencial mantener una rutina espec\u00edfica de uso de hilo dental y cepillado, y <strong>se debe prestar especial cuidado a la lengua y la l\u00ednea de las enc\u00edas.<\/strong><\/p><\/p>\n\n\n\n<p><h2>Mant\u00e9n tus visitas dentales regulares<\/h2><\/p>\n\n\n\n<p>Todos los pacientes dentales deben mantener visitas peri\u00f3dicas a tu dentista e higienista, pero aquellos con <strong>diabetes deben ser especialmente diligentes al respecto.<\/strong> Estas visitas ayudan a controlar el desarrollo de su salud bucal y pueden detectar inquietudes antes de que se conviertan en algo grave. Aseg\u00farate de que tu dentista est\u00e9 al tanto de los miembros de tu familia que tienen diabetes y que necesitar\u00e1n<strong> cuidados adicionales para ayudar a preservar su salud dental.<\/strong><\/p>\n<p>&nbsp;<\/p>\n<p>.<\/p>\n<p>En la<strong>\u00a0<a href=\"https:\/\/cemvalderas.es\/\">Cl\u00ednica Dental Alcorc\u00f3n CEM Valderas<\/a>\u00a0\u00a0<\/strong>somos expertos en<strong>\u00a0<a href=\"https:\/\/cemvalderas.es\/centro-odontologico\/\">tratamientos para tu salud dental<\/a>.\u00a0<\/strong>Para m\u00e1s informaci\u00f3n no duden en visitar<strong>\u00a0<a href=\"https:\/\/goo.gl\/maps\/Zt49RVmiHJNs1Kk96\" target=\"_blank\" rel=\"noreferrer noopener\">Centro de Especialidades M\u00e9dicas CEM Valderas<\/a>\u00a0<\/strong>situado en\u00a0Alcorc\u00f3n\u00a0o llamarnos por\u00a0tel\u00e9fono 912 260 021, estaremos encantados de poder atenderle.<\/p>\n<p>\n\n\n<p><\/p>","protected":false},"excerpt":{"rendered":"<p>La diabetes es una de una serie de afecciones de salud que pueden dificultar el mantenimiento de una buena salud bucal. Se ha demostrado que tanto la diabetes tipo I como la diabetes &nbsp;tipo II aumentan el riesgo de enfermedades de las enc\u00edas, caries e infecciones f\u00fangicas en la boca. Los pacientes con diabetes pueden [&hellip;]<\/p>\n","protected":false},"author":2,"featured_media":6016,"comment_status":"closed","ping_status":"closed","sticky":false,"template":"","format":"standard","meta":{"footnotes":""},"categories":[114],"tags":[62],"class_list":["post-6009","post","type-post","status-publish","format-standard","has-post-thumbnail","hentry","category-prevencion","tag-salud-oral"],"yoast_head":"<!-- This site is optimized with the Yoast SEO plugin v26.8 - https:\/\/yoast.com\/product\/yoast-seo-wordpress\/ -->\n<title>La conexi\u00f3n entre la diabetes y la salud dental - Clinica Dental CEM Valderas Dentistas Alcorcon<\/title>\n<meta name=\"robots\" content=\"index, follow, max-snippet:-1, max-image-preview:large, max-video-preview:-1\" \/>\n<link rel=\"canonical\" href=\"https:\/\/cemvalderas.es\/dev\/la-conexion-entre-la-diabetes-y-la-salud-dental\/\" \/>\n<meta property=\"og:locale\" content=\"es_ES\" \/>\n<meta property=\"og:type\" content=\"article\" \/>\n<meta property=\"og:title\" content=\"La conexi\u00f3n entre la diabetes y la salud dental - Clinica Dental CEM Valderas Dentistas Alcorcon\" \/>\n<meta property=\"og:description\" content=\"La diabetes es una de una serie de afecciones de salud que pueden dificultar el mantenimiento de una buena salud bucal. Se ha demostrado que tanto la diabetes tipo I como la diabetes &nbsp;tipo II aumentan el riesgo de enfermedades de las enc\u00edas, caries e infecciones f\u00fangicas en la boca. Los pacientes con diabetes pueden [&hellip;]\" \/>\n<meta property=\"og:url\" content=\"https:\/\/cemvalderas.es\/dev\/la-conexion-entre-la-diabetes-y-la-salud-dental\/\" \/>\n<meta property=\"og:site_name\" content=\"Clinica Dental CEM Valderas Dentistas Alcorcon\" \/>\n<meta property=\"article:published_time\" content=\"2024-08-22T08:49:06+00:00\" \/>\n<meta property=\"og:image\" content=\"https:\/\/cemvalderas.es\/dev\/wp-content\/uploads\/2024\/07\/Diseno-sin-titulo-2024-07-17T104206.289.jpg\" \/>\n\t<meta property=\"og:image:width\" content=\"1080\" \/>\n\t<meta property=\"og:image:height\" content=\"1080\" \/>\n\t<meta property=\"og:image:type\" content=\"image\/jpeg\" \/>\n<meta name=\"author\" content=\"CEM VALDERAS\" \/>\n<meta name=\"twitter:card\" content=\"summary_large_image\" \/>\n<meta name=\"twitter:label1\" content=\"Escrito por\" \/>\n\t<meta name=\"twitter:data1\" content=\"CEM VALDERAS\" \/>\n\t<meta name=\"twitter:label2\" content=\"Tiempo de lectura\" \/>\n\t<meta name=\"twitter:data2\" content=\"3 minutos\" \/>\n<script type=\"application\/ld+json\" class=\"yoast-schema-graph\">{\"@context\":\"https:\/\/schema.org\",\"@graph\":[{\"@type\":\"Article\",\"@id\":\"https:\/\/cemvalderas.es\/dev\/la-conexion-entre-la-diabetes-y-la-salud-dental\/#article\",\"isPartOf\":{\"@id\":\"https:\/\/cemvalderas.es\/dev\/la-conexion-entre-la-diabetes-y-la-salud-dental\/\"},\"author\":{\"name\":\"CEM VALDERAS\",\"@id\":\"https:\/\/cemvalderas.es\/dev\/#\/schema\/person\/57dbaa31b1919508e6803a19cb1dffe5\"},\"headline\":\"La conexi\u00f3n entre la diabetes y la salud dental\",\"datePublished\":\"2024-08-22T08:49:06+00:00\",\"mainEntityOfPage\":{\"@id\":\"https:\/\/cemvalderas.es\/dev\/la-conexion-entre-la-diabetes-y-la-salud-dental\/\"},\"wordCount\":528,\"publisher\":{\"@id\":\"https:\/\/cemvalderas.es\/dev\/#organization\"},\"image\":{\"@id\":\"https:\/\/cemvalderas.es\/dev\/la-conexion-entre-la-diabetes-y-la-salud-dental\/#primaryimage\"},\"thumbnailUrl\":\"https:\/\/cemvalderas.es\/dev\/wp-content\/uploads\/2024\/07\/Diseno-sin-titulo-2024-07-17T104206.289.jpg\",\"keywords\":[\"salud oral\"],\"articleSection\":[\"Prevenci\u00f3n\"],\"inLanguage\":\"es\"},{\"@type\":\"WebPage\",\"@id\":\"https:\/\/cemvalderas.es\/dev\/la-conexion-entre-la-diabetes-y-la-salud-dental\/\",\"url\":\"https:\/\/cemvalderas.es\/dev\/la-conexion-entre-la-diabetes-y-la-salud-dental\/\",\"name\":\"La conexi\u00f3n entre la diabetes y la salud dental - Clinica Dental CEM Valderas Dentistas Alcorcon\",\"isPartOf\":{\"@id\":\"https:\/\/cemvalderas.es\/dev\/#website\"},\"primaryImageOfPage\":{\"@id\":\"https:\/\/cemvalderas.es\/dev\/la-conexion-entre-la-diabetes-y-la-salud-dental\/#primaryimage\"},\"image\":{\"@id\":\"https:\/\/cemvalderas.es\/dev\/la-conexion-entre-la-diabetes-y-la-salud-dental\/#primaryimage\"},\"thumbnailUrl\":\"https:\/\/cemvalderas.es\/dev\/wp-content\/uploads\/2024\/07\/Diseno-sin-titulo-2024-07-17T104206.289.jpg\",\"datePublished\":\"2024-08-22T08:49:06+00:00\",\"breadcrumb\":{\"@id\":\"https:\/\/cemvalderas.es\/dev\/la-conexion-entre-la-diabetes-y-la-salud-dental\/#breadcrumb\"},\"inLanguage\":\"es\",\"potentialAction\":[{\"@type\":\"ReadAction\",\"target\":[\"https:\/\/cemvalderas.es\/dev\/la-conexion-entre-la-diabetes-y-la-salud-dental\/\"]}]},{\"@type\":\"ImageObject\",\"inLanguage\":\"es\",\"@id\":\"https:\/\/cemvalderas.es\/dev\/la-conexion-entre-la-diabetes-y-la-salud-dental\/#primaryimage\",\"url\":\"https:\/\/cemvalderas.es\/dev\/wp-content\/uploads\/2024\/07\/Diseno-sin-titulo-2024-07-17T104206.289.jpg\",\"contentUrl\":\"https:\/\/cemvalderas.es\/dev\/wp-content\/uploads\/2024\/07\/Diseno-sin-titulo-2024-07-17T104206.289.jpg\",\"width\":1080,\"height\":1080,\"caption\":\"salud bucal y la diabetes\"},{\"@type\":\"BreadcrumbList\",\"@id\":\"https:\/\/cemvalderas.es\/dev\/la-conexion-entre-la-diabetes-y-la-salud-dental\/#breadcrumb\",\"itemListElement\":[{\"@type\":\"ListItem\",\"position\":1,\"name\":\"Portada\",\"item\":\"https:\/\/cemvalderas.es\/dev\/\"},{\"@type\":\"ListItem\",\"position\":2,\"name\":\"La conexi\u00f3n entre la diabetes y la salud dental\"}]},{\"@type\":\"WebSite\",\"@id\":\"https:\/\/cemvalderas.es\/dev\/#website\",\"url\":\"https:\/\/cemvalderas.es\/dev\/\",\"name\":\"Clinica Dental CEM Valderas Dentistas Alcorcon\",\"description\":\"Los mejores tratamientos odontol\u00f3gicos, sin dolor. Vuelve a sonre\u00edr sin que te duela el bolsillo\",\"publisher\":{\"@id\":\"https:\/\/cemvalderas.es\/dev\/#organization\"},\"potentialAction\":[{\"@type\":\"SearchAction\",\"target\":{\"@type\":\"EntryPoint\",\"urlTemplate\":\"https:\/\/cemvalderas.es\/dev\/?s={search_term_string}\"},\"query-input\":{\"@type\":\"PropertyValueSpecification\",\"valueRequired\":true,\"valueName\":\"search_term_string\"}}],\"inLanguage\":\"es\"},{\"@type\":\"Organization\",\"@id\":\"https:\/\/cemvalderas.es\/dev\/#organization\",\"name\":\"Clinica Dental CEM Valderas Dentistas Alcorcon\",\"url\":\"https:\/\/cemvalderas.es\/dev\/\",\"logo\":{\"@type\":\"ImageObject\",\"inLanguage\":\"es\",\"@id\":\"https:\/\/cemvalderas.es\/dev\/#\/schema\/logo\/image\/\",\"url\":\"https:\/\/cemvalderas.es\/dev\/wp-content\/uploads\/2025\/09\/12c4595b090208224e9ca0e24fddb595.png\",\"contentUrl\":\"https:\/\/cemvalderas.es\/dev\/wp-content\/uploads\/2025\/09\/12c4595b090208224e9ca0e24fddb595.png\",\"width\":229,\"height\":44,\"caption\":\"Clinica Dental CEM Valderas Dentistas Alcorcon\"},\"image\":{\"@id\":\"https:\/\/cemvalderas.es\/dev\/#\/schema\/logo\/image\/\"}},{\"@type\":\"Person\",\"@id\":\"https:\/\/cemvalderas.es\/dev\/#\/schema\/person\/57dbaa31b1919508e6803a19cb1dffe5\",\"name\":\"CEM VALDERAS\",\"image\":{\"@type\":\"ImageObject\",\"inLanguage\":\"es\",\"@id\":\"https:\/\/cemvalderas.es\/dev\/#\/schema\/person\/image\/\",\"url\":\"https:\/\/secure.gravatar.com\/avatar\/a0b795c992935e775c0fb2c4f6336e5d4d1d8485fa70c9a9407bd42e6450a864?s=96&d=mm&r=g\",\"contentUrl\":\"https:\/\/secure.gravatar.com\/avatar\/a0b795c992935e775c0fb2c4f6336e5d4d1d8485fa70c9a9407bd42e6450a864?s=96&d=mm&r=g\",\"caption\":\"CEM VALDERAS\"},\"url\":\"https:\/\/cemvalderas.es\/dev\/author\/oroldanv75\/\"}]}<\/script>\n<!-- \/ Yoast SEO plugin. -->","yoast_head_json":{"title":"La conexi\u00f3n entre la diabetes y la salud dental - Clinica Dental CEM Valderas Dentistas Alcorcon","robots":{"index":"index","follow":"follow","max-snippet":"max-snippet:-1","max-image-preview":"max-image-preview:large","max-video-preview":"max-video-preview:-1"},"canonical":"https:\/\/cemvalderas.es\/dev\/la-conexion-entre-la-diabetes-y-la-salud-dental\/","og_locale":"es_ES","og_type":"article","og_title":"La conexi\u00f3n entre la diabetes y la salud dental - Clinica Dental CEM Valderas Dentistas Alcorcon","og_description":"La diabetes es una de una serie de afecciones de salud que pueden dificultar el mantenimiento de una buena salud bucal. Se ha demostrado que tanto la diabetes tipo I como la diabetes &nbsp;tipo II aumentan el riesgo de enfermedades de las enc\u00edas, caries e infecciones f\u00fangicas en la boca. Los pacientes con diabetes pueden [&hellip;]","og_url":"https:\/\/cemvalderas.es\/dev\/la-conexion-entre-la-diabetes-y-la-salud-dental\/","og_site_name":"Clinica Dental CEM Valderas Dentistas Alcorcon","article_published_time":"2024-08-22T08:49:06+00:00","og_image":[{"width":1080,"height":1080,"url":"https:\/\/cemvalderas.es\/dev\/wp-content\/uploads\/2024\/07\/Diseno-sin-titulo-2024-07-17T104206.289.jpg","type":"image\/jpeg"}],"author":"CEM VALDERAS","twitter_card":"summary_large_image","twitter_misc":{"Escrito por":"CEM VALDERAS","Tiempo de lectura":"3 minutos"},"schema":{"@context":"https:\/\/schema.org","@graph":[{"@type":"Article","@id":"https:\/\/cemvalderas.es\/dev\/la-conexion-entre-la-diabetes-y-la-salud-dental\/#article","isPartOf":{"@id":"https:\/\/cemvalderas.es\/dev\/la-conexion-entre-la-diabetes-y-la-salud-dental\/"},"author":{"name":"CEM VALDERAS","@id":"https:\/\/cemvalderas.es\/dev\/#\/schema\/person\/57dbaa31b1919508e6803a19cb1dffe5"},"headline":"La conexi\u00f3n entre la diabetes y la salud dental","datePublished":"2024-08-22T08:49:06+00:00","mainEntityOfPage":{"@id":"https:\/\/cemvalderas.es\/dev\/la-conexion-entre-la-diabetes-y-la-salud-dental\/"},"wordCount":528,"publisher":{"@id":"https:\/\/cemvalderas.es\/dev\/#organization"},"image":{"@id":"https:\/\/cemvalderas.es\/dev\/la-conexion-entre-la-diabetes-y-la-salud-dental\/#primaryimage"},"thumbnailUrl":"https:\/\/cemvalderas.es\/dev\/wp-content\/uploads\/2024\/07\/Diseno-sin-titulo-2024-07-17T104206.289.jpg","keywords":["salud oral"],"articleSection":["Prevenci\u00f3n"],"inLanguage":"es"},{"@type":"WebPage","@id":"https:\/\/cemvalderas.es\/dev\/la-conexion-entre-la-diabetes-y-la-salud-dental\/","url":"https:\/\/cemvalderas.es\/dev\/la-conexion-entre-la-diabetes-y-la-salud-dental\/","name":"La conexi\u00f3n entre la diabetes y la salud dental - Clinica Dental CEM Valderas Dentistas Alcorcon","isPartOf":{"@id":"https:\/\/cemvalderas.es\/dev\/#website"},"primaryImageOfPage":{"@id":"https:\/\/cemvalderas.es\/dev\/la-conexion-entre-la-diabetes-y-la-salud-dental\/#primaryimage"},"image":{"@id":"https:\/\/cemvalderas.es\/dev\/la-conexion-entre-la-diabetes-y-la-salud-dental\/#primaryimage"},"thumbnailUrl":"https:\/\/cemvalderas.es\/dev\/wp-content\/uploads\/2024\/07\/Diseno-sin-titulo-2024-07-17T104206.289.jpg","datePublished":"2024-08-22T08:49:06+00:00","breadcrumb":{"@id":"https:\/\/cemvalderas.es\/dev\/la-conexion-entre-la-diabetes-y-la-salud-dental\/#breadcrumb"},"inLanguage":"es","potentialAction":[{"@type":"ReadAction","target":["https:\/\/cemvalderas.es\/dev\/la-conexion-entre-la-diabetes-y-la-salud-dental\/"]}]},{"@type":"ImageObject","inLanguage":"es","@id":"https:\/\/cemvalderas.es\/dev\/la-conexion-entre-la-diabetes-y-la-salud-dental\/#primaryimage","url":"https:\/\/cemvalderas.es\/dev\/wp-content\/uploads\/2024\/07\/Diseno-sin-titulo-2024-07-17T104206.289.jpg","contentUrl":"https:\/\/cemvalderas.es\/dev\/wp-content\/uploads\/2024\/07\/Diseno-sin-titulo-2024-07-17T104206.289.jpg","width":1080,"height":1080,"caption":"salud bucal y la diabetes"},{"@type":"BreadcrumbList","@id":"https:\/\/cemvalderas.es\/dev\/la-conexion-entre-la-diabetes-y-la-salud-dental\/#breadcrumb","itemListElement":[{"@type":"ListItem","position":1,"name":"Portada","item":"https:\/\/cemvalderas.es\/dev\/"},{"@type":"ListItem","position":2,"name":"La conexi\u00f3n entre la diabetes y la salud dental"}]},{"@type":"WebSite","@id":"https:\/\/cemvalderas.es\/dev\/#website","url":"https:\/\/cemvalderas.es\/dev\/","name":"Clinica Dental CEM Valderas Dentistas Alcorcon","description":"Los mejores tratamientos odontol\u00f3gicos, sin dolor. Vuelve a sonre\u00edr sin que te duela el bolsillo","publisher":{"@id":"https:\/\/cemvalderas.es\/dev\/#organization"},"potentialAction":[{"@type":"SearchAction","target":{"@type":"EntryPoint","urlTemplate":"https:\/\/cemvalderas.es\/dev\/?s={search_term_string}"},"query-input":{"@type":"PropertyValueSpecification","valueRequired":true,"valueName":"search_term_string"}}],"inLanguage":"es"},{"@type":"Organization","@id":"https:\/\/cemvalderas.es\/dev\/#organization","name":"Clinica Dental CEM Valderas Dentistas Alcorcon","url":"https:\/\/cemvalderas.es\/dev\/","logo":{"@type":"ImageObject","inLanguage":"es","@id":"https:\/\/cemvalderas.es\/dev\/#\/schema\/logo\/image\/","url":"https:\/\/cemvalderas.es\/dev\/wp-content\/uploads\/2025\/09\/12c4595b090208224e9ca0e24fddb595.png","contentUrl":"https:\/\/cemvalderas.es\/dev\/wp-content\/uploads\/2025\/09\/12c4595b090208224e9ca0e24fddb595.png","width":229,"height":44,"caption":"Clinica Dental CEM Valderas Dentistas Alcorcon"},"image":{"@id":"https:\/\/cemvalderas.es\/dev\/#\/schema\/logo\/image\/"}},{"@type":"Person","@id":"https:\/\/cemvalderas.es\/dev\/#\/schema\/person\/57dbaa31b1919508e6803a19cb1dffe5","name":"CEM VALDERAS","image":{"@type":"ImageObject","inLanguage":"es","@id":"https:\/\/cemvalderas.es\/dev\/#\/schema\/person\/image\/","url":"https:\/\/secure.gravatar.com\/avatar\/a0b795c992935e775c0fb2c4f6336e5d4d1d8485fa70c9a9407bd42e6450a864?s=96&d=mm&r=g","contentUrl":"https:\/\/secure.gravatar.com\/avatar\/a0b795c992935e775c0fb2c4f6336e5d4d1d8485fa70c9a9407bd42e6450a864?s=96&d=mm&r=g","caption":"CEM VALDERAS"},"url":"https:\/\/cemvalderas.es\/dev\/author\/oroldanv75\/"}]}},"_links":{"self":[{"href":"https:\/\/cemvalderas.es\/dev\/wp-json\/wp\/v2\/posts\/6009","targetHints":{"allow":["GET"]}}],"collection":[{"href":"https:\/\/cemvalderas.es\/dev\/wp-json\/wp\/v2\/posts"}],"about":[{"href":"https:\/\/cemvalderas.es\/dev\/wp-json\/wp\/v2\/types\/post"}],"author":[{"embeddable":true,"href":"https:\/\/cemvalderas.es\/dev\/wp-json\/wp\/v2\/users\/2"}],"replies":[{"embeddable":true,"href":"https:\/\/cemvalderas.es\/dev\/wp-json\/wp\/v2\/comments?post=6009"}],"version-history":[{"count":0,"href":"https:\/\/cemvalderas.es\/dev\/wp-json\/wp\/v2\/posts\/6009\/revisions"}],"wp:featuredmedia":[{"embeddable":true,"href":"https:\/\/cemvalderas.es\/dev\/wp-json\/wp\/v2\/media\/6016"}],"wp:attachment":[{"href":"https:\/\/cemvalderas.es\/dev\/wp-json\/wp\/v2\/media?parent=6009"}],"wp:term":[{"taxonomy":"category","embeddable":true,"href":"https:\/\/cemvalderas.es\/dev\/wp-json\/wp\/v2\/categories?post=6009"},{"taxonomy":"post_tag","embeddable":true,"href":"https:\/\/cemvalderas.es\/dev\/wp-json\/wp\/v2\/tags?post=6009"}],"curies":[{"name":"wp","href":"https:\/\/api.w.org\/{rel}","templated":true}]}}