{"id":5824,"date":"2024-04-24T08:10:39","date_gmt":"2024-04-24T08:10:39","guid":{"rendered":"https:\/\/cemvalderas.es\/?p=5824"},"modified":"2024-04-24T08:10:39","modified_gmt":"2024-04-24T08:10:39","slug":"diastemas-y-como-es-el-tratamiento","status":"publish","type":"post","link":"https:\/\/cemvalderas.es\/dev\/diastemas-y-como-es-el-tratamiento\/","title":{"rendered":"Diastemas y c\u00f3mo es el tratamiento"},"content":{"rendered":"\n<p>Cuando se forma un espacio entre los dos dientes frontales, se conoce como diastema. El tama\u00f1o de la brecha puede variar<strong> ampliamente seg\u00fan su origen y otros factores.<\/strong> Algunas personas se sienten perfectamente c\u00f3modas con el espacio entre sus dientes, y algunas celebridades lo <strong>adoptan como parte de su presencia<\/strong>. Otros, sin embargo, pueden encontrar el diastema como una fuente de verg\u00fcenza social y buscar\u00e1n tratamiento para solucionarlo. El tratamiento de ortodoncia es un enfoque que a menudo se utiliza con<strong> \u00e9xito para abordar el diastema,<\/strong> aunque a veces<strong> son necesarios otros tratamientos. <\/strong><\/p>\n\n\n\n<p>A continuaci\u00f3n, analizaremos <strong>el diastema y los tratamientos dentales disponibles.<\/strong><\/p>\n\n\n\n<h2 class=\"wp-block-heading\" id=\"h-tratamiento-para-el-diastema\">Tratamiento para el diastema<\/h2>\n\n\n\n<figure class=\"wp-block-image alignright size-large is-resized is-style-default\"><img fetchpriority=\"high\" decoding=\"async\" src=\"https:\/\/cemvalderas.es\/dev\/wp-content\/uploads\/2024\/04\/Diseno-sin-titulo-2024-04-10T101818.242-1024x1024.jpg\" alt=\"diastema\" class=\"wp-image-5828\" width=\"347\" height=\"347\" srcset=\"https:\/\/cemvalderas.es\/dev\/wp-content\/uploads\/2024\/04\/Diseno-sin-titulo-2024-04-10T101818.242-1024x1024.jpg 1024w, https:\/\/cemvalderas.es\/dev\/wp-content\/uploads\/2024\/04\/Diseno-sin-titulo-2024-04-10T101818.242-300x300.jpg 300w, https:\/\/cemvalderas.es\/dev\/wp-content\/uploads\/2024\/04\/Diseno-sin-titulo-2024-04-10T101818.242-150x150.jpg 150w, https:\/\/cemvalderas.es\/dev\/wp-content\/uploads\/2024\/04\/Diseno-sin-titulo-2024-04-10T101818.242-768x768.jpg 768w, https:\/\/cemvalderas.es\/dev\/wp-content\/uploads\/2024\/04\/Diseno-sin-titulo-2024-04-10T101818.242-700x700.jpg 700w, https:\/\/cemvalderas.es\/dev\/wp-content\/uploads\/2024\/04\/Diseno-sin-titulo-2024-04-10T101818.242.jpg 1080w\" sizes=\"(max-width: 347px) 100vw, 347px\" \/><\/figure>\n\n\n\n<p>Algunos espacios entre dientes se forman como resultado de h\u00e1bitos tempranos en nuestra infancia. Uno de esos h\u00e1bitos es sacar la lengua, <strong>un defecto en el reflejo de degluci\u00f3n.<\/strong> Aquellos que experimentan empuje de lengua aplican presi\u00f3n en los<strong> dientes frontales con la lengua al tragar.<\/strong> Con el tiempo, esta presi\u00f3n intermitente puede forzar a los dientes a salir de su posici\u00f3n, provocando la formaci\u00f3n de un diastema. Tambi\u00e9n puede causar <strong>mordidas inadecuadas y otros problemas de ortodoncia.<\/strong> El diastema a veces resulta de que uno o m\u00e1s dientes anteriores sean m\u00e1s peque\u00f1os de lo habitual. Esto puede deberse al azar, la gen\u00e9tica o la presencia de una condici\u00f3n m\u00e9dica. Otra posible fuente de diastema es la atadura de labios, que se produce cuando el<strong> frenillo que conecta el labio con la l\u00ednea de las enc\u00edas es inusualmente pronunciado.<\/strong><\/p>\n\n\n\n<p>Existen varios<strong> tratamientos comunes para el diastema:<\/strong><\/p>\n\n\n\n<figure class=\"wp-block-image alignright size-large is-resized is-style-default\"><img decoding=\"async\" src=\"https:\/\/cemvalderas.es\/dev\/wp-content\/uploads\/2024\/04\/Diseno-sin-titulo-2024-04-10T101849.551-1024x1024.jpg\" alt=\"diastema\" class=\"wp-image-5827\" width=\"352\" height=\"352\" srcset=\"https:\/\/cemvalderas.es\/dev\/wp-content\/uploads\/2024\/04\/Diseno-sin-titulo-2024-04-10T101849.551-1024x1024.jpg 1024w, https:\/\/cemvalderas.es\/dev\/wp-content\/uploads\/2024\/04\/Diseno-sin-titulo-2024-04-10T101849.551-300x300.jpg 300w, https:\/\/cemvalderas.es\/dev\/wp-content\/uploads\/2024\/04\/Diseno-sin-titulo-2024-04-10T101849.551-150x150.jpg 150w, https:\/\/cemvalderas.es\/dev\/wp-content\/uploads\/2024\/04\/Diseno-sin-titulo-2024-04-10T101849.551-768x768.jpg 768w, https:\/\/cemvalderas.es\/dev\/wp-content\/uploads\/2024\/04\/Diseno-sin-titulo-2024-04-10T101849.551-700x700.jpg 700w, https:\/\/cemvalderas.es\/dev\/wp-content\/uploads\/2024\/04\/Diseno-sin-titulo-2024-04-10T101849.551.jpg 1080w\" sizes=\"(max-width: 352px) 100vw, 352px\" \/><\/figure>\n\n\n\n<ul class=\"wp-block-list\">\n<li><strong>Carillas de porcelana:<\/strong> este tratamiento es m\u00e1s un encubrimiento que una soluci\u00f3n real, pero el resultado final es convincente. Se coloca una fina capa de porcelana sobre los dientes, oscureciendo el espacio y cualquier otra imperfecci\u00f3n en los dientes objetivo.<\/li>\n\n\n\n<li><strong>Uni\u00f3n dental:<\/strong> se combina una mezcla de part\u00edculas de vidrio y resina adhesiva para crear una resina adhesiva dental. Este material es incre\u00edblemente eficaz en varias aplicaciones dentales. Una forma de utilizarlo es remodelando los dientes donde se encuentra el diastema, a\u00f1adiendo volumen y cerrando la brecha. Puede ser hermoso y discreto. Sin embargo, la durabilidad del material significa que a menudo necesitar\u00e1 reparaciones en un plazo de 5 a 10 a\u00f1os.<\/li>\n\n\n\n<li><strong>Invisalign<\/strong>: los alineadores transparentes son una opci\u00f3n de tratamiento vers\u00e1til que puede corregir eficazmente el diastema moviendo f\u00edsicamente los dientes afectados. Producen resultados naturales utilizando los dientes originales acerc\u00e1ndolos cuidadosamente, lo que da como resultado una sonrisa perfecta y hermosa.<\/li>\n\n\n\n<li><strong>Brackets tradicionales: <\/strong>se pueden usar brackets de alambre y brackets en los casos en que problemas adicionales de salud bucal requieran el uso de estos brackets. Rara vez se necesitan expl\u00edcitamente para corregir el diastema, pero pueden usarse en casos complejos.<\/li>\n<\/ul>\n\n\n\n<p>.<\/p>\n\n\n\n<p>En la<strong>&nbsp;<a href=\"https:\/\/cemvalderas.es\/\">Cl\u00ednica Dental Alcorc\u00f3n CEM Valderas<\/a>&nbsp;&nbsp;<\/strong>somos expertos en<strong>&nbsp;<a href=\"https:\/\/cemvalderas.es\/centro-odontologico\/\">tratamientos para tu salud dental<\/a>.&nbsp;<\/strong>Para m\u00e1s informaci\u00f3n no duden en visitar<strong>&nbsp;<a href=\"https:\/\/goo.gl\/maps\/Zt49RVmiHJNs1Kk96\" target=\"_blank\" rel=\"noreferrer noopener\">Centro de Especialidades M\u00e9dicas CEM Valderas<\/a>&nbsp;<\/strong>situado en&nbsp;Alcorc\u00f3n&nbsp;o llamarnos por&nbsp;tel\u00e9fono 912 260 021, estaremos encantados de poder atenderle.<\/p>\n","protected":false},"excerpt":{"rendered":"<p>Cuando se forma un espacio entre los dos dientes frontales, se conoce como diastema. El tama\u00f1o de la brecha puede variar ampliamente seg\u00fan su origen y otros factores. Algunas personas se sienten perfectamente c\u00f3modas con el espacio entre sus dientes, y algunas celebridades lo adoptan como parte de su presencia. Otros, sin embargo, pueden encontrar [&hellip;]<\/p>\n","protected":false},"author":2,"featured_media":5829,"comment_status":"closed","ping_status":"closed","sticky":false,"template":"","format":"standard","meta":{"footnotes":""},"categories":[13],"tags":[128],"class_list":["post-5824","post","type-post","status-publish","format-standard","has-post-thumbnail","hentry","category-blog-cem-valderas","tag-prevencion"],"yoast_head":"<!-- This site is optimized with the Yoast SEO plugin v26.8 - https:\/\/yoast.com\/product\/yoast-seo-wordpress\/ -->\n<title>Diastemas y c\u00f3mo es el tratamiento - Clinica Dental CEM Valderas Dentistas Alcorcon<\/title>\n<meta name=\"description\" content=\"Cuando se forma un espacio entre los dos dientes frontales, se conoce como diastema. El tama\u00f1o de la brecha puede variar ampliamente seg\u00fan su origen y otros factores\" \/>\n<meta name=\"robots\" content=\"index, follow, max-snippet:-1, max-image-preview:large, max-video-preview:-1\" \/>\n<link rel=\"canonical\" href=\"https:\/\/cemvalderas.es\/dev\/diastemas-y-como-es-el-tratamiento\/\" \/>\n<meta property=\"og:locale\" content=\"es_ES\" \/>\n<meta property=\"og:type\" content=\"article\" \/>\n<meta property=\"og:title\" content=\"Diastemas y c\u00f3mo es el tratamiento - Clinica Dental CEM Valderas Dentistas Alcorcon\" \/>\n<meta property=\"og:description\" content=\"Cuando se forma un espacio entre los dos dientes frontales, se conoce como diastema. El tama\u00f1o de la brecha puede variar ampliamente seg\u00fan su origen y otros factores\" \/>\n<meta property=\"og:url\" content=\"https:\/\/cemvalderas.es\/dev\/diastemas-y-como-es-el-tratamiento\/\" \/>\n<meta property=\"og:site_name\" content=\"Clinica Dental CEM Valderas Dentistas Alcorcon\" \/>\n<meta property=\"article:published_time\" content=\"2024-04-24T08:10:39+00:00\" \/>\n<meta property=\"og:image\" content=\"https:\/\/cemvalderas.es\/dev\/wp-content\/uploads\/2024\/04\/Diseno-sin-titulo-2024-04-10T101712.195.jpg\" \/>\n\t<meta property=\"og:image:width\" content=\"1080\" \/>\n\t<meta property=\"og:image:height\" content=\"1080\" \/>\n\t<meta property=\"og:image:type\" content=\"image\/jpeg\" \/>\n<meta name=\"author\" content=\"CEM VALDERAS\" \/>\n<meta name=\"twitter:card\" content=\"summary_large_image\" \/>\n<meta name=\"twitter:label1\" content=\"Escrito por\" \/>\n\t<meta name=\"twitter:data1\" content=\"CEM VALDERAS\" \/>\n\t<meta name=\"twitter:label2\" content=\"Tiempo de lectura\" \/>\n\t<meta name=\"twitter:data2\" content=\"3 minutos\" \/>\n<script type=\"application\/ld+json\" class=\"yoast-schema-graph\">{\"@context\":\"https:\/\/schema.org\",\"@graph\":[{\"@type\":\"Article\",\"@id\":\"https:\/\/cemvalderas.es\/dev\/diastemas-y-como-es-el-tratamiento\/#article\",\"isPartOf\":{\"@id\":\"https:\/\/cemvalderas.es\/dev\/diastemas-y-como-es-el-tratamiento\/\"},\"author\":{\"name\":\"CEM VALDERAS\",\"@id\":\"https:\/\/cemvalderas.es\/dev\/#\/schema\/person\/57dbaa31b1919508e6803a19cb1dffe5\"},\"headline\":\"Diastemas y c\u00f3mo es el tratamiento\",\"datePublished\":\"2024-04-24T08:10:39+00:00\",\"mainEntityOfPage\":{\"@id\":\"https:\/\/cemvalderas.es\/dev\/diastemas-y-como-es-el-tratamiento\/\"},\"wordCount\":543,\"publisher\":{\"@id\":\"https:\/\/cemvalderas.es\/dev\/#organization\"},\"image\":{\"@id\":\"https:\/\/cemvalderas.es\/dev\/diastemas-y-como-es-el-tratamiento\/#primaryimage\"},\"thumbnailUrl\":\"https:\/\/cemvalderas.es\/dev\/wp-content\/uploads\/2024\/04\/Diseno-sin-titulo-2024-04-10T101712.195.jpg\",\"keywords\":[\"prevenci\u00f3n\"],\"articleSection\":[\"Blog CEM Valderas\"],\"inLanguage\":\"es\"},{\"@type\":\"WebPage\",\"@id\":\"https:\/\/cemvalderas.es\/dev\/diastemas-y-como-es-el-tratamiento\/\",\"url\":\"https:\/\/cemvalderas.es\/dev\/diastemas-y-como-es-el-tratamiento\/\",\"name\":\"Diastemas y c\u00f3mo es el tratamiento - Clinica Dental CEM Valderas Dentistas Alcorcon\",\"isPartOf\":{\"@id\":\"https:\/\/cemvalderas.es\/dev\/#website\"},\"primaryImageOfPage\":{\"@id\":\"https:\/\/cemvalderas.es\/dev\/diastemas-y-como-es-el-tratamiento\/#primaryimage\"},\"image\":{\"@id\":\"https:\/\/cemvalderas.es\/dev\/diastemas-y-como-es-el-tratamiento\/#primaryimage\"},\"thumbnailUrl\":\"https:\/\/cemvalderas.es\/dev\/wp-content\/uploads\/2024\/04\/Diseno-sin-titulo-2024-04-10T101712.195.jpg\",\"datePublished\":\"2024-04-24T08:10:39+00:00\",\"description\":\"Cuando se forma un espacio entre los dos dientes frontales, se conoce como diastema. El tama\u00f1o de la brecha puede variar ampliamente seg\u00fan su origen y otros factores\",\"breadcrumb\":{\"@id\":\"https:\/\/cemvalderas.es\/dev\/diastemas-y-como-es-el-tratamiento\/#breadcrumb\"},\"inLanguage\":\"es\",\"potentialAction\":[{\"@type\":\"ReadAction\",\"target\":[\"https:\/\/cemvalderas.es\/dev\/diastemas-y-como-es-el-tratamiento\/\"]}]},{\"@type\":\"ImageObject\",\"inLanguage\":\"es\",\"@id\":\"https:\/\/cemvalderas.es\/dev\/diastemas-y-como-es-el-tratamiento\/#primaryimage\",\"url\":\"https:\/\/cemvalderas.es\/dev\/wp-content\/uploads\/2024\/04\/Diseno-sin-titulo-2024-04-10T101712.195.jpg\",\"contentUrl\":\"https:\/\/cemvalderas.es\/dev\/wp-content\/uploads\/2024\/04\/Diseno-sin-titulo-2024-04-10T101712.195.jpg\",\"width\":1080,\"height\":1080,\"caption\":\"diastema\"},{\"@type\":\"BreadcrumbList\",\"@id\":\"https:\/\/cemvalderas.es\/dev\/diastemas-y-como-es-el-tratamiento\/#breadcrumb\",\"itemListElement\":[{\"@type\":\"ListItem\",\"position\":1,\"name\":\"Portada\",\"item\":\"https:\/\/cemvalderas.es\/dev\/\"},{\"@type\":\"ListItem\",\"position\":2,\"name\":\"Diastemas y c\u00f3mo es el tratamiento\"}]},{\"@type\":\"WebSite\",\"@id\":\"https:\/\/cemvalderas.es\/dev\/#website\",\"url\":\"https:\/\/cemvalderas.es\/dev\/\",\"name\":\"Clinica Dental CEM Valderas Dentistas Alcorcon\",\"description\":\"Los mejores tratamientos odontol\u00f3gicos, sin dolor. Vuelve a sonre\u00edr sin que te duela el bolsillo\",\"publisher\":{\"@id\":\"https:\/\/cemvalderas.es\/dev\/#organization\"},\"potentialAction\":[{\"@type\":\"SearchAction\",\"target\":{\"@type\":\"EntryPoint\",\"urlTemplate\":\"https:\/\/cemvalderas.es\/dev\/?s={search_term_string}\"},\"query-input\":{\"@type\":\"PropertyValueSpecification\",\"valueRequired\":true,\"valueName\":\"search_term_string\"}}],\"inLanguage\":\"es\"},{\"@type\":\"Organization\",\"@id\":\"https:\/\/cemvalderas.es\/dev\/#organization\",\"name\":\"Clinica Dental CEM Valderas Dentistas Alcorcon\",\"url\":\"https:\/\/cemvalderas.es\/dev\/\",\"logo\":{\"@type\":\"ImageObject\",\"inLanguage\":\"es\",\"@id\":\"https:\/\/cemvalderas.es\/dev\/#\/schema\/logo\/image\/\",\"url\":\"https:\/\/cemvalderas.es\/dev\/wp-content\/uploads\/2025\/09\/12c4595b090208224e9ca0e24fddb595.png\",\"contentUrl\":\"https:\/\/cemvalderas.es\/dev\/wp-content\/uploads\/2025\/09\/12c4595b090208224e9ca0e24fddb595.png\",\"width\":229,\"height\":44,\"caption\":\"Clinica Dental CEM Valderas Dentistas Alcorcon\"},\"image\":{\"@id\":\"https:\/\/cemvalderas.es\/dev\/#\/schema\/logo\/image\/\"}},{\"@type\":\"Person\",\"@id\":\"https:\/\/cemvalderas.es\/dev\/#\/schema\/person\/57dbaa31b1919508e6803a19cb1dffe5\",\"name\":\"CEM VALDERAS\",\"image\":{\"@type\":\"ImageObject\",\"inLanguage\":\"es\",\"@id\":\"https:\/\/cemvalderas.es\/dev\/#\/schema\/person\/image\/\",\"url\":\"https:\/\/secure.gravatar.com\/avatar\/a0b795c992935e775c0fb2c4f6336e5d4d1d8485fa70c9a9407bd42e6450a864?s=96&d=mm&r=g\",\"contentUrl\":\"https:\/\/secure.gravatar.com\/avatar\/a0b795c992935e775c0fb2c4f6336e5d4d1d8485fa70c9a9407bd42e6450a864?s=96&d=mm&r=g\",\"caption\":\"CEM VALDERAS\"},\"url\":\"https:\/\/cemvalderas.es\/dev\/author\/oroldanv75\/\"}]}<\/script>\n<!-- \/ Yoast SEO plugin. -->","yoast_head_json":{"title":"Diastemas y c\u00f3mo es el tratamiento - Clinica Dental CEM Valderas Dentistas Alcorcon","description":"Cuando se forma un espacio entre los dos dientes frontales, se conoce como diastema. El tama\u00f1o de la brecha puede variar ampliamente seg\u00fan su origen y otros factores","robots":{"index":"index","follow":"follow","max-snippet":"max-snippet:-1","max-image-preview":"max-image-preview:large","max-video-preview":"max-video-preview:-1"},"canonical":"https:\/\/cemvalderas.es\/dev\/diastemas-y-como-es-el-tratamiento\/","og_locale":"es_ES","og_type":"article","og_title":"Diastemas y c\u00f3mo es el tratamiento - Clinica Dental CEM Valderas Dentistas Alcorcon","og_description":"Cuando se forma un espacio entre los dos dientes frontales, se conoce como diastema. El tama\u00f1o de la brecha puede variar ampliamente seg\u00fan su origen y otros factores","og_url":"https:\/\/cemvalderas.es\/dev\/diastemas-y-como-es-el-tratamiento\/","og_site_name":"Clinica Dental CEM Valderas Dentistas Alcorcon","article_published_time":"2024-04-24T08:10:39+00:00","og_image":[{"width":1080,"height":1080,"url":"https:\/\/cemvalderas.es\/dev\/wp-content\/uploads\/2024\/04\/Diseno-sin-titulo-2024-04-10T101712.195.jpg","type":"image\/jpeg"}],"author":"CEM VALDERAS","twitter_card":"summary_large_image","twitter_misc":{"Escrito por":"CEM VALDERAS","Tiempo de lectura":"3 minutos"},"schema":{"@context":"https:\/\/schema.org","@graph":[{"@type":"Article","@id":"https:\/\/cemvalderas.es\/dev\/diastemas-y-como-es-el-tratamiento\/#article","isPartOf":{"@id":"https:\/\/cemvalderas.es\/dev\/diastemas-y-como-es-el-tratamiento\/"},"author":{"name":"CEM VALDERAS","@id":"https:\/\/cemvalderas.es\/dev\/#\/schema\/person\/57dbaa31b1919508e6803a19cb1dffe5"},"headline":"Diastemas y c\u00f3mo es el tratamiento","datePublished":"2024-04-24T08:10:39+00:00","mainEntityOfPage":{"@id":"https:\/\/cemvalderas.es\/dev\/diastemas-y-como-es-el-tratamiento\/"},"wordCount":543,"publisher":{"@id":"https:\/\/cemvalderas.es\/dev\/#organization"},"image":{"@id":"https:\/\/cemvalderas.es\/dev\/diastemas-y-como-es-el-tratamiento\/#primaryimage"},"thumbnailUrl":"https:\/\/cemvalderas.es\/dev\/wp-content\/uploads\/2024\/04\/Diseno-sin-titulo-2024-04-10T101712.195.jpg","keywords":["prevenci\u00f3n"],"articleSection":["Blog CEM Valderas"],"inLanguage":"es"},{"@type":"WebPage","@id":"https:\/\/cemvalderas.es\/dev\/diastemas-y-como-es-el-tratamiento\/","url":"https:\/\/cemvalderas.es\/dev\/diastemas-y-como-es-el-tratamiento\/","name":"Diastemas y c\u00f3mo es el tratamiento - Clinica Dental CEM Valderas Dentistas Alcorcon","isPartOf":{"@id":"https:\/\/cemvalderas.es\/dev\/#website"},"primaryImageOfPage":{"@id":"https:\/\/cemvalderas.es\/dev\/diastemas-y-como-es-el-tratamiento\/#primaryimage"},"image":{"@id":"https:\/\/cemvalderas.es\/dev\/diastemas-y-como-es-el-tratamiento\/#primaryimage"},"thumbnailUrl":"https:\/\/cemvalderas.es\/dev\/wp-content\/uploads\/2024\/04\/Diseno-sin-titulo-2024-04-10T101712.195.jpg","datePublished":"2024-04-24T08:10:39+00:00","description":"Cuando se forma un espacio entre los dos dientes frontales, se conoce como diastema. El tama\u00f1o de la brecha puede variar ampliamente seg\u00fan su origen y otros factores","breadcrumb":{"@id":"https:\/\/cemvalderas.es\/dev\/diastemas-y-como-es-el-tratamiento\/#breadcrumb"},"inLanguage":"es","potentialAction":[{"@type":"ReadAction","target":["https:\/\/cemvalderas.es\/dev\/diastemas-y-como-es-el-tratamiento\/"]}]},{"@type":"ImageObject","inLanguage":"es","@id":"https:\/\/cemvalderas.es\/dev\/diastemas-y-como-es-el-tratamiento\/#primaryimage","url":"https:\/\/cemvalderas.es\/dev\/wp-content\/uploads\/2024\/04\/Diseno-sin-titulo-2024-04-10T101712.195.jpg","contentUrl":"https:\/\/cemvalderas.es\/dev\/wp-content\/uploads\/2024\/04\/Diseno-sin-titulo-2024-04-10T101712.195.jpg","width":1080,"height":1080,"caption":"diastema"},{"@type":"BreadcrumbList","@id":"https:\/\/cemvalderas.es\/dev\/diastemas-y-como-es-el-tratamiento\/#breadcrumb","itemListElement":[{"@type":"ListItem","position":1,"name":"Portada","item":"https:\/\/cemvalderas.es\/dev\/"},{"@type":"ListItem","position":2,"name":"Diastemas y c\u00f3mo es el tratamiento"}]},{"@type":"WebSite","@id":"https:\/\/cemvalderas.es\/dev\/#website","url":"https:\/\/cemvalderas.es\/dev\/","name":"Clinica Dental CEM Valderas Dentistas Alcorcon","description":"Los mejores tratamientos odontol\u00f3gicos, sin dolor. Vuelve a sonre\u00edr sin que te duela el bolsillo","publisher":{"@id":"https:\/\/cemvalderas.es\/dev\/#organization"},"potentialAction":[{"@type":"SearchAction","target":{"@type":"EntryPoint","urlTemplate":"https:\/\/cemvalderas.es\/dev\/?s={search_term_string}"},"query-input":{"@type":"PropertyValueSpecification","valueRequired":true,"valueName":"search_term_string"}}],"inLanguage":"es"},{"@type":"Organization","@id":"https:\/\/cemvalderas.es\/dev\/#organization","name":"Clinica Dental CEM Valderas Dentistas Alcorcon","url":"https:\/\/cemvalderas.es\/dev\/","logo":{"@type":"ImageObject","inLanguage":"es","@id":"https:\/\/cemvalderas.es\/dev\/#\/schema\/logo\/image\/","url":"https:\/\/cemvalderas.es\/dev\/wp-content\/uploads\/2025\/09\/12c4595b090208224e9ca0e24fddb595.png","contentUrl":"https:\/\/cemvalderas.es\/dev\/wp-content\/uploads\/2025\/09\/12c4595b090208224e9ca0e24fddb595.png","width":229,"height":44,"caption":"Clinica Dental CEM Valderas Dentistas Alcorcon"},"image":{"@id":"https:\/\/cemvalderas.es\/dev\/#\/schema\/logo\/image\/"}},{"@type":"Person","@id":"https:\/\/cemvalderas.es\/dev\/#\/schema\/person\/57dbaa31b1919508e6803a19cb1dffe5","name":"CEM VALDERAS","image":{"@type":"ImageObject","inLanguage":"es","@id":"https:\/\/cemvalderas.es\/dev\/#\/schema\/person\/image\/","url":"https:\/\/secure.gravatar.com\/avatar\/a0b795c992935e775c0fb2c4f6336e5d4d1d8485fa70c9a9407bd42e6450a864?s=96&d=mm&r=g","contentUrl":"https:\/\/secure.gravatar.com\/avatar\/a0b795c992935e775c0fb2c4f6336e5d4d1d8485fa70c9a9407bd42e6450a864?s=96&d=mm&r=g","caption":"CEM VALDERAS"},"url":"https:\/\/cemvalderas.es\/dev\/author\/oroldanv75\/"}]}},"_links":{"self":[{"href":"https:\/\/cemvalderas.es\/dev\/wp-json\/wp\/v2\/posts\/5824","targetHints":{"allow":["GET"]}}],"collection":[{"href":"https:\/\/cemvalderas.es\/dev\/wp-json\/wp\/v2\/posts"}],"about":[{"href":"https:\/\/cemvalderas.es\/dev\/wp-json\/wp\/v2\/types\/post"}],"author":[{"embeddable":true,"href":"https:\/\/cemvalderas.es\/dev\/wp-json\/wp\/v2\/users\/2"}],"replies":[{"embeddable":true,"href":"https:\/\/cemvalderas.es\/dev\/wp-json\/wp\/v2\/comments?post=5824"}],"version-history":[{"count":0,"href":"https:\/\/cemvalderas.es\/dev\/wp-json\/wp\/v2\/posts\/5824\/revisions"}],"wp:featuredmedia":[{"embeddable":true,"href":"https:\/\/cemvalderas.es\/dev\/wp-json\/wp\/v2\/media\/5829"}],"wp:attachment":[{"href":"https:\/\/cemvalderas.es\/dev\/wp-json\/wp\/v2\/media?parent=5824"}],"wp:term":[{"taxonomy":"category","embeddable":true,"href":"https:\/\/cemvalderas.es\/dev\/wp-json\/wp\/v2\/categories?post=5824"},{"taxonomy":"post_tag","embeddable":true,"href":"https:\/\/cemvalderas.es\/dev\/wp-json\/wp\/v2\/tags?post=5824"}],"curies":[{"name":"wp","href":"https:\/\/api.w.org\/{rel}","templated":true}]}}