{"id":5596,"date":"2023-12-26T10:59:45","date_gmt":"2023-12-26T10:59:45","guid":{"rendered":"https:\/\/cemvalderas.es\/?p=5596"},"modified":"2023-12-26T10:59:45","modified_gmt":"2023-12-26T10:59:45","slug":"por-que-mi-lengua-tiene-un-color-diferente","status":"publish","type":"post","link":"https:\/\/cemvalderas.es\/dev\/por-que-mi-lengua-tiene-un-color-diferente\/","title":{"rendered":"\u00bfPor qu\u00e9 mi lengua tiene un color diferente?"},"content":{"rendered":"\n<p>Por lo general, los dentista pasan la mayor parte de su tiempo hablando sobre los dientes. Pero hoy vamos a cambiarlo un poco y <strong>centrarnos en otra \u00e1rea importante de la salud bucal: la lengua. <\/strong>Este incre\u00edble m\u00fasculo nos ayuda a hablar, masticar y tragar, pero \u00bfsab\u00edas que nuestra lengua tambi\u00e9n puede ayudar a tu equipo dental a identificar problemas de salud bucal o incluso otros problemas de todo el cuerpo? Echemos un vistazo a algunas formas en que nuestra lengua puede ser la <strong>ventana a la salud general.<\/strong><\/p>\n\n\n\n<h2 class=\"wp-block-heading\" id=\"h-una-lengua-roja-brillante\">Una lengua roja brillante<\/h2>\n\n\n\n<figure class=\"wp-block-image alignright size-large is-resized is-style-default\"><img fetchpriority=\"high\" decoding=\"async\" src=\"https:\/\/cemvalderas.es\/dev\/wp-content\/uploads\/2023\/11\/lengua-1-1024x1024.jpg\" alt=\"color lengua\" class=\"wp-image-5598\" width=\"361\" height=\"361\" srcset=\"https:\/\/cemvalderas.es\/dev\/wp-content\/uploads\/2023\/11\/lengua-1-1024x1024.jpg 1024w, https:\/\/cemvalderas.es\/dev\/wp-content\/uploads\/2023\/11\/lengua-1-300x300.jpg 300w, https:\/\/cemvalderas.es\/dev\/wp-content\/uploads\/2023\/11\/lengua-1-150x150.jpg 150w, https:\/\/cemvalderas.es\/dev\/wp-content\/uploads\/2023\/11\/lengua-1-768x768.jpg 768w, https:\/\/cemvalderas.es\/dev\/wp-content\/uploads\/2023\/11\/lengua-1-700x700.jpg 700w, https:\/\/cemvalderas.es\/dev\/wp-content\/uploads\/2023\/11\/lengua-1.jpg 1080w\" sizes=\"(max-width: 361px) 100vw, 361px\" \/><\/figure>\n\n\n\n<p>Las lenguas suelen tener un bonito tono rosado, lo que indica una lengua saludable y bien hidratada. Pero tambi\u00e9n hay ocasiones en las que los pacientes se miran la <strong>boca y encuentran una lengua de color rojo brillante<\/strong>. El color puede ser tan dram\u00e1tico que puede parecer como si acabaras de comer una paleta roja que te manchara la lengua. Una lengua roja a menudo se conoce como lengua de fresa y puede indicar una<strong> deficiencia de vitamina B-12 o de hierro. <\/strong>Ocasionalmente, una lengua roja tambi\u00e9n puede ser un <strong>signo de fiebre, faringitis estreptoc\u00f3cica, enfermedad de Kawasaki o eritroplaquia. <\/strong>La eritroplasia puede aumentar la probabilidad de desarrollar c\u00e1ncer oral, por lo que cualquier enrojecimiento de la lengua que no desaparece, llama a tu dentista.<\/p>\n\n\n\n<h2 class=\"wp-block-heading\">Bordes festoneados u ondulados<\/h2>\n\n\n\n<p>Si has pasado un tiempo desde la \u00faltima vez que miraste tu lengua, ahora puedes notar cambios en su textura, particularmente una <strong>apariencia festoneada u ondulada a lo largo de los bordes.<\/strong> Por lo general, esto no es nada de qu\u00e9 preocuparse, <strong>pero puede ser una se\u00f1al de otros problemas. <\/strong>Los bordes festoneados u ondulados a menudo resultan de que la lengua se empuja repetidamente contra los dientes. \u00a1Esto puede suceder incluso durante el sue\u00f1o! Este cambio en la textura de la lengua tambi\u00e9n puede ser un signo de rechinar los dientes, apnea del sue\u00f1o, <strong>trastorno de la ATM o deficiencias de vitaminas.<\/strong><\/p>\n\n\n\n<h2 class=\"wp-block-heading\">Una lengua negra y peluda<\/h2>\n\n\n\n<figure class=\"wp-block-image alignright size-large is-resized is-style-default\"><img decoding=\"async\" src=\"https:\/\/cemvalderas.es\/dev\/wp-content\/uploads\/2023\/11\/Diseno-sin-titulo-2023-11-28T173816.396-1024x1024.jpg\" alt=\"color lengua\" class=\"wp-image-5600\" width=\"359\" height=\"359\" srcset=\"https:\/\/cemvalderas.es\/dev\/wp-content\/uploads\/2023\/11\/Diseno-sin-titulo-2023-11-28T173816.396-1024x1024.jpg 1024w, https:\/\/cemvalderas.es\/dev\/wp-content\/uploads\/2023\/11\/Diseno-sin-titulo-2023-11-28T173816.396-300x300.jpg 300w, https:\/\/cemvalderas.es\/dev\/wp-content\/uploads\/2023\/11\/Diseno-sin-titulo-2023-11-28T173816.396-150x150.jpg 150w, https:\/\/cemvalderas.es\/dev\/wp-content\/uploads\/2023\/11\/Diseno-sin-titulo-2023-11-28T173816.396-768x768.jpg 768w, https:\/\/cemvalderas.es\/dev\/wp-content\/uploads\/2023\/11\/Diseno-sin-titulo-2023-11-28T173816.396-700x700.jpg 700w, https:\/\/cemvalderas.es\/dev\/wp-content\/uploads\/2023\/11\/Diseno-sin-titulo-2023-11-28T173816.396.jpg 1080w\" sizes=\"(max-width: 359px) 100vw, 359px\" \/><\/figure>\n\n\n\n<p>Por m\u00e1s raro que parezca y por m\u00e1s aterrador que pueda ser, por lo general una lengua negra y peluda no es motivo de preocupaci\u00f3n. Esta afecci\u00f3n puede ser causada por una <strong>mala higiene bucal, fumar, beber demasiado alcohol, sequedad de boca o cambios en los hongos o bacterias en la boca. <\/strong>Adem\u00e1s, el \u00abpelo\u00bb que ves no es en realidad cabello, sino m\u00e1s bien una acumulaci\u00f3n de c\u00e9lulas de la piel en las papilas (las peque\u00f1as protuberancias que se encuentran naturalmente en la lengua). Cuando demasiadas c\u00e9lulas se apoderan de las papilas, pueden parecer largas y parecidas a pelos en lugar de peque\u00f1as protuberancias. <strong>Esta condici\u00f3n puede resolverse por s\u00ed sola.<\/strong><\/p>\n\n\n\n<h2 class=\"wp-block-heading\">Llagas o bultos dolorosos<\/h2>\n\n\n\n<p>Como hemos mencionado antes, todas las <strong>lenguas tienen peque\u00f1as protuberancias llamadas papilas<\/strong>. Eso es normal y no es motivo de preocupaci\u00f3n. Sin embargo, cuando <strong>aparece un nuevo bulto y se acompa\u00f1a de dolor o molestias y no desaparece, debes visitar a tu dentista.<\/strong> Los bultos nuevos que no desaparecen en el transcurso de dos semanas pueden ser un signo de c\u00e1ncer oral. El c\u00e1ncer oral se puede tratar, pero el tratamiento suele tener m\u00e1s \u00e9xito cuando el c\u00e1ncer se detecta a tiempo. <strong>Llama a tu dentista tan pronto como puedas para que lo revise.<\/strong><\/p>\n\n\n\n<p>Tu lengua puede decir mucho sobre tu <strong>salud en general y no debes ignorarla<\/strong>. Vigila de cerca tu lengua entre tus citas con el dentista y aseg\u00farate de hablar sobre cualquier cambio que pueda <strong>notar con tu cl\u00ednica dental.<\/strong><\/p>\n\n\n\n<p>.<\/p>\n\n\n\n<p>.<\/p>\n\n\n\n<p>En la<strong>&nbsp;<a href=\"https:\/\/cemvalderas.es\/\">Cl\u00ednica Dental Alcorc\u00f3n CEM Valderas<\/a>&nbsp;&nbsp;<\/strong>somos expertos en<strong>&nbsp;<a href=\"https:\/\/cemvalderas.es\/centro-odontologico\/\">tratamientos para tu salud dental<\/a>.&nbsp;<\/strong>Para m\u00e1s informaci\u00f3n no duden en visitar<strong>&nbsp;<a href=\"https:\/\/goo.gl\/maps\/Zt49RVmiHJNs1Kk96\" target=\"_blank\" rel=\"noreferrer noopener\">Centro de Especialidades M\u00e9dicas CEM Valderas<\/a>&nbsp;<\/strong>situado en&nbsp;Alcorc\u00f3n&nbsp;o llamarnos por&nbsp;tel\u00e9fono 912 260 021, estaremos encantados de poder atenderle.<\/p>\n","protected":false},"excerpt":{"rendered":"<p>Por lo general, los dentista pasan la mayor parte de su tiempo hablando sobre los dientes. Pero hoy vamos a cambiarlo un poco y centrarnos en otra \u00e1rea importante de la salud bucal: la lengua. Este incre\u00edble m\u00fasculo nos ayuda a hablar, masticar y tragar, pero \u00bfsab\u00edas que nuestra lengua tambi\u00e9n puede ayudar a tu [&hellip;]<\/p>\n","protected":false},"author":2,"featured_media":5599,"comment_status":"closed","ping_status":"closed","sticky":false,"template":"","format":"standard","meta":{"footnotes":""},"categories":[114],"tags":[],"class_list":["post-5596","post","type-post","status-publish","format-standard","has-post-thumbnail","hentry","category-prevencion"],"yoast_head":"<!-- This site is optimized with the Yoast SEO plugin v26.8 - https:\/\/yoast.com\/product\/yoast-seo-wordpress\/ -->\n<title>\u00bfPor qu\u00e9 mi lengua tiene un color diferente? - Clinica Dental CEM Valderas Dentistas Alcorcon<\/title>\n<meta name=\"description\" content=\"Echemos un vistazo a algunas formas en que el color de nuestra lengua puede ser la ventana a la salud general.\" \/>\n<meta name=\"robots\" content=\"index, follow, max-snippet:-1, max-image-preview:large, max-video-preview:-1\" \/>\n<link rel=\"canonical\" href=\"https:\/\/cemvalderas.es\/dev\/por-que-mi-lengua-tiene-un-color-diferente\/\" \/>\n<meta property=\"og:locale\" content=\"es_ES\" \/>\n<meta property=\"og:type\" content=\"article\" \/>\n<meta property=\"og:title\" content=\"\u00bfPor qu\u00e9 mi lengua tiene un color diferente? - Clinica Dental CEM Valderas Dentistas Alcorcon\" \/>\n<meta property=\"og:description\" content=\"Echemos un vistazo a algunas formas en que el color de nuestra lengua puede ser la ventana a la salud general.\" \/>\n<meta property=\"og:url\" content=\"https:\/\/cemvalderas.es\/dev\/por-que-mi-lengua-tiene-un-color-diferente\/\" \/>\n<meta property=\"og:site_name\" content=\"Clinica Dental CEM Valderas Dentistas Alcorcon\" \/>\n<meta property=\"article:published_time\" content=\"2023-12-26T10:59:45+00:00\" \/>\n<meta property=\"og:image\" content=\"https:\/\/cemvalderas.es\/dev\/wp-content\/uploads\/2023\/11\/Diseno-sin-titulo-2023-11-28T173854.135.jpg\" \/>\n\t<meta property=\"og:image:width\" content=\"1080\" \/>\n\t<meta property=\"og:image:height\" content=\"1080\" \/>\n\t<meta property=\"og:image:type\" content=\"image\/jpeg\" \/>\n<meta name=\"author\" content=\"CEM VALDERAS\" \/>\n<meta name=\"twitter:card\" content=\"summary_large_image\" \/>\n<meta name=\"twitter:label1\" content=\"Escrito por\" \/>\n\t<meta name=\"twitter:data1\" content=\"CEM VALDERAS\" \/>\n\t<meta name=\"twitter:label2\" content=\"Tiempo de lectura\" \/>\n\t<meta name=\"twitter:data2\" content=\"4 minutos\" \/>\n<script type=\"application\/ld+json\" class=\"yoast-schema-graph\">{\"@context\":\"https:\/\/schema.org\",\"@graph\":[{\"@type\":\"Article\",\"@id\":\"https:\/\/cemvalderas.es\/dev\/por-que-mi-lengua-tiene-un-color-diferente\/#article\",\"isPartOf\":{\"@id\":\"https:\/\/cemvalderas.es\/dev\/por-que-mi-lengua-tiene-un-color-diferente\/\"},\"author\":{\"name\":\"CEM VALDERAS\",\"@id\":\"https:\/\/cemvalderas.es\/dev\/#\/schema\/person\/57dbaa31b1919508e6803a19cb1dffe5\"},\"headline\":\"\u00bfPor qu\u00e9 mi lengua tiene un color diferente?\",\"datePublished\":\"2023-12-26T10:59:45+00:00\",\"mainEntityOfPage\":{\"@id\":\"https:\/\/cemvalderas.es\/dev\/por-que-mi-lengua-tiene-un-color-diferente\/\"},\"wordCount\":678,\"publisher\":{\"@id\":\"https:\/\/cemvalderas.es\/dev\/#organization\"},\"image\":{\"@id\":\"https:\/\/cemvalderas.es\/dev\/por-que-mi-lengua-tiene-un-color-diferente\/#primaryimage\"},\"thumbnailUrl\":\"https:\/\/cemvalderas.es\/dev\/wp-content\/uploads\/2023\/11\/Diseno-sin-titulo-2023-11-28T173854.135.jpg\",\"articleSection\":[\"Prevenci\u00f3n\"],\"inLanguage\":\"es\"},{\"@type\":\"WebPage\",\"@id\":\"https:\/\/cemvalderas.es\/dev\/por-que-mi-lengua-tiene-un-color-diferente\/\",\"url\":\"https:\/\/cemvalderas.es\/dev\/por-que-mi-lengua-tiene-un-color-diferente\/\",\"name\":\"\u00bfPor qu\u00e9 mi lengua tiene un color diferente? - Clinica Dental CEM Valderas Dentistas Alcorcon\",\"isPartOf\":{\"@id\":\"https:\/\/cemvalderas.es\/dev\/#website\"},\"primaryImageOfPage\":{\"@id\":\"https:\/\/cemvalderas.es\/dev\/por-que-mi-lengua-tiene-un-color-diferente\/#primaryimage\"},\"image\":{\"@id\":\"https:\/\/cemvalderas.es\/dev\/por-que-mi-lengua-tiene-un-color-diferente\/#primaryimage\"},\"thumbnailUrl\":\"https:\/\/cemvalderas.es\/dev\/wp-content\/uploads\/2023\/11\/Diseno-sin-titulo-2023-11-28T173854.135.jpg\",\"datePublished\":\"2023-12-26T10:59:45+00:00\",\"description\":\"Echemos un vistazo a algunas formas en que el color de nuestra lengua puede ser la ventana a la salud general.\",\"breadcrumb\":{\"@id\":\"https:\/\/cemvalderas.es\/dev\/por-que-mi-lengua-tiene-un-color-diferente\/#breadcrumb\"},\"inLanguage\":\"es\",\"potentialAction\":[{\"@type\":\"ReadAction\",\"target\":[\"https:\/\/cemvalderas.es\/dev\/por-que-mi-lengua-tiene-un-color-diferente\/\"]}]},{\"@type\":\"ImageObject\",\"inLanguage\":\"es\",\"@id\":\"https:\/\/cemvalderas.es\/dev\/por-que-mi-lengua-tiene-un-color-diferente\/#primaryimage\",\"url\":\"https:\/\/cemvalderas.es\/dev\/wp-content\/uploads\/2023\/11\/Diseno-sin-titulo-2023-11-28T173854.135.jpg\",\"contentUrl\":\"https:\/\/cemvalderas.es\/dev\/wp-content\/uploads\/2023\/11\/Diseno-sin-titulo-2023-11-28T173854.135.jpg\",\"width\":1080,\"height\":1080,\"caption\":\"color lengua\"},{\"@type\":\"BreadcrumbList\",\"@id\":\"https:\/\/cemvalderas.es\/dev\/por-que-mi-lengua-tiene-un-color-diferente\/#breadcrumb\",\"itemListElement\":[{\"@type\":\"ListItem\",\"position\":1,\"name\":\"Portada\",\"item\":\"https:\/\/cemvalderas.es\/dev\/\"},{\"@type\":\"ListItem\",\"position\":2,\"name\":\"\u00bfPor qu\u00e9 mi lengua tiene un color diferente?\"}]},{\"@type\":\"WebSite\",\"@id\":\"https:\/\/cemvalderas.es\/dev\/#website\",\"url\":\"https:\/\/cemvalderas.es\/dev\/\",\"name\":\"Clinica Dental CEM Valderas Dentistas Alcorcon\",\"description\":\"Los mejores tratamientos odontol\u00f3gicos, sin dolor. Vuelve a sonre\u00edr sin que te duela el bolsillo\",\"publisher\":{\"@id\":\"https:\/\/cemvalderas.es\/dev\/#organization\"},\"potentialAction\":[{\"@type\":\"SearchAction\",\"target\":{\"@type\":\"EntryPoint\",\"urlTemplate\":\"https:\/\/cemvalderas.es\/dev\/?s={search_term_string}\"},\"query-input\":{\"@type\":\"PropertyValueSpecification\",\"valueRequired\":true,\"valueName\":\"search_term_string\"}}],\"inLanguage\":\"es\"},{\"@type\":\"Organization\",\"@id\":\"https:\/\/cemvalderas.es\/dev\/#organization\",\"name\":\"Clinica Dental CEM Valderas Dentistas Alcorcon\",\"url\":\"https:\/\/cemvalderas.es\/dev\/\",\"logo\":{\"@type\":\"ImageObject\",\"inLanguage\":\"es\",\"@id\":\"https:\/\/cemvalderas.es\/dev\/#\/schema\/logo\/image\/\",\"url\":\"https:\/\/cemvalderas.es\/dev\/wp-content\/uploads\/2025\/09\/12c4595b090208224e9ca0e24fddb595.png\",\"contentUrl\":\"https:\/\/cemvalderas.es\/dev\/wp-content\/uploads\/2025\/09\/12c4595b090208224e9ca0e24fddb595.png\",\"width\":229,\"height\":44,\"caption\":\"Clinica Dental CEM Valderas Dentistas Alcorcon\"},\"image\":{\"@id\":\"https:\/\/cemvalderas.es\/dev\/#\/schema\/logo\/image\/\"}},{\"@type\":\"Person\",\"@id\":\"https:\/\/cemvalderas.es\/dev\/#\/schema\/person\/57dbaa31b1919508e6803a19cb1dffe5\",\"name\":\"CEM VALDERAS\",\"image\":{\"@type\":\"ImageObject\",\"inLanguage\":\"es\",\"@id\":\"https:\/\/cemvalderas.es\/dev\/#\/schema\/person\/image\/\",\"url\":\"https:\/\/secure.gravatar.com\/avatar\/a0b795c992935e775c0fb2c4f6336e5d4d1d8485fa70c9a9407bd42e6450a864?s=96&d=mm&r=g\",\"contentUrl\":\"https:\/\/secure.gravatar.com\/avatar\/a0b795c992935e775c0fb2c4f6336e5d4d1d8485fa70c9a9407bd42e6450a864?s=96&d=mm&r=g\",\"caption\":\"CEM VALDERAS\"},\"url\":\"https:\/\/cemvalderas.es\/dev\/author\/oroldanv75\/\"}]}<\/script>\n<!-- \/ Yoast SEO plugin. -->","yoast_head_json":{"title":"\u00bfPor qu\u00e9 mi lengua tiene un color diferente? - Clinica Dental CEM Valderas Dentistas Alcorcon","description":"Echemos un vistazo a algunas formas en que el color de nuestra lengua puede ser la ventana a la salud general.","robots":{"index":"index","follow":"follow","max-snippet":"max-snippet:-1","max-image-preview":"max-image-preview:large","max-video-preview":"max-video-preview:-1"},"canonical":"https:\/\/cemvalderas.es\/dev\/por-que-mi-lengua-tiene-un-color-diferente\/","og_locale":"es_ES","og_type":"article","og_title":"\u00bfPor qu\u00e9 mi lengua tiene un color diferente? - Clinica Dental CEM Valderas Dentistas Alcorcon","og_description":"Echemos un vistazo a algunas formas en que el color de nuestra lengua puede ser la ventana a la salud general.","og_url":"https:\/\/cemvalderas.es\/dev\/por-que-mi-lengua-tiene-un-color-diferente\/","og_site_name":"Clinica Dental CEM Valderas Dentistas Alcorcon","article_published_time":"2023-12-26T10:59:45+00:00","og_image":[{"width":1080,"height":1080,"url":"https:\/\/cemvalderas.es\/dev\/wp-content\/uploads\/2023\/11\/Diseno-sin-titulo-2023-11-28T173854.135.jpg","type":"image\/jpeg"}],"author":"CEM VALDERAS","twitter_card":"summary_large_image","twitter_misc":{"Escrito por":"CEM VALDERAS","Tiempo de lectura":"4 minutos"},"schema":{"@context":"https:\/\/schema.org","@graph":[{"@type":"Article","@id":"https:\/\/cemvalderas.es\/dev\/por-que-mi-lengua-tiene-un-color-diferente\/#article","isPartOf":{"@id":"https:\/\/cemvalderas.es\/dev\/por-que-mi-lengua-tiene-un-color-diferente\/"},"author":{"name":"CEM VALDERAS","@id":"https:\/\/cemvalderas.es\/dev\/#\/schema\/person\/57dbaa31b1919508e6803a19cb1dffe5"},"headline":"\u00bfPor qu\u00e9 mi lengua tiene un color diferente?","datePublished":"2023-12-26T10:59:45+00:00","mainEntityOfPage":{"@id":"https:\/\/cemvalderas.es\/dev\/por-que-mi-lengua-tiene-un-color-diferente\/"},"wordCount":678,"publisher":{"@id":"https:\/\/cemvalderas.es\/dev\/#organization"},"image":{"@id":"https:\/\/cemvalderas.es\/dev\/por-que-mi-lengua-tiene-un-color-diferente\/#primaryimage"},"thumbnailUrl":"https:\/\/cemvalderas.es\/dev\/wp-content\/uploads\/2023\/11\/Diseno-sin-titulo-2023-11-28T173854.135.jpg","articleSection":["Prevenci\u00f3n"],"inLanguage":"es"},{"@type":"WebPage","@id":"https:\/\/cemvalderas.es\/dev\/por-que-mi-lengua-tiene-un-color-diferente\/","url":"https:\/\/cemvalderas.es\/dev\/por-que-mi-lengua-tiene-un-color-diferente\/","name":"\u00bfPor qu\u00e9 mi lengua tiene un color diferente? - Clinica Dental CEM Valderas Dentistas Alcorcon","isPartOf":{"@id":"https:\/\/cemvalderas.es\/dev\/#website"},"primaryImageOfPage":{"@id":"https:\/\/cemvalderas.es\/dev\/por-que-mi-lengua-tiene-un-color-diferente\/#primaryimage"},"image":{"@id":"https:\/\/cemvalderas.es\/dev\/por-que-mi-lengua-tiene-un-color-diferente\/#primaryimage"},"thumbnailUrl":"https:\/\/cemvalderas.es\/dev\/wp-content\/uploads\/2023\/11\/Diseno-sin-titulo-2023-11-28T173854.135.jpg","datePublished":"2023-12-26T10:59:45+00:00","description":"Echemos un vistazo a algunas formas en que el color de nuestra lengua puede ser la ventana a la salud general.","breadcrumb":{"@id":"https:\/\/cemvalderas.es\/dev\/por-que-mi-lengua-tiene-un-color-diferente\/#breadcrumb"},"inLanguage":"es","potentialAction":[{"@type":"ReadAction","target":["https:\/\/cemvalderas.es\/dev\/por-que-mi-lengua-tiene-un-color-diferente\/"]}]},{"@type":"ImageObject","inLanguage":"es","@id":"https:\/\/cemvalderas.es\/dev\/por-que-mi-lengua-tiene-un-color-diferente\/#primaryimage","url":"https:\/\/cemvalderas.es\/dev\/wp-content\/uploads\/2023\/11\/Diseno-sin-titulo-2023-11-28T173854.135.jpg","contentUrl":"https:\/\/cemvalderas.es\/dev\/wp-content\/uploads\/2023\/11\/Diseno-sin-titulo-2023-11-28T173854.135.jpg","width":1080,"height":1080,"caption":"color lengua"},{"@type":"BreadcrumbList","@id":"https:\/\/cemvalderas.es\/dev\/por-que-mi-lengua-tiene-un-color-diferente\/#breadcrumb","itemListElement":[{"@type":"ListItem","position":1,"name":"Portada","item":"https:\/\/cemvalderas.es\/dev\/"},{"@type":"ListItem","position":2,"name":"\u00bfPor qu\u00e9 mi lengua tiene un color diferente?"}]},{"@type":"WebSite","@id":"https:\/\/cemvalderas.es\/dev\/#website","url":"https:\/\/cemvalderas.es\/dev\/","name":"Clinica Dental CEM Valderas Dentistas Alcorcon","description":"Los mejores tratamientos odontol\u00f3gicos, sin dolor. Vuelve a sonre\u00edr sin que te duela el bolsillo","publisher":{"@id":"https:\/\/cemvalderas.es\/dev\/#organization"},"potentialAction":[{"@type":"SearchAction","target":{"@type":"EntryPoint","urlTemplate":"https:\/\/cemvalderas.es\/dev\/?s={search_term_string}"},"query-input":{"@type":"PropertyValueSpecification","valueRequired":true,"valueName":"search_term_string"}}],"inLanguage":"es"},{"@type":"Organization","@id":"https:\/\/cemvalderas.es\/dev\/#organization","name":"Clinica Dental CEM Valderas Dentistas Alcorcon","url":"https:\/\/cemvalderas.es\/dev\/","logo":{"@type":"ImageObject","inLanguage":"es","@id":"https:\/\/cemvalderas.es\/dev\/#\/schema\/logo\/image\/","url":"https:\/\/cemvalderas.es\/dev\/wp-content\/uploads\/2025\/09\/12c4595b090208224e9ca0e24fddb595.png","contentUrl":"https:\/\/cemvalderas.es\/dev\/wp-content\/uploads\/2025\/09\/12c4595b090208224e9ca0e24fddb595.png","width":229,"height":44,"caption":"Clinica Dental CEM Valderas Dentistas Alcorcon"},"image":{"@id":"https:\/\/cemvalderas.es\/dev\/#\/schema\/logo\/image\/"}},{"@type":"Person","@id":"https:\/\/cemvalderas.es\/dev\/#\/schema\/person\/57dbaa31b1919508e6803a19cb1dffe5","name":"CEM VALDERAS","image":{"@type":"ImageObject","inLanguage":"es","@id":"https:\/\/cemvalderas.es\/dev\/#\/schema\/person\/image\/","url":"https:\/\/secure.gravatar.com\/avatar\/a0b795c992935e775c0fb2c4f6336e5d4d1d8485fa70c9a9407bd42e6450a864?s=96&d=mm&r=g","contentUrl":"https:\/\/secure.gravatar.com\/avatar\/a0b795c992935e775c0fb2c4f6336e5d4d1d8485fa70c9a9407bd42e6450a864?s=96&d=mm&r=g","caption":"CEM VALDERAS"},"url":"https:\/\/cemvalderas.es\/dev\/author\/oroldanv75\/"}]}},"_links":{"self":[{"href":"https:\/\/cemvalderas.es\/dev\/wp-json\/wp\/v2\/posts\/5596","targetHints":{"allow":["GET"]}}],"collection":[{"href":"https:\/\/cemvalderas.es\/dev\/wp-json\/wp\/v2\/posts"}],"about":[{"href":"https:\/\/cemvalderas.es\/dev\/wp-json\/wp\/v2\/types\/post"}],"author":[{"embeddable":true,"href":"https:\/\/cemvalderas.es\/dev\/wp-json\/wp\/v2\/users\/2"}],"replies":[{"embeddable":true,"href":"https:\/\/cemvalderas.es\/dev\/wp-json\/wp\/v2\/comments?post=5596"}],"version-history":[{"count":0,"href":"https:\/\/cemvalderas.es\/dev\/wp-json\/wp\/v2\/posts\/5596\/revisions"}],"wp:featuredmedia":[{"embeddable":true,"href":"https:\/\/cemvalderas.es\/dev\/wp-json\/wp\/v2\/media\/5599"}],"wp:attachment":[{"href":"https:\/\/cemvalderas.es\/dev\/wp-json\/wp\/v2\/media?parent=5596"}],"wp:term":[{"taxonomy":"category","embeddable":true,"href":"https:\/\/cemvalderas.es\/dev\/wp-json\/wp\/v2\/categories?post=5596"},{"taxonomy":"post_tag","embeddable":true,"href":"https:\/\/cemvalderas.es\/dev\/wp-json\/wp\/v2\/tags?post=5596"}],"curies":[{"name":"wp","href":"https:\/\/api.w.org\/{rel}","templated":true}]}}