{"id":5255,"date":"2023-09-22T08:23:01","date_gmt":"2023-09-22T08:23:01","guid":{"rendered":"https:\/\/cemvalderas.es\/?p=5255"},"modified":"2023-09-22T08:23:01","modified_gmt":"2023-09-22T08:23:01","slug":"que-es-un-tratamiento-de-ortodoncia-con-tecnica-invisalign","status":"publish","type":"post","link":"https:\/\/cemvalderas.es\/dev\/que-es-un-tratamiento-de-ortodoncia-con-tecnica-invisalign\/","title":{"rendered":"\u00bfQu\u00e9 es un tratamiento de ortodoncia con la t\u00e9cnica Invisalign?"},"content":{"rendered":"\n<p>En la<strong> Cl\u00ednica Cem Valderas<\/strong> somos<strong><a href=\"https:\/\/www.invisalign.es\/gp\/provider-locator#v=results&amp;c=alcorcon&amp;t=teen&amp;cy=es&amp;pr=1&amp;s=e\"> la m\u00e1xima categor\u00eda como Invisalign Providers<\/a><\/strong> y adem\u00e1s tenemos una gran variedad de opciones disponibles en lo que respecta a odontolog\u00eda general, odontolog\u00eda est\u00e9tica y restauradora. Nuestro equipo de profesionales puede ayudar a los pacientes (que est\u00e1n considerando una ortodoncia) a<strong> decidir qu\u00e9 tratamiento es el m\u00e1s apropiado <\/strong>para sus necesidades espec\u00edficas. Con nuestra experiencia, los pacientes pueden restaurar <strong>sus sonrisas con soluciones como la t\u00e9cnica Invisalign.<\/strong><\/p>\n\n\n\n<h2 class=\"wp-block-heading\" id=\"h-que-es-la-tecnica-invisalign\">\u00bfQu\u00e9 es la t\u00e9cnica Invisalign?<\/h2>\n\n\n\n<figure class=\"wp-block-image alignright size-large is-resized is-style-default\"><img fetchpriority=\"high\" decoding=\"async\" src=\"https:\/\/cemvalderas.es\/dev\/wp-content\/uploads\/2023\/09\/Diseno-sin-titulo-2023-07-03T112439.013-1024x1024.jpg\" alt=\"Invisalign\" class=\"wp-image-5260\" width=\"345\" height=\"345\" srcset=\"https:\/\/cemvalderas.es\/dev\/wp-content\/uploads\/2023\/09\/Diseno-sin-titulo-2023-07-03T112439.013-1024x1024.jpg 1024w, https:\/\/cemvalderas.es\/dev\/wp-content\/uploads\/2023\/09\/Diseno-sin-titulo-2023-07-03T112439.013-300x300.jpg 300w, https:\/\/cemvalderas.es\/dev\/wp-content\/uploads\/2023\/09\/Diseno-sin-titulo-2023-07-03T112439.013-150x150.jpg 150w, https:\/\/cemvalderas.es\/dev\/wp-content\/uploads\/2023\/09\/Diseno-sin-titulo-2023-07-03T112439.013-768x768.jpg 768w, https:\/\/cemvalderas.es\/dev\/wp-content\/uploads\/2023\/09\/Diseno-sin-titulo-2023-07-03T112439.013-700x700.jpg 700w, https:\/\/cemvalderas.es\/dev\/wp-content\/uploads\/2023\/09\/Diseno-sin-titulo-2023-07-03T112439.013.jpg 1080w\" sizes=\"(max-width: 345px) 100vw, 345px\" \/><\/figure>\n\n\n\n<p><strong>Invisalign es un<a href=\"https:\/\/cemvalderas.es\/centro-odontologico\/ortodoncia-invisible-alcorcon\/\"> tipo de tratamiento de ortodoncia<\/a><\/strong> que se puede utilizar para conseguir una sonrisa m\u00e1s bonita. Puede utilizarse en pacientes que tienen una desalineaci\u00f3n de leve a moderada y tambi\u00e9n puede alinear la mordida. Los pacientes con sobremordida, mordida cruzada o submordida <strong>pueden disfrutar de los tratamientos de la t\u00e9cnica Invisalign. <\/strong>El proceso se realiza utilizando bandejas alineadoras de pl\u00e1stico transparente para mover gradualmente los dientes hasta lograr la alineaci\u00f3n adecuada. Esto se logra usando las bandejas durante al menos 20 horas al d\u00eda. Estos alineadores se retiran f\u00e1cilmente, lo que permite a los pacientes mantener su salud y bienestar bucal, usando hilo dental y cepill\u00e1ndose como lo har\u00edan normalmente sin tener que <strong>preocuparse por brackets y alambres que pueden complicarlo.<\/strong><\/p>\n\n\n\n<h2 class=\"wp-block-heading\">Beneficios de Invisalign<\/h2>\n\n\n\n<figure class=\"wp-block-image alignright size-large is-resized is-style-default\"><img decoding=\"async\" src=\"https:\/\/cemvalderas.es\/dev\/wp-content\/uploads\/2023\/09\/El-texto-del-parrafo-1-1024x1024.jpg\" alt=\"Invisalign\" class=\"wp-image-5257\" width=\"342\" height=\"342\" srcset=\"https:\/\/cemvalderas.es\/dev\/wp-content\/uploads\/2023\/09\/El-texto-del-parrafo-1-1024x1024.jpg 1024w, https:\/\/cemvalderas.es\/dev\/wp-content\/uploads\/2023\/09\/El-texto-del-parrafo-1-300x300.jpg 300w, https:\/\/cemvalderas.es\/dev\/wp-content\/uploads\/2023\/09\/El-texto-del-parrafo-1-150x150.jpg 150w, https:\/\/cemvalderas.es\/dev\/wp-content\/uploads\/2023\/09\/El-texto-del-parrafo-1-768x768.jpg 768w, https:\/\/cemvalderas.es\/dev\/wp-content\/uploads\/2023\/09\/El-texto-del-parrafo-1-700x700.jpg 700w, https:\/\/cemvalderas.es\/dev\/wp-content\/uploads\/2023\/09\/El-texto-del-parrafo-1.jpg 1080w\" sizes=\"(max-width: 342px) 100vw, 342px\" \/><\/figure>\n\n\n\n<p>Muchos pacientes preguntan a nuestro equipo sobre las ventajas de utilizar <strong>Invisalign frente a los brackets tradicionales.<\/strong><\/p>\n\n\n\n<p>Invisalign utiliza alineadores extra\u00edbles para enderezar los dientes en lugar de <strong>brackets pegados a los dientes y conectados con cables.<\/strong><\/p>\n\n\n\n<p><strong>Invisalign proporciona un tratamiento preciso<\/strong>, ya que se utilizan im\u00e1genes digitales para crear los alineadores.<\/p>\n\n\n\n<p><strong>El tratamiento Invisalign permite a los pacientes<\/strong> obtener una sonrisa nueva sin tener que usar aparatos met\u00e1licos que suelen ser m\u00e1s molestos y menos est\u00e9ticos. Los alineadores Invisalign son extra\u00edbles, por lo que los pacientes pueden mantener su salud y <strong>bienestar bucal con el cepillado y el uso de hilo dental.<\/strong><\/p>\n\n\n\n<p>Invisalign tiene un <strong>coste parecido al de los aparatos de ortodoncia tradicionales<\/strong> y es m\u00e1s discreto.<\/p>\n\n\n\n<p><strong>Esta t\u00e9cnica puede ser utilizada por adolescentes o adultos <\/strong>que comprendan la importancia de cumplir con su tratamiento. Invisalign permite a los pacientes lograr la sonrisa que siempre han deseado.<\/p>\n\n\n\n<h2 class=\"wp-block-heading\">\u00bfC\u00f3mo funciona Invisalign?<\/h2>\n\n\n\n<figure class=\"wp-block-image alignright size-large is-resized is-style-default\"><img decoding=\"async\" src=\"https:\/\/cemvalderas.es\/dev\/wp-content\/uploads\/2023\/09\/376225470_992204678551122_6995241205719767114_n-1024x1024.jpg\" alt=\"Invisalign\" class=\"wp-image-5262\" width=\"344\" height=\"344\" srcset=\"https:\/\/cemvalderas.es\/dev\/wp-content\/uploads\/2023\/09\/376225470_992204678551122_6995241205719767114_n-1024x1024.jpg 1024w, https:\/\/cemvalderas.es\/dev\/wp-content\/uploads\/2023\/09\/376225470_992204678551122_6995241205719767114_n-300x300.jpg 300w, https:\/\/cemvalderas.es\/dev\/wp-content\/uploads\/2023\/09\/376225470_992204678551122_6995241205719767114_n-150x150.jpg 150w, https:\/\/cemvalderas.es\/dev\/wp-content\/uploads\/2023\/09\/376225470_992204678551122_6995241205719767114_n-768x768.jpg 768w, https:\/\/cemvalderas.es\/dev\/wp-content\/uploads\/2023\/09\/376225470_992204678551122_6995241205719767114_n-700x700.jpg 700w, https:\/\/cemvalderas.es\/dev\/wp-content\/uploads\/2023\/09\/376225470_992204678551122_6995241205719767114_n.jpg 1080w\" sizes=\"(max-width: 344px) 100vw, 344px\" \/><\/figure>\n\n\n\n<p>En la <strong>cl\u00ednica Cem Valderas, la Dra. Laura del Olmo<\/strong> es referente en <strong><a href=\"https:\/\/www.invisalign.es\/gp\/provider-locator#v=results&amp;c=alcorcon&amp;t=teen&amp;cy=es&amp;pr=1&amp;s=e\">Invisalign First en Madrid Sur<\/a><\/strong>, con <strong>m\u00e1s de 18 a\u00f1os de experiencia<\/strong> como ortodoncista en exclusiva, por eso nos explicar\u00e1 a continuaci\u00f3n como funciona esta t\u00e9cnica:<\/p>\n\n\n\n<ol class=\"wp-block-list\">\n<li><strong>Primero, los pacientes reservan su cita de consulta.<\/strong> Esta visita permite evaluar las sonrisas de los pacientes y decidir si son candidatos adecuados para el tratamiento Invisalign.<\/li>\n\n\n\n<li>Si los pacientes deciden seguir adelante con este servicio para lograr la sonrisa que desean, luego trabajan con el equipo dental para <strong>completar una serie de impresiones digitales 3D.<\/strong> Estas impresiones crean im\u00e1genes que se env\u00edan a los laboratorios de Invisalign.<\/li>\n\n\n\n<li><strong>El equipo crear\u00e1 un conjunto de alineadores<\/strong> de precisi\u00f3n que guiar\u00e1n a los pacientes a trav\u00e9s del proceso de mejorar sus sonrisas. La cantidad de alineadores variar\u00e1 dependiendo de la gravedad de la desalineaci\u00f3n.<\/li>\n\n\n\n<li><strong>Los pacientes regresan a la cl\u00ednica dental para obtener sus alineadores.<\/strong> Durante este tiempo, el dentista guiar\u00e1 a los pacientes a trav\u00e9s del proceso de mejorar la sonrisa.<\/li>\n\n\n\n<li><strong>Los pacientes comienzan con el primer alineador y lo colocan sobre sus dientes naturales.<\/strong> Cada alineador se usa durante dos semanas antes de que los pacientes pasen al siguiente. \u00a1Al final de la serie de alineadores, los pacientes habr\u00e1n logrado una hermosa sonrisa!<\/li>\n<\/ol>\n\n\n\n<h2 class=\"wp-block-heading\">\u00bfCon qu\u00e9 frecuencia debo ver al dentista?<\/h2>\n\n\n\n<p>A los pacientes les encanta poder recibir su tratamiento Invisalign en la cl\u00ednica dental con el equipo que ya conocen y <strong>en el que conf\u00edan la salud de su sonrisa. <\/strong>A los pacientes tambi\u00e9n les encanta acudir de forma rutinaria para que el dentista pueda evaluar el progreso y asegurarse de que el tratamiento est\u00e9 funcionando como se esperaba. Esto es diferente a las pr\u00e1cticas de ortodoncia tradicionales en las que a los <strong>pacientes se les ajustan y ajustan los cables en cada visita. <\/strong>Las citas de Invisalign son r\u00e1pidas, f\u00e1ciles y permiten al dentista controlar el proceso de tratamiento y garantizar que se logren los resultados que los pacientes desean. Si los pacientes no cumplen adecuadamente con el tratamiento, puede haber retrasos en su tratamiento y costes adicionales, <strong>especialmente si el dentista necesita crear una nueva serie de cubetas debido al mal cumplimiento.<\/strong><\/p>\n\n\n\n<p>.<\/p>\n\n\n\n<p>Estamos orgullosos de mejorar las sonrisas de los pacientes de <strong>Alcorc\u00f3n y ser m\u00e1xima categor\u00eda como <a href=\"https:\/\/www.invisalign.es\/gp\/provider-locator#v=results&amp;c=alcorcon&amp;t=teen&amp;cy=es&amp;pr=1&amp;s=e\">Invisalign Providers<\/a>.<\/strong> Adem\u00e1s la <strong>Dra. Laura del Olmo<\/strong> (profesional con m\u00e1s casos de ortodoncia invisible) fue premiada como ortodoncista<strong> referente en ortodoncia infantil con alineadores invisibles.<\/strong><\/p>\n\n\n\n<p>En la<strong>&nbsp;<a href=\"https:\/\/cemvalderas.es\/\">Cl\u00ednica Dental Alcorc\u00f3n CEM Valderas<\/a>&nbsp;&nbsp;<\/strong>somos expertos en<strong>&nbsp;<a href=\"https:\/\/cemvalderas.es\/centro-odontologico\/\">tratamientos para tu salud dental<\/a>.&nbsp;<\/strong>Para m\u00e1s informaci\u00f3n no duden en visitar<strong>&nbsp;<a href=\"https:\/\/goo.gl\/maps\/Zt49RVmiHJNs1Kk96\" target=\"_blank\" rel=\"noreferrer noopener\">Centro de Especialidades M\u00e9dicas CEM Valderas<\/a>&nbsp;<\/strong>situado en&nbsp;Alcorc\u00f3n&nbsp;o llamarnos por&nbsp;tel\u00e9fono 912 260 021, estaremos encantados de poder atenderle.<\/p>\n","protected":false},"excerpt":{"rendered":"<p>En la Cl\u00ednica Cem Valderas somos la m\u00e1xima categor\u00eda como Invisalign Providers y adem\u00e1s tenemos una gran variedad de opciones disponibles en lo que respecta a odontolog\u00eda general, odontolog\u00eda est\u00e9tica y restauradora. Nuestro equipo de profesionales puede ayudar a los pacientes (que est\u00e1n considerando una ortodoncia) a decidir qu\u00e9 tratamiento es el m\u00e1s apropiado para [&hellip;]<\/p>\n","protected":false},"author":2,"featured_media":5261,"comment_status":"closed","ping_status":"closed","sticky":false,"template":"","format":"standard","meta":{"footnotes":""},"categories":[113],"tags":[],"class_list":["post-5255","post","type-post","status-publish","format-standard","has-post-thumbnail","hentry","category-ortodoncia"],"yoast_head":"<!-- This site is optimized with the Yoast SEO plugin v26.8 - https:\/\/yoast.com\/product\/yoast-seo-wordpress\/ -->\n<title>\u00bfQu\u00e9 es un tratamiento de ortodoncia con la t\u00e9cnica Invisalign? - Clinica Dental CEM Valderas Dentistas Alcorcon<\/title>\n<meta name=\"description\" content=\"En la cl\u00ednica Cem Valderas, la Dra. Laura del Olmo es referente en Invisalign First en Madrid Sur, por eso nos explicar\u00e1 a continuaci\u00f3n como funciona esta t\u00e9cnica:\" \/>\n<meta name=\"robots\" content=\"index, follow, max-snippet:-1, max-image-preview:large, max-video-preview:-1\" \/>\n<link rel=\"canonical\" href=\"https:\/\/cemvalderas.es\/dev\/que-es-un-tratamiento-de-ortodoncia-con-tecnica-invisalign\/\" \/>\n<meta property=\"og:locale\" content=\"es_ES\" \/>\n<meta property=\"og:type\" content=\"article\" \/>\n<meta property=\"og:title\" content=\"\u00bfQu\u00e9 es un tratamiento de ortodoncia con la t\u00e9cnica Invisalign? - Clinica Dental CEM Valderas Dentistas Alcorcon\" \/>\n<meta property=\"og:description\" content=\"En la cl\u00ednica Cem Valderas, la Dra. Laura del Olmo es referente en Invisalign First en Madrid Sur, por eso nos explicar\u00e1 a continuaci\u00f3n como funciona esta t\u00e9cnica:\" \/>\n<meta property=\"og:url\" content=\"https:\/\/cemvalderas.es\/dev\/que-es-un-tratamiento-de-ortodoncia-con-tecnica-invisalign\/\" \/>\n<meta property=\"og:site_name\" content=\"Clinica Dental CEM Valderas Dentistas Alcorcon\" \/>\n<meta property=\"article:published_time\" content=\"2023-09-22T08:23:01+00:00\" \/>\n<meta property=\"og:image\" content=\"https:\/\/cemvalderas.es\/dev\/wp-content\/uploads\/2023\/09\/Diseno-sin-titulo-2023-07-03T112343.919.jpg\" \/>\n\t<meta property=\"og:image:width\" content=\"1080\" \/>\n\t<meta property=\"og:image:height\" content=\"1080\" \/>\n\t<meta property=\"og:image:type\" content=\"image\/jpeg\" \/>\n<meta name=\"author\" content=\"CEM VALDERAS\" \/>\n<meta name=\"twitter:card\" content=\"summary_large_image\" \/>\n<meta name=\"twitter:label1\" content=\"Escrito por\" \/>\n\t<meta name=\"twitter:data1\" content=\"CEM VALDERAS\" \/>\n\t<meta name=\"twitter:label2\" content=\"Tiempo de lectura\" \/>\n\t<meta name=\"twitter:data2\" content=\"5 minutos\" \/>\n<script type=\"application\/ld+json\" class=\"yoast-schema-graph\">{\"@context\":\"https:\/\/schema.org\",\"@graph\":[{\"@type\":\"Article\",\"@id\":\"https:\/\/cemvalderas.es\/dev\/que-es-un-tratamiento-de-ortodoncia-con-tecnica-invisalign\/#article\",\"isPartOf\":{\"@id\":\"https:\/\/cemvalderas.es\/dev\/que-es-un-tratamiento-de-ortodoncia-con-tecnica-invisalign\/\"},\"author\":{\"name\":\"CEM VALDERAS\",\"@id\":\"https:\/\/cemvalderas.es\/dev\/#\/schema\/person\/57dbaa31b1919508e6803a19cb1dffe5\"},\"headline\":\"\u00bfQu\u00e9 es un tratamiento de ortodoncia con la t\u00e9cnica Invisalign?\",\"datePublished\":\"2023-09-22T08:23:01+00:00\",\"mainEntityOfPage\":{\"@id\":\"https:\/\/cemvalderas.es\/dev\/que-es-un-tratamiento-de-ortodoncia-con-tecnica-invisalign\/\"},\"wordCount\":883,\"publisher\":{\"@id\":\"https:\/\/cemvalderas.es\/dev\/#organization\"},\"image\":{\"@id\":\"https:\/\/cemvalderas.es\/dev\/que-es-un-tratamiento-de-ortodoncia-con-tecnica-invisalign\/#primaryimage\"},\"thumbnailUrl\":\"https:\/\/cemvalderas.es\/dev\/wp-content\/uploads\/2023\/09\/Diseno-sin-titulo-2023-07-03T112343.919.jpg\",\"articleSection\":[\"Ortodoncia\"],\"inLanguage\":\"es\"},{\"@type\":\"WebPage\",\"@id\":\"https:\/\/cemvalderas.es\/dev\/que-es-un-tratamiento-de-ortodoncia-con-tecnica-invisalign\/\",\"url\":\"https:\/\/cemvalderas.es\/dev\/que-es-un-tratamiento-de-ortodoncia-con-tecnica-invisalign\/\",\"name\":\"\u00bfQu\u00e9 es un tratamiento de ortodoncia con la t\u00e9cnica Invisalign? - Clinica Dental CEM Valderas Dentistas Alcorcon\",\"isPartOf\":{\"@id\":\"https:\/\/cemvalderas.es\/dev\/#website\"},\"primaryImageOfPage\":{\"@id\":\"https:\/\/cemvalderas.es\/dev\/que-es-un-tratamiento-de-ortodoncia-con-tecnica-invisalign\/#primaryimage\"},\"image\":{\"@id\":\"https:\/\/cemvalderas.es\/dev\/que-es-un-tratamiento-de-ortodoncia-con-tecnica-invisalign\/#primaryimage\"},\"thumbnailUrl\":\"https:\/\/cemvalderas.es\/dev\/wp-content\/uploads\/2023\/09\/Diseno-sin-titulo-2023-07-03T112343.919.jpg\",\"datePublished\":\"2023-09-22T08:23:01+00:00\",\"description\":\"En la cl\u00ednica Cem Valderas, la Dra. Laura del Olmo es referente en Invisalign First en Madrid Sur, por eso nos explicar\u00e1 a continuaci\u00f3n como funciona esta t\u00e9cnica:\",\"breadcrumb\":{\"@id\":\"https:\/\/cemvalderas.es\/dev\/que-es-un-tratamiento-de-ortodoncia-con-tecnica-invisalign\/#breadcrumb\"},\"inLanguage\":\"es\",\"potentialAction\":[{\"@type\":\"ReadAction\",\"target\":[\"https:\/\/cemvalderas.es\/dev\/que-es-un-tratamiento-de-ortodoncia-con-tecnica-invisalign\/\"]}]},{\"@type\":\"ImageObject\",\"inLanguage\":\"es\",\"@id\":\"https:\/\/cemvalderas.es\/dev\/que-es-un-tratamiento-de-ortodoncia-con-tecnica-invisalign\/#primaryimage\",\"url\":\"https:\/\/cemvalderas.es\/dev\/wp-content\/uploads\/2023\/09\/Diseno-sin-titulo-2023-07-03T112343.919.jpg\",\"contentUrl\":\"https:\/\/cemvalderas.es\/dev\/wp-content\/uploads\/2023\/09\/Diseno-sin-titulo-2023-07-03T112343.919.jpg\",\"width\":1080,\"height\":1080,\"caption\":\"Invisalign\"},{\"@type\":\"BreadcrumbList\",\"@id\":\"https:\/\/cemvalderas.es\/dev\/que-es-un-tratamiento-de-ortodoncia-con-tecnica-invisalign\/#breadcrumb\",\"itemListElement\":[{\"@type\":\"ListItem\",\"position\":1,\"name\":\"Portada\",\"item\":\"https:\/\/cemvalderas.es\/dev\/\"},{\"@type\":\"ListItem\",\"position\":2,\"name\":\"\u00bfQu\u00e9 es un tratamiento de ortodoncia con la t\u00e9cnica Invisalign?\"}]},{\"@type\":\"WebSite\",\"@id\":\"https:\/\/cemvalderas.es\/dev\/#website\",\"url\":\"https:\/\/cemvalderas.es\/dev\/\",\"name\":\"Clinica Dental CEM Valderas Dentistas Alcorcon\",\"description\":\"Los mejores tratamientos odontol\u00f3gicos, sin dolor. Vuelve a sonre\u00edr sin que te duela el bolsillo\",\"publisher\":{\"@id\":\"https:\/\/cemvalderas.es\/dev\/#organization\"},\"potentialAction\":[{\"@type\":\"SearchAction\",\"target\":{\"@type\":\"EntryPoint\",\"urlTemplate\":\"https:\/\/cemvalderas.es\/dev\/?s={search_term_string}\"},\"query-input\":{\"@type\":\"PropertyValueSpecification\",\"valueRequired\":true,\"valueName\":\"search_term_string\"}}],\"inLanguage\":\"es\"},{\"@type\":\"Organization\",\"@id\":\"https:\/\/cemvalderas.es\/dev\/#organization\",\"name\":\"Clinica Dental CEM Valderas Dentistas Alcorcon\",\"url\":\"https:\/\/cemvalderas.es\/dev\/\",\"logo\":{\"@type\":\"ImageObject\",\"inLanguage\":\"es\",\"@id\":\"https:\/\/cemvalderas.es\/dev\/#\/schema\/logo\/image\/\",\"url\":\"https:\/\/cemvalderas.es\/dev\/wp-content\/uploads\/2025\/09\/12c4595b090208224e9ca0e24fddb595.png\",\"contentUrl\":\"https:\/\/cemvalderas.es\/dev\/wp-content\/uploads\/2025\/09\/12c4595b090208224e9ca0e24fddb595.png\",\"width\":229,\"height\":44,\"caption\":\"Clinica Dental CEM Valderas Dentistas Alcorcon\"},\"image\":{\"@id\":\"https:\/\/cemvalderas.es\/dev\/#\/schema\/logo\/image\/\"}},{\"@type\":\"Person\",\"@id\":\"https:\/\/cemvalderas.es\/dev\/#\/schema\/person\/57dbaa31b1919508e6803a19cb1dffe5\",\"name\":\"CEM VALDERAS\",\"image\":{\"@type\":\"ImageObject\",\"inLanguage\":\"es\",\"@id\":\"https:\/\/cemvalderas.es\/dev\/#\/schema\/person\/image\/\",\"url\":\"https:\/\/secure.gravatar.com\/avatar\/a0b795c992935e775c0fb2c4f6336e5d4d1d8485fa70c9a9407bd42e6450a864?s=96&d=mm&r=g\",\"contentUrl\":\"https:\/\/secure.gravatar.com\/avatar\/a0b795c992935e775c0fb2c4f6336e5d4d1d8485fa70c9a9407bd42e6450a864?s=96&d=mm&r=g\",\"caption\":\"CEM VALDERAS\"},\"url\":\"https:\/\/cemvalderas.es\/dev\/author\/oroldanv75\/\"}]}<\/script>\n<!-- \/ Yoast SEO plugin. -->","yoast_head_json":{"title":"\u00bfQu\u00e9 es un tratamiento de ortodoncia con la t\u00e9cnica Invisalign? - Clinica Dental CEM Valderas Dentistas Alcorcon","description":"En la cl\u00ednica Cem Valderas, la Dra. Laura del Olmo es referente en Invisalign First en Madrid Sur, por eso nos explicar\u00e1 a continuaci\u00f3n como funciona esta t\u00e9cnica:","robots":{"index":"index","follow":"follow","max-snippet":"max-snippet:-1","max-image-preview":"max-image-preview:large","max-video-preview":"max-video-preview:-1"},"canonical":"https:\/\/cemvalderas.es\/dev\/que-es-un-tratamiento-de-ortodoncia-con-tecnica-invisalign\/","og_locale":"es_ES","og_type":"article","og_title":"\u00bfQu\u00e9 es un tratamiento de ortodoncia con la t\u00e9cnica Invisalign? - Clinica Dental CEM Valderas Dentistas Alcorcon","og_description":"En la cl\u00ednica Cem Valderas, la Dra. Laura del Olmo es referente en Invisalign First en Madrid Sur, por eso nos explicar\u00e1 a continuaci\u00f3n como funciona esta t\u00e9cnica:","og_url":"https:\/\/cemvalderas.es\/dev\/que-es-un-tratamiento-de-ortodoncia-con-tecnica-invisalign\/","og_site_name":"Clinica Dental CEM Valderas Dentistas Alcorcon","article_published_time":"2023-09-22T08:23:01+00:00","og_image":[{"width":1080,"height":1080,"url":"https:\/\/cemvalderas.es\/dev\/wp-content\/uploads\/2023\/09\/Diseno-sin-titulo-2023-07-03T112343.919.jpg","type":"image\/jpeg"}],"author":"CEM VALDERAS","twitter_card":"summary_large_image","twitter_misc":{"Escrito por":"CEM VALDERAS","Tiempo de lectura":"5 minutos"},"schema":{"@context":"https:\/\/schema.org","@graph":[{"@type":"Article","@id":"https:\/\/cemvalderas.es\/dev\/que-es-un-tratamiento-de-ortodoncia-con-tecnica-invisalign\/#article","isPartOf":{"@id":"https:\/\/cemvalderas.es\/dev\/que-es-un-tratamiento-de-ortodoncia-con-tecnica-invisalign\/"},"author":{"name":"CEM VALDERAS","@id":"https:\/\/cemvalderas.es\/dev\/#\/schema\/person\/57dbaa31b1919508e6803a19cb1dffe5"},"headline":"\u00bfQu\u00e9 es un tratamiento de ortodoncia con la t\u00e9cnica Invisalign?","datePublished":"2023-09-22T08:23:01+00:00","mainEntityOfPage":{"@id":"https:\/\/cemvalderas.es\/dev\/que-es-un-tratamiento-de-ortodoncia-con-tecnica-invisalign\/"},"wordCount":883,"publisher":{"@id":"https:\/\/cemvalderas.es\/dev\/#organization"},"image":{"@id":"https:\/\/cemvalderas.es\/dev\/que-es-un-tratamiento-de-ortodoncia-con-tecnica-invisalign\/#primaryimage"},"thumbnailUrl":"https:\/\/cemvalderas.es\/dev\/wp-content\/uploads\/2023\/09\/Diseno-sin-titulo-2023-07-03T112343.919.jpg","articleSection":["Ortodoncia"],"inLanguage":"es"},{"@type":"WebPage","@id":"https:\/\/cemvalderas.es\/dev\/que-es-un-tratamiento-de-ortodoncia-con-tecnica-invisalign\/","url":"https:\/\/cemvalderas.es\/dev\/que-es-un-tratamiento-de-ortodoncia-con-tecnica-invisalign\/","name":"\u00bfQu\u00e9 es un tratamiento de ortodoncia con la t\u00e9cnica Invisalign? - Clinica Dental CEM Valderas Dentistas Alcorcon","isPartOf":{"@id":"https:\/\/cemvalderas.es\/dev\/#website"},"primaryImageOfPage":{"@id":"https:\/\/cemvalderas.es\/dev\/que-es-un-tratamiento-de-ortodoncia-con-tecnica-invisalign\/#primaryimage"},"image":{"@id":"https:\/\/cemvalderas.es\/dev\/que-es-un-tratamiento-de-ortodoncia-con-tecnica-invisalign\/#primaryimage"},"thumbnailUrl":"https:\/\/cemvalderas.es\/dev\/wp-content\/uploads\/2023\/09\/Diseno-sin-titulo-2023-07-03T112343.919.jpg","datePublished":"2023-09-22T08:23:01+00:00","description":"En la cl\u00ednica Cem Valderas, la Dra. Laura del Olmo es referente en Invisalign First en Madrid Sur, por eso nos explicar\u00e1 a continuaci\u00f3n como funciona esta t\u00e9cnica:","breadcrumb":{"@id":"https:\/\/cemvalderas.es\/dev\/que-es-un-tratamiento-de-ortodoncia-con-tecnica-invisalign\/#breadcrumb"},"inLanguage":"es","potentialAction":[{"@type":"ReadAction","target":["https:\/\/cemvalderas.es\/dev\/que-es-un-tratamiento-de-ortodoncia-con-tecnica-invisalign\/"]}]},{"@type":"ImageObject","inLanguage":"es","@id":"https:\/\/cemvalderas.es\/dev\/que-es-un-tratamiento-de-ortodoncia-con-tecnica-invisalign\/#primaryimage","url":"https:\/\/cemvalderas.es\/dev\/wp-content\/uploads\/2023\/09\/Diseno-sin-titulo-2023-07-03T112343.919.jpg","contentUrl":"https:\/\/cemvalderas.es\/dev\/wp-content\/uploads\/2023\/09\/Diseno-sin-titulo-2023-07-03T112343.919.jpg","width":1080,"height":1080,"caption":"Invisalign"},{"@type":"BreadcrumbList","@id":"https:\/\/cemvalderas.es\/dev\/que-es-un-tratamiento-de-ortodoncia-con-tecnica-invisalign\/#breadcrumb","itemListElement":[{"@type":"ListItem","position":1,"name":"Portada","item":"https:\/\/cemvalderas.es\/dev\/"},{"@type":"ListItem","position":2,"name":"\u00bfQu\u00e9 es un tratamiento de ortodoncia con la t\u00e9cnica Invisalign?"}]},{"@type":"WebSite","@id":"https:\/\/cemvalderas.es\/dev\/#website","url":"https:\/\/cemvalderas.es\/dev\/","name":"Clinica Dental CEM Valderas Dentistas Alcorcon","description":"Los mejores tratamientos odontol\u00f3gicos, sin dolor. Vuelve a sonre\u00edr sin que te duela el bolsillo","publisher":{"@id":"https:\/\/cemvalderas.es\/dev\/#organization"},"potentialAction":[{"@type":"SearchAction","target":{"@type":"EntryPoint","urlTemplate":"https:\/\/cemvalderas.es\/dev\/?s={search_term_string}"},"query-input":{"@type":"PropertyValueSpecification","valueRequired":true,"valueName":"search_term_string"}}],"inLanguage":"es"},{"@type":"Organization","@id":"https:\/\/cemvalderas.es\/dev\/#organization","name":"Clinica Dental CEM Valderas Dentistas Alcorcon","url":"https:\/\/cemvalderas.es\/dev\/","logo":{"@type":"ImageObject","inLanguage":"es","@id":"https:\/\/cemvalderas.es\/dev\/#\/schema\/logo\/image\/","url":"https:\/\/cemvalderas.es\/dev\/wp-content\/uploads\/2025\/09\/12c4595b090208224e9ca0e24fddb595.png","contentUrl":"https:\/\/cemvalderas.es\/dev\/wp-content\/uploads\/2025\/09\/12c4595b090208224e9ca0e24fddb595.png","width":229,"height":44,"caption":"Clinica Dental CEM Valderas Dentistas Alcorcon"},"image":{"@id":"https:\/\/cemvalderas.es\/dev\/#\/schema\/logo\/image\/"}},{"@type":"Person","@id":"https:\/\/cemvalderas.es\/dev\/#\/schema\/person\/57dbaa31b1919508e6803a19cb1dffe5","name":"CEM VALDERAS","image":{"@type":"ImageObject","inLanguage":"es","@id":"https:\/\/cemvalderas.es\/dev\/#\/schema\/person\/image\/","url":"https:\/\/secure.gravatar.com\/avatar\/a0b795c992935e775c0fb2c4f6336e5d4d1d8485fa70c9a9407bd42e6450a864?s=96&d=mm&r=g","contentUrl":"https:\/\/secure.gravatar.com\/avatar\/a0b795c992935e775c0fb2c4f6336e5d4d1d8485fa70c9a9407bd42e6450a864?s=96&d=mm&r=g","caption":"CEM VALDERAS"},"url":"https:\/\/cemvalderas.es\/dev\/author\/oroldanv75\/"}]}},"_links":{"self":[{"href":"https:\/\/cemvalderas.es\/dev\/wp-json\/wp\/v2\/posts\/5255","targetHints":{"allow":["GET"]}}],"collection":[{"href":"https:\/\/cemvalderas.es\/dev\/wp-json\/wp\/v2\/posts"}],"about":[{"href":"https:\/\/cemvalderas.es\/dev\/wp-json\/wp\/v2\/types\/post"}],"author":[{"embeddable":true,"href":"https:\/\/cemvalderas.es\/dev\/wp-json\/wp\/v2\/users\/2"}],"replies":[{"embeddable":true,"href":"https:\/\/cemvalderas.es\/dev\/wp-json\/wp\/v2\/comments?post=5255"}],"version-history":[{"count":0,"href":"https:\/\/cemvalderas.es\/dev\/wp-json\/wp\/v2\/posts\/5255\/revisions"}],"wp:featuredmedia":[{"embeddable":true,"href":"https:\/\/cemvalderas.es\/dev\/wp-json\/wp\/v2\/media\/5261"}],"wp:attachment":[{"href":"https:\/\/cemvalderas.es\/dev\/wp-json\/wp\/v2\/media?parent=5255"}],"wp:term":[{"taxonomy":"category","embeddable":true,"href":"https:\/\/cemvalderas.es\/dev\/wp-json\/wp\/v2\/categories?post=5255"},{"taxonomy":"post_tag","embeddable":true,"href":"https:\/\/cemvalderas.es\/dev\/wp-json\/wp\/v2\/tags?post=5255"}],"curies":[{"name":"wp","href":"https:\/\/api.w.org\/{rel}","templated":true}]}}