{"id":4949,"date":"2023-04-20T09:34:02","date_gmt":"2023-04-20T09:34:02","guid":{"rendered":"https:\/\/cemvalderas.es\/?p=4949"},"modified":"2023-04-20T09:34:02","modified_gmt":"2023-04-20T09:34:02","slug":"los-3-problemas-de-cuidado-bucal-mas-comunes-hoy-en-dia","status":"publish","type":"post","link":"https:\/\/cemvalderas.es\/dev\/los-3-problemas-de-cuidado-bucal-mas-comunes-hoy-en-dia\/","title":{"rendered":"Los 3 problemas de cuidado bucal m\u00e1s comunes hoy en d\u00eda"},"content":{"rendered":"\n<p>El <strong>cuidado de los dientes es muy importante<\/strong>, pero la realidad es que no todo el mundo sigue una rutina constante de cuidado dental. Puede ser f\u00e1cil olvidarse de <strong>cepillarse los dientes y usar hilo dental<\/strong>, pero es fundamental que haga todo lo posible para mantener la constancia porque la constancia es la <strong>forma m\u00e1s eficaz de mantener la boca sana.<\/strong><\/p>\n\n\n\n<p>No cepillarse los <strong>dientes con regularidad y una dieta deficiente<\/strong> pueden provocar una serie de problemas de salud bucal diferentes, problemas comunes que experimentan muchas personas. Aqu\u00ed hay un <strong>vistazo a los tres problemas de salud bucal <\/strong>m\u00e1s comunes que enfrentan las personas actualmente.<\/p>\n\n\n\n<h2 class=\"wp-block-heading\" id=\"h-1-caries-dental\">1. Caries dental<\/h2>\n\n\n\n<figure class=\"wp-block-image alignright size-large is-resized is-style-default\"><img fetchpriority=\"high\" decoding=\"async\" src=\"https:\/\/cemvalderas.es\/dev\/wp-content\/uploads\/2023\/04\/Diseno-sin-titulo-2023-04-20T112710.061-1024x1024.jpg\" alt=\"salud oral\" class=\"wp-image-4953\" width=\"361\" height=\"361\" srcset=\"https:\/\/cemvalderas.es\/dev\/wp-content\/uploads\/2023\/04\/Diseno-sin-titulo-2023-04-20T112710.061-1024x1024.jpg 1024w, https:\/\/cemvalderas.es\/dev\/wp-content\/uploads\/2023\/04\/Diseno-sin-titulo-2023-04-20T112710.061-300x300.jpg 300w, https:\/\/cemvalderas.es\/dev\/wp-content\/uploads\/2023\/04\/Diseno-sin-titulo-2023-04-20T112710.061-150x150.jpg 150w, https:\/\/cemvalderas.es\/dev\/wp-content\/uploads\/2023\/04\/Diseno-sin-titulo-2023-04-20T112710.061-768x768.jpg 768w, https:\/\/cemvalderas.es\/dev\/wp-content\/uploads\/2023\/04\/Diseno-sin-titulo-2023-04-20T112710.061-700x700.jpg 700w, https:\/\/cemvalderas.es\/dev\/wp-content\/uploads\/2023\/04\/Diseno-sin-titulo-2023-04-20T112710.061.jpg 1080w\" sizes=\"(max-width: 361px) 100vw, 361px\" \/><\/figure>\n\n\n\n<p>La caries dental es el problema m\u00e1s com\u00fan que enfrentan las personas con respecto a la salud bucal. Estoy seguro de que has escuchado a tu dentista hablar sobre esto antes. Las caries dentales ocurren cuando<strong> la placa se acumula y se deposita en las capas externas de los dientes. <\/strong>La caries se fija en el diente y desgasta el esmalte, lo que da como<strong> resultado agujeros y dientes da\u00f1ados.<\/strong><\/p>\n\n\n\n<p>La mejor manera de prevenir esto es continuar con el <strong>cepillado y el uso de hilo dental regulares<\/strong>, proteger y <strong>reforzar el esmalte de los dientes y evitar que se deterioren m\u00e1s. <\/strong>Come sano y trate de evitar los alimentos con alto contenido de az\u00facar, los az\u00facares a menudo pueden <strong>agravar y acelerar las caries dentales.<\/strong><\/p>\n\n\n\n<p>Una vez que el esmalte se ha <strong>desgastado y se han formado los agujeros<\/strong>, no hay soluciones m\u00e1s all\u00e1 de rellenarlos. No se puede arreglar una <strong>cavidad con cepillado o hilo dental.<\/strong><\/p>\n\n\n\n<p>Si tienes agujeros en los dientes o si est\u00e1s experimentando caries, necesitas que un <strong>dentista lo revise de inmediato<\/strong>. No solucionar el problema puede provocar una infecci\u00f3n o incluso peores problemas de salud bucal.<\/p>\n\n\n\n<h2 class=\"wp-block-heading\">2. Enfermedad de las enc\u00edas<\/h2>\n\n\n\n<p>La <strong>enfermedad de las enc\u00edas <\/strong>puede ser otro resultado de la acumulaci\u00f3n de bacterias y placa. La enfermedad desgasta las fibras de las enc\u00edas. Es una <strong>enfermedad de acci\u00f3n lenta por lo que tienes tiempo de tratarla si la padeces<\/strong>, siempre y cuando la detectes a tiempo. Su tratamiento depende de la etapa de la enfermedad en la que se encuentre.<\/p>\n\n\n\n<figure class=\"wp-block-image alignright size-large is-resized is-style-default\"><img decoding=\"async\" src=\"https:\/\/cemvalderas.es\/dev\/wp-content\/uploads\/2023\/04\/Diseno-sin-titulo-2023-04-20T112726.566-1024x1024.jpg\" alt=\"salud oral\" class=\"wp-image-4952\" width=\"363\" height=\"363\" srcset=\"https:\/\/cemvalderas.es\/dev\/wp-content\/uploads\/2023\/04\/Diseno-sin-titulo-2023-04-20T112726.566-1024x1024.jpg 1024w, https:\/\/cemvalderas.es\/dev\/wp-content\/uploads\/2023\/04\/Diseno-sin-titulo-2023-04-20T112726.566-300x300.jpg 300w, https:\/\/cemvalderas.es\/dev\/wp-content\/uploads\/2023\/04\/Diseno-sin-titulo-2023-04-20T112726.566-150x150.jpg 150w, https:\/\/cemvalderas.es\/dev\/wp-content\/uploads\/2023\/04\/Diseno-sin-titulo-2023-04-20T112726.566-768x768.jpg 768w, https:\/\/cemvalderas.es\/dev\/wp-content\/uploads\/2023\/04\/Diseno-sin-titulo-2023-04-20T112726.566-700x700.jpg 700w, https:\/\/cemvalderas.es\/dev\/wp-content\/uploads\/2023\/04\/Diseno-sin-titulo-2023-04-20T112726.566.jpg 1080w\" sizes=\"(max-width: 363px) 100vw, 363px\" \/><\/figure>\n\n\n\n<p>Si se encuentra en las primeras etapas, puede<strong> tratarse con un cepillado cuidadoso<\/strong>. Sin embargo, si se encuentra en las \u00faltimas etapas, un dentista profesional deber\u00e1 ayudarlo.<\/p>\n\n\n\n<p>Un <strong>s\u00edntoma com\u00fan de la enfermedad de las enc\u00edas<\/strong> son las enc\u00edas que sangran regularmente o las enc\u00edas doloridas. Para asegurarse de que debe ver a un dentista si cree que lo padece, es un problema incre\u00edblemente com\u00fan que enfrentan muchos <strong>adultos y ni\u00f1os y puede ser una soluci\u00f3n f\u00e1cil.<\/strong><\/p>\n\n\n\n<h2 class=\"wp-block-heading\">3. Esmalte desgastado<\/h2>\n\n\n\n<p>Las <strong>bebidas azucaradas y los snacks desgastan nuestro esmalte<\/strong> con el tiempo y esto conduce a la decoloraci\u00f3n. Dado que el az\u00facar es una parte tan importante de la dieta diaria de las personas, es un problema com\u00fan. El<strong> esmalte desgastado<\/strong> se puede ver claramente<\/p>\n\n\n\n<p>Al igual que con las caries, si <strong>tu esmalte est\u00e1 desgastado,<\/strong> no hay forma de recuperarlo. La mejor prevenci\u00f3n es una rutina constante de <strong>cuidado de la salud bucal y una dieta saludable. <\/strong>Si le gustan las bebidas azucaradas o afrutadas, aseg\u00farate de cepillarte los dientes con frecuencia para evitar la <strong>acumulaci\u00f3n de placa y bacterias.<\/strong><\/p>\n\n\n\n<p>.<\/p>\n\n\n\n<p>En la<strong>&nbsp;<a href=\"https:\/\/cemvalderas.es\/\">Cl\u00ednica Dental Alcorc\u00f3n CEM Valderas<\/a>&nbsp;&nbsp;<\/strong>somos expertos en<strong>&nbsp;<a href=\"https:\/\/cemvalderas.es\/centro-odontologico\/\">tratamientos para tu salud dental<\/a>.&nbsp;<\/strong>Para m\u00e1s informaci\u00f3n no duden en visitar<strong>&nbsp;<a href=\"https:\/\/goo.gl\/maps\/Zt49RVmiHJNs1Kk96\" target=\"_blank\" rel=\"noreferrer noopener\">Centro de Especialidades M\u00e9dicas CEM Valderas<\/a>&nbsp;<\/strong>situado en&nbsp;Alcorc\u00f3n&nbsp;o llamarnos por&nbsp;tel\u00e9fono 912 260 021, estaremos encantados de poder atenderle.<\/p>\n","protected":false},"excerpt":{"rendered":"<p>El cuidado de los dientes es muy importante, pero la realidad es que no todo el mundo sigue una rutina constante de cuidado dental. Puede ser f\u00e1cil olvidarse de cepillarse los dientes y usar hilo dental, pero es fundamental que haga todo lo posible para mantener la constancia porque la constancia es la forma m\u00e1s [&hellip;]<\/p>\n","protected":false},"author":2,"featured_media":4951,"comment_status":"closed","ping_status":"closed","sticky":false,"template":"","format":"standard","meta":{"footnotes":""},"categories":[114],"tags":[],"class_list":["post-4949","post","type-post","status-publish","format-standard","has-post-thumbnail","hentry","category-prevencion"],"yoast_head":"<!-- This site is optimized with the Yoast SEO plugin v26.8 - https:\/\/yoast.com\/product\/yoast-seo-wordpress\/ -->\n<title>Los 3 problemas de cuidado bucal m\u00e1s comunes hoy en d\u00eda<\/title>\n<meta name=\"description\" content=\"Aqu\u00ed hay un vistazo a los tres problemas de salud bucal m\u00e1s comunes que enfrentan las personas actualmente.\" \/>\n<meta name=\"robots\" content=\"index, follow, max-snippet:-1, max-image-preview:large, max-video-preview:-1\" \/>\n<link rel=\"canonical\" href=\"https:\/\/cemvalderas.es\/dev\/los-3-problemas-de-cuidado-bucal-mas-comunes-hoy-en-dia\/\" \/>\n<meta property=\"og:locale\" content=\"es_ES\" \/>\n<meta property=\"og:type\" content=\"article\" \/>\n<meta property=\"og:title\" content=\"Los 3 problemas de cuidado bucal m\u00e1s comunes hoy en d\u00eda\" \/>\n<meta property=\"og:description\" content=\"Aqu\u00ed hay un vistazo a los tres problemas de salud bucal m\u00e1s comunes que enfrentan las personas actualmente.\" \/>\n<meta property=\"og:url\" content=\"https:\/\/cemvalderas.es\/dev\/los-3-problemas-de-cuidado-bucal-mas-comunes-hoy-en-dia\/\" \/>\n<meta property=\"og:site_name\" content=\"Clinica Dental CEM Valderas Dentistas Alcorcon\" \/>\n<meta property=\"article:published_time\" content=\"2023-04-20T09:34:02+00:00\" \/>\n<meta property=\"og:image\" content=\"https:\/\/cemvalderas.es\/dev\/wp-content\/uploads\/2023\/04\/Diseno-sin-titulo-2023-04-20T112807.374.jpg\" \/>\n\t<meta property=\"og:image:width\" content=\"1080\" \/>\n\t<meta property=\"og:image:height\" content=\"1080\" \/>\n\t<meta property=\"og:image:type\" content=\"image\/jpeg\" \/>\n<meta name=\"author\" content=\"CEM VALDERAS\" \/>\n<meta name=\"twitter:card\" content=\"summary_large_image\" \/>\n<meta name=\"twitter:label1\" content=\"Escrito por\" \/>\n\t<meta name=\"twitter:data1\" content=\"CEM VALDERAS\" \/>\n\t<meta name=\"twitter:label2\" content=\"Tiempo de lectura\" \/>\n\t<meta name=\"twitter:data2\" content=\"4 minutos\" \/>\n<script type=\"application\/ld+json\" class=\"yoast-schema-graph\">{\"@context\":\"https:\/\/schema.org\",\"@graph\":[{\"@type\":\"Article\",\"@id\":\"https:\/\/cemvalderas.es\/dev\/los-3-problemas-de-cuidado-bucal-mas-comunes-hoy-en-dia\/#article\",\"isPartOf\":{\"@id\":\"https:\/\/cemvalderas.es\/dev\/los-3-problemas-de-cuidado-bucal-mas-comunes-hoy-en-dia\/\"},\"author\":{\"name\":\"CEM VALDERAS\",\"@id\":\"https:\/\/cemvalderas.es\/dev\/#\/schema\/person\/57dbaa31b1919508e6803a19cb1dffe5\"},\"headline\":\"Los 3 problemas de cuidado bucal m\u00e1s comunes hoy en d\u00eda\",\"datePublished\":\"2023-04-20T09:34:02+00:00\",\"mainEntityOfPage\":{\"@id\":\"https:\/\/cemvalderas.es\/dev\/los-3-problemas-de-cuidado-bucal-mas-comunes-hoy-en-dia\/\"},\"wordCount\":646,\"publisher\":{\"@id\":\"https:\/\/cemvalderas.es\/dev\/#organization\"},\"image\":{\"@id\":\"https:\/\/cemvalderas.es\/dev\/los-3-problemas-de-cuidado-bucal-mas-comunes-hoy-en-dia\/#primaryimage\"},\"thumbnailUrl\":\"https:\/\/cemvalderas.es\/dev\/wp-content\/uploads\/2023\/04\/Diseno-sin-titulo-2023-04-20T112807.374.jpg\",\"articleSection\":[\"Prevenci\u00f3n\"],\"inLanguage\":\"es\"},{\"@type\":\"WebPage\",\"@id\":\"https:\/\/cemvalderas.es\/dev\/los-3-problemas-de-cuidado-bucal-mas-comunes-hoy-en-dia\/\",\"url\":\"https:\/\/cemvalderas.es\/dev\/los-3-problemas-de-cuidado-bucal-mas-comunes-hoy-en-dia\/\",\"name\":\"Los 3 problemas de cuidado bucal m\u00e1s comunes hoy en d\u00eda\",\"isPartOf\":{\"@id\":\"https:\/\/cemvalderas.es\/dev\/#website\"},\"primaryImageOfPage\":{\"@id\":\"https:\/\/cemvalderas.es\/dev\/los-3-problemas-de-cuidado-bucal-mas-comunes-hoy-en-dia\/#primaryimage\"},\"image\":{\"@id\":\"https:\/\/cemvalderas.es\/dev\/los-3-problemas-de-cuidado-bucal-mas-comunes-hoy-en-dia\/#primaryimage\"},\"thumbnailUrl\":\"https:\/\/cemvalderas.es\/dev\/wp-content\/uploads\/2023\/04\/Diseno-sin-titulo-2023-04-20T112807.374.jpg\",\"datePublished\":\"2023-04-20T09:34:02+00:00\",\"description\":\"Aqu\u00ed hay un vistazo a los tres problemas de salud bucal m\u00e1s comunes que enfrentan las personas actualmente.\",\"breadcrumb\":{\"@id\":\"https:\/\/cemvalderas.es\/dev\/los-3-problemas-de-cuidado-bucal-mas-comunes-hoy-en-dia\/#breadcrumb\"},\"inLanguage\":\"es\",\"potentialAction\":[{\"@type\":\"ReadAction\",\"target\":[\"https:\/\/cemvalderas.es\/dev\/los-3-problemas-de-cuidado-bucal-mas-comunes-hoy-en-dia\/\"]}]},{\"@type\":\"ImageObject\",\"inLanguage\":\"es\",\"@id\":\"https:\/\/cemvalderas.es\/dev\/los-3-problemas-de-cuidado-bucal-mas-comunes-hoy-en-dia\/#primaryimage\",\"url\":\"https:\/\/cemvalderas.es\/dev\/wp-content\/uploads\/2023\/04\/Diseno-sin-titulo-2023-04-20T112807.374.jpg\",\"contentUrl\":\"https:\/\/cemvalderas.es\/dev\/wp-content\/uploads\/2023\/04\/Diseno-sin-titulo-2023-04-20T112807.374.jpg\",\"width\":1080,\"height\":1080,\"caption\":\"salud oral\"},{\"@type\":\"BreadcrumbList\",\"@id\":\"https:\/\/cemvalderas.es\/dev\/los-3-problemas-de-cuidado-bucal-mas-comunes-hoy-en-dia\/#breadcrumb\",\"itemListElement\":[{\"@type\":\"ListItem\",\"position\":1,\"name\":\"Portada\",\"item\":\"https:\/\/cemvalderas.es\/dev\/\"},{\"@type\":\"ListItem\",\"position\":2,\"name\":\"Los 3 problemas de cuidado bucal m\u00e1s comunes hoy en d\u00eda\"}]},{\"@type\":\"WebSite\",\"@id\":\"https:\/\/cemvalderas.es\/dev\/#website\",\"url\":\"https:\/\/cemvalderas.es\/dev\/\",\"name\":\"Clinica Dental CEM Valderas Dentistas Alcorcon\",\"description\":\"Los mejores tratamientos odontol\u00f3gicos, sin dolor. Vuelve a sonre\u00edr sin que te duela el bolsillo\",\"publisher\":{\"@id\":\"https:\/\/cemvalderas.es\/dev\/#organization\"},\"potentialAction\":[{\"@type\":\"SearchAction\",\"target\":{\"@type\":\"EntryPoint\",\"urlTemplate\":\"https:\/\/cemvalderas.es\/dev\/?s={search_term_string}\"},\"query-input\":{\"@type\":\"PropertyValueSpecification\",\"valueRequired\":true,\"valueName\":\"search_term_string\"}}],\"inLanguage\":\"es\"},{\"@type\":\"Organization\",\"@id\":\"https:\/\/cemvalderas.es\/dev\/#organization\",\"name\":\"Clinica Dental CEM Valderas Dentistas Alcorcon\",\"url\":\"https:\/\/cemvalderas.es\/dev\/\",\"logo\":{\"@type\":\"ImageObject\",\"inLanguage\":\"es\",\"@id\":\"https:\/\/cemvalderas.es\/dev\/#\/schema\/logo\/image\/\",\"url\":\"https:\/\/cemvalderas.es\/dev\/wp-content\/uploads\/2025\/09\/12c4595b090208224e9ca0e24fddb595.png\",\"contentUrl\":\"https:\/\/cemvalderas.es\/dev\/wp-content\/uploads\/2025\/09\/12c4595b090208224e9ca0e24fddb595.png\",\"width\":229,\"height\":44,\"caption\":\"Clinica Dental CEM Valderas Dentistas Alcorcon\"},\"image\":{\"@id\":\"https:\/\/cemvalderas.es\/dev\/#\/schema\/logo\/image\/\"}},{\"@type\":\"Person\",\"@id\":\"https:\/\/cemvalderas.es\/dev\/#\/schema\/person\/57dbaa31b1919508e6803a19cb1dffe5\",\"name\":\"CEM VALDERAS\",\"image\":{\"@type\":\"ImageObject\",\"inLanguage\":\"es\",\"@id\":\"https:\/\/cemvalderas.es\/dev\/#\/schema\/person\/image\/\",\"url\":\"https:\/\/secure.gravatar.com\/avatar\/a0b795c992935e775c0fb2c4f6336e5d4d1d8485fa70c9a9407bd42e6450a864?s=96&d=mm&r=g\",\"contentUrl\":\"https:\/\/secure.gravatar.com\/avatar\/a0b795c992935e775c0fb2c4f6336e5d4d1d8485fa70c9a9407bd42e6450a864?s=96&d=mm&r=g\",\"caption\":\"CEM VALDERAS\"},\"url\":\"https:\/\/cemvalderas.es\/dev\/author\/oroldanv75\/\"}]}<\/script>\n<!-- \/ Yoast SEO plugin. -->","yoast_head_json":{"title":"Los 3 problemas de cuidado bucal m\u00e1s comunes hoy en d\u00eda","description":"Aqu\u00ed hay un vistazo a los tres problemas de salud bucal m\u00e1s comunes que enfrentan las personas actualmente.","robots":{"index":"index","follow":"follow","max-snippet":"max-snippet:-1","max-image-preview":"max-image-preview:large","max-video-preview":"max-video-preview:-1"},"canonical":"https:\/\/cemvalderas.es\/dev\/los-3-problemas-de-cuidado-bucal-mas-comunes-hoy-en-dia\/","og_locale":"es_ES","og_type":"article","og_title":"Los 3 problemas de cuidado bucal m\u00e1s comunes hoy en d\u00eda","og_description":"Aqu\u00ed hay un vistazo a los tres problemas de salud bucal m\u00e1s comunes que enfrentan las personas actualmente.","og_url":"https:\/\/cemvalderas.es\/dev\/los-3-problemas-de-cuidado-bucal-mas-comunes-hoy-en-dia\/","og_site_name":"Clinica Dental CEM Valderas Dentistas Alcorcon","article_published_time":"2023-04-20T09:34:02+00:00","og_image":[{"width":1080,"height":1080,"url":"https:\/\/cemvalderas.es\/dev\/wp-content\/uploads\/2023\/04\/Diseno-sin-titulo-2023-04-20T112807.374.jpg","type":"image\/jpeg"}],"author":"CEM VALDERAS","twitter_card":"summary_large_image","twitter_misc":{"Escrito por":"CEM VALDERAS","Tiempo de lectura":"4 minutos"},"schema":{"@context":"https:\/\/schema.org","@graph":[{"@type":"Article","@id":"https:\/\/cemvalderas.es\/dev\/los-3-problemas-de-cuidado-bucal-mas-comunes-hoy-en-dia\/#article","isPartOf":{"@id":"https:\/\/cemvalderas.es\/dev\/los-3-problemas-de-cuidado-bucal-mas-comunes-hoy-en-dia\/"},"author":{"name":"CEM VALDERAS","@id":"https:\/\/cemvalderas.es\/dev\/#\/schema\/person\/57dbaa31b1919508e6803a19cb1dffe5"},"headline":"Los 3 problemas de cuidado bucal m\u00e1s comunes hoy en d\u00eda","datePublished":"2023-04-20T09:34:02+00:00","mainEntityOfPage":{"@id":"https:\/\/cemvalderas.es\/dev\/los-3-problemas-de-cuidado-bucal-mas-comunes-hoy-en-dia\/"},"wordCount":646,"publisher":{"@id":"https:\/\/cemvalderas.es\/dev\/#organization"},"image":{"@id":"https:\/\/cemvalderas.es\/dev\/los-3-problemas-de-cuidado-bucal-mas-comunes-hoy-en-dia\/#primaryimage"},"thumbnailUrl":"https:\/\/cemvalderas.es\/dev\/wp-content\/uploads\/2023\/04\/Diseno-sin-titulo-2023-04-20T112807.374.jpg","articleSection":["Prevenci\u00f3n"],"inLanguage":"es"},{"@type":"WebPage","@id":"https:\/\/cemvalderas.es\/dev\/los-3-problemas-de-cuidado-bucal-mas-comunes-hoy-en-dia\/","url":"https:\/\/cemvalderas.es\/dev\/los-3-problemas-de-cuidado-bucal-mas-comunes-hoy-en-dia\/","name":"Los 3 problemas de cuidado bucal m\u00e1s comunes hoy en d\u00eda","isPartOf":{"@id":"https:\/\/cemvalderas.es\/dev\/#website"},"primaryImageOfPage":{"@id":"https:\/\/cemvalderas.es\/dev\/los-3-problemas-de-cuidado-bucal-mas-comunes-hoy-en-dia\/#primaryimage"},"image":{"@id":"https:\/\/cemvalderas.es\/dev\/los-3-problemas-de-cuidado-bucal-mas-comunes-hoy-en-dia\/#primaryimage"},"thumbnailUrl":"https:\/\/cemvalderas.es\/dev\/wp-content\/uploads\/2023\/04\/Diseno-sin-titulo-2023-04-20T112807.374.jpg","datePublished":"2023-04-20T09:34:02+00:00","description":"Aqu\u00ed hay un vistazo a los tres problemas de salud bucal m\u00e1s comunes que enfrentan las personas actualmente.","breadcrumb":{"@id":"https:\/\/cemvalderas.es\/dev\/los-3-problemas-de-cuidado-bucal-mas-comunes-hoy-en-dia\/#breadcrumb"},"inLanguage":"es","potentialAction":[{"@type":"ReadAction","target":["https:\/\/cemvalderas.es\/dev\/los-3-problemas-de-cuidado-bucal-mas-comunes-hoy-en-dia\/"]}]},{"@type":"ImageObject","inLanguage":"es","@id":"https:\/\/cemvalderas.es\/dev\/los-3-problemas-de-cuidado-bucal-mas-comunes-hoy-en-dia\/#primaryimage","url":"https:\/\/cemvalderas.es\/dev\/wp-content\/uploads\/2023\/04\/Diseno-sin-titulo-2023-04-20T112807.374.jpg","contentUrl":"https:\/\/cemvalderas.es\/dev\/wp-content\/uploads\/2023\/04\/Diseno-sin-titulo-2023-04-20T112807.374.jpg","width":1080,"height":1080,"caption":"salud oral"},{"@type":"BreadcrumbList","@id":"https:\/\/cemvalderas.es\/dev\/los-3-problemas-de-cuidado-bucal-mas-comunes-hoy-en-dia\/#breadcrumb","itemListElement":[{"@type":"ListItem","position":1,"name":"Portada","item":"https:\/\/cemvalderas.es\/dev\/"},{"@type":"ListItem","position":2,"name":"Los 3 problemas de cuidado bucal m\u00e1s comunes hoy en d\u00eda"}]},{"@type":"WebSite","@id":"https:\/\/cemvalderas.es\/dev\/#website","url":"https:\/\/cemvalderas.es\/dev\/","name":"Clinica Dental CEM Valderas Dentistas Alcorcon","description":"Los mejores tratamientos odontol\u00f3gicos, sin dolor. Vuelve a sonre\u00edr sin que te duela el bolsillo","publisher":{"@id":"https:\/\/cemvalderas.es\/dev\/#organization"},"potentialAction":[{"@type":"SearchAction","target":{"@type":"EntryPoint","urlTemplate":"https:\/\/cemvalderas.es\/dev\/?s={search_term_string}"},"query-input":{"@type":"PropertyValueSpecification","valueRequired":true,"valueName":"search_term_string"}}],"inLanguage":"es"},{"@type":"Organization","@id":"https:\/\/cemvalderas.es\/dev\/#organization","name":"Clinica Dental CEM Valderas Dentistas Alcorcon","url":"https:\/\/cemvalderas.es\/dev\/","logo":{"@type":"ImageObject","inLanguage":"es","@id":"https:\/\/cemvalderas.es\/dev\/#\/schema\/logo\/image\/","url":"https:\/\/cemvalderas.es\/dev\/wp-content\/uploads\/2025\/09\/12c4595b090208224e9ca0e24fddb595.png","contentUrl":"https:\/\/cemvalderas.es\/dev\/wp-content\/uploads\/2025\/09\/12c4595b090208224e9ca0e24fddb595.png","width":229,"height":44,"caption":"Clinica Dental CEM Valderas Dentistas Alcorcon"},"image":{"@id":"https:\/\/cemvalderas.es\/dev\/#\/schema\/logo\/image\/"}},{"@type":"Person","@id":"https:\/\/cemvalderas.es\/dev\/#\/schema\/person\/57dbaa31b1919508e6803a19cb1dffe5","name":"CEM VALDERAS","image":{"@type":"ImageObject","inLanguage":"es","@id":"https:\/\/cemvalderas.es\/dev\/#\/schema\/person\/image\/","url":"https:\/\/secure.gravatar.com\/avatar\/a0b795c992935e775c0fb2c4f6336e5d4d1d8485fa70c9a9407bd42e6450a864?s=96&d=mm&r=g","contentUrl":"https:\/\/secure.gravatar.com\/avatar\/a0b795c992935e775c0fb2c4f6336e5d4d1d8485fa70c9a9407bd42e6450a864?s=96&d=mm&r=g","caption":"CEM VALDERAS"},"url":"https:\/\/cemvalderas.es\/dev\/author\/oroldanv75\/"}]}},"_links":{"self":[{"href":"https:\/\/cemvalderas.es\/dev\/wp-json\/wp\/v2\/posts\/4949","targetHints":{"allow":["GET"]}}],"collection":[{"href":"https:\/\/cemvalderas.es\/dev\/wp-json\/wp\/v2\/posts"}],"about":[{"href":"https:\/\/cemvalderas.es\/dev\/wp-json\/wp\/v2\/types\/post"}],"author":[{"embeddable":true,"href":"https:\/\/cemvalderas.es\/dev\/wp-json\/wp\/v2\/users\/2"}],"replies":[{"embeddable":true,"href":"https:\/\/cemvalderas.es\/dev\/wp-json\/wp\/v2\/comments?post=4949"}],"version-history":[{"count":0,"href":"https:\/\/cemvalderas.es\/dev\/wp-json\/wp\/v2\/posts\/4949\/revisions"}],"wp:featuredmedia":[{"embeddable":true,"href":"https:\/\/cemvalderas.es\/dev\/wp-json\/wp\/v2\/media\/4951"}],"wp:attachment":[{"href":"https:\/\/cemvalderas.es\/dev\/wp-json\/wp\/v2\/media?parent=4949"}],"wp:term":[{"taxonomy":"category","embeddable":true,"href":"https:\/\/cemvalderas.es\/dev\/wp-json\/wp\/v2\/categories?post=4949"},{"taxonomy":"post_tag","embeddable":true,"href":"https:\/\/cemvalderas.es\/dev\/wp-json\/wp\/v2\/tags?post=4949"}],"curies":[{"name":"wp","href":"https:\/\/api.w.org\/{rel}","templated":true}]}}