{"id":4826,"date":"2023-01-26T10:58:49","date_gmt":"2023-01-26T10:58:49","guid":{"rendered":"https:\/\/cemvalderas.es\/?p=4826"},"modified":"2023-01-26T10:58:49","modified_gmt":"2023-01-26T10:58:49","slug":"alveolitis-seca-descripcion-tratamientos-prevencion","status":"publish","type":"post","link":"https:\/\/cemvalderas.es\/dev\/alveolitis-seca-descripcion-tratamientos-prevencion\/","title":{"rendered":"Alveolitis Seca: Descripci\u00f3n, Tratamientos y Prevenci\u00f3n"},"content":{"rendered":"\n<h2 class=\"wp-block-heading\" id=\"h-que-es-la-alveolitis-seca\">\u00bfQu\u00e9 es la alveolitis seca?<\/h2>\n\n\n\n<p>Despu\u00e9s de que se extrae un diente, el sistema de defensa natural del cuerpo comienza el proceso de formaci\u00f3n de un <strong>co\u00e1gulo en el sitio para comenzar a sanar.<\/strong> Sin embargo, si este co\u00e1gulo se desprende antes de que la herida se haya curado por completo, se produce la condici\u00f3n conocida como alveolitis seca, que <strong>causa dolor intenso y sensibilidad<\/strong>.<br><br>La alveolitis seca es una <strong>complicaci\u00f3n dental dolorosa que sigue a la extracci\u00f3n de un diente<\/strong> permanente. El dolor surge de la p\u00e9rdida de un co\u00e1gulo de sangre protector en el sitio de la extracci\u00f3n, lo que permite que el hueso y los nervios queden <strong>expuestos al aire, los alimentos y los l\u00edquidos.<\/strong> El dolor se nota con mayor frecuencia entre uno y <strong>tres d\u00edas despu\u00e9s de la cirug\u00eda inicial.<\/strong><\/p>\n\n\n\n<h2 class=\"wp-block-heading\">S\u00edntomas de la alveolitis seca<\/h2>\n\n\n\n<figure class=\"wp-block-image alignright size-large is-resized is-style-default\"><img fetchpriority=\"high\" decoding=\"async\" src=\"https:\/\/cemvalderas.es\/dev\/wp-content\/uploads\/2023\/01\/Diseno-sin-titulo-2023-01-26T115529.910-1024x1024.jpg\" alt=\"alveolitis seca\" class=\"wp-image-4833\" width=\"325\" height=\"325\" srcset=\"https:\/\/cemvalderas.es\/dev\/wp-content\/uploads\/2023\/01\/Diseno-sin-titulo-2023-01-26T115529.910-1024x1024.jpg 1024w, https:\/\/cemvalderas.es\/dev\/wp-content\/uploads\/2023\/01\/Diseno-sin-titulo-2023-01-26T115529.910-300x300.jpg 300w, https:\/\/cemvalderas.es\/dev\/wp-content\/uploads\/2023\/01\/Diseno-sin-titulo-2023-01-26T115529.910-150x150.jpg 150w, https:\/\/cemvalderas.es\/dev\/wp-content\/uploads\/2023\/01\/Diseno-sin-titulo-2023-01-26T115529.910-768x768.jpg 768w, https:\/\/cemvalderas.es\/dev\/wp-content\/uploads\/2023\/01\/Diseno-sin-titulo-2023-01-26T115529.910-700x700.jpg 700w, https:\/\/cemvalderas.es\/dev\/wp-content\/uploads\/2023\/01\/Diseno-sin-titulo-2023-01-26T115529.910.jpg 1080w\" sizes=\"(max-width: 325px) 100vw, 325px\" \/><\/figure>\n\n\n\n<p>Es normal experimentar algo de<strong> sensibilidad y dolor despu\u00e9s de una extracci\u00f3n<\/strong>, pero se recomienda a los pacientes con los siguientes s\u00edntomas que consulten a sus <strong>dentistas de inmediato para descartar posibles complicaciones:<\/strong><\/p>\n\n\n\n<ul class=\"wp-block-list\">\n<li><strong>Dolor intenso en el sitio<\/strong> de extracci\u00f3n a los pocos d\u00edas de la cirug\u00eda<\/li>\n\n\n\n<li><strong>Hueso visiblemente expuesto<\/strong> en el sitio de extracci\u00f3n<\/li>\n\n\n\n<li><strong>P\u00e9rdida visible del co\u00e1gulo de sangre<\/strong> en el sitio de extracci\u00f3n.<\/li>\n\n\n\n<li><strong>Mal aliento inusual<\/strong><\/li>\n\n\n\n<li><strong>Mal sabor de boca<\/strong><\/li>\n\n\n\n<li><strong>Hinchaz\u00f3n de los ganglios linf\u00e1ticos<\/strong> en la mand\u00edbula y el \u00e1rea circundante del cuello<\/li>\n<\/ul>\n\n\n\n<h2 class=\"wp-block-heading\">Causas y factores de riesgo asociados con la alveolitis seca<\/h2>\n\n\n\n<p>La causa exacta de esta afecci\u00f3n a\u00fan se <strong>encuentra en estado de investigaci\u00f3n<\/strong>, aunque se ha demostrado que lo <strong>siguiente contribuye a la alveolitis seca<\/strong> en un n\u00famero considerable de casos:<\/p>\n\n\n\n<ul class=\"wp-block-list\">\n<li><strong>Trauma al hueso y tejido<\/strong> que rodea el sitio de extracci\u00f3n.<\/li>\n\n\n\n<li><strong>Fragmentos diminutos de diente o hueso <\/strong>que quedan en la herida, impidiendo que cicatrice adecuadamente<\/li>\n\n\n\n<li><strong>Contaminaci\u00f3n del alv\u00e9olo <\/strong>por bacterias u otros factores externos<\/li>\n\n\n\n<li><strong>Los factores de riesgo<\/strong> incluyen los siguientes:<\/li>\n\n\n\n<li><strong>Un caso previo <\/strong>de alveolitis seca<\/li>\n\n\n\n<li><strong>Cuidado posterior inadecuado <\/strong>en el hogar<\/li>\n\n\n\n<li><strong>Gingivitis <\/strong>u otra infecci\u00f3n de las enc\u00edas<\/li>\n\n\n\n<li><strong>Fumar cigarrillos<\/strong><\/li>\n<\/ul>\n\n\n\n<figure class=\"wp-block-image alignright size-large is-resized is-style-default\"><img decoding=\"async\" src=\"https:\/\/cemvalderas.es\/dev\/wp-content\/uploads\/2023\/01\/Diseno-sin-titulo-2023-01-26T115513.136-1024x1024.jpg\" alt=\"alveolitis seca\" class=\"wp-image-4834\" width=\"327\" height=\"327\" srcset=\"https:\/\/cemvalderas.es\/dev\/wp-content\/uploads\/2023\/01\/Diseno-sin-titulo-2023-01-26T115513.136-1024x1024.jpg 1024w, https:\/\/cemvalderas.es\/dev\/wp-content\/uploads\/2023\/01\/Diseno-sin-titulo-2023-01-26T115513.136-300x300.jpg 300w, https:\/\/cemvalderas.es\/dev\/wp-content\/uploads\/2023\/01\/Diseno-sin-titulo-2023-01-26T115513.136-150x150.jpg 150w, https:\/\/cemvalderas.es\/dev\/wp-content\/uploads\/2023\/01\/Diseno-sin-titulo-2023-01-26T115513.136-768x768.jpg 768w, https:\/\/cemvalderas.es\/dev\/wp-content\/uploads\/2023\/01\/Diseno-sin-titulo-2023-01-26T115513.136-700x700.jpg 700w, https:\/\/cemvalderas.es\/dev\/wp-content\/uploads\/2023\/01\/Diseno-sin-titulo-2023-01-26T115513.136.jpg 1080w\" sizes=\"(max-width: 327px) 100vw, 327px\" \/><\/figure>\n\n\n\n<h2 class=\"wp-block-heading\">Tratamiento de la alveolitis seca<\/h2>\n\n\n\n<p>Los <strong>tratamientos de la alveolitis seca <\/strong>se centran principalmente en reducir el dolor y la probabilidad de contaminaci\u00f3n en el \u00e1rea para que la herida pueda <strong>continuar sanando naturalmente.<\/strong> Estos tratamientos incluyen:<br><br>El dentista enjuagar\u00e1 el alveolo para liberarlo de cualquier residuo restante y <strong>luego lo empaquetar\u00e1 con vendajes medicados.<\/strong> Este proceso ayudar\u00e1 a aliviar el dolor y evitar\u00e1 una mayor infecci\u00f3n.<br>Debido a que muchos casos de <strong>alveolitis seca no reaccionan a los analg\u00e9sicos <\/strong>de venta libre, el dentista a menudo recomendar\u00e1 medicamentos<strong> recetados para aliviar el dolor mientras sana la herida.<\/strong><br>El cuidado personal en el hogar puede incluir enjuagar la cavidad con agua <strong>salada u otra soluci\u00f3n recetada varias veces al d\u00eda.<\/strong><\/p>\n\n\n\n<h2 class=\"wp-block-heading\">Prevenci\u00f3n de la alveolitis seca<\/h2>\n\n\n\n<p>Despu\u00e9s de una extracci\u00f3n, los pacientes reciben instrucciones espec\u00edficas de cuidado posterior para prevenir<strong> complicaciones como la alveolitis seca.<\/strong> \u00c9stos incluyen:<\/p>\n\n\n\n<ul class=\"wp-block-list\">\n<li><strong>Descansar lo suficiente<\/strong> despu\u00e9s de la cirug\u00eda<\/li>\n\n\n\n<li><strong>Beber mucha agua<\/strong> para mantenerse adecuadamente hidratado<\/li>\n\n\n\n<li><strong>Evitar bebidas calientes, alcoh\u00f3licas<\/strong> <strong>o con cafe\u00edna<\/strong> durante las primeras 24 horas posteriores a la extracci\u00f3n<\/li>\n\n\n\n<li><strong>Abstenerse de fumar o beber con pajita, <\/strong>ya que esta succi\u00f3n puede interrumpir la coagulaci\u00f3n<\/li>\n\n\n\n<li><strong>Comer solo alimentos blandos<\/strong><\/li>\n<\/ul>\n\n\n\n<p>.<\/p>\n\n\n\n<p><strong>La forma m\u00e1s eficaz de prevenir la alveolitis seca <\/strong>es seguir exactamente las instrucciones espec\u00edficas que le d\u00e9 el dentista despu\u00e9s de una extracci\u00f3n..En la<strong>\u00a0<a href=\"https:\/\/cemvalderas.es\/\">Cl\u00ednica Dental Alcorc\u00f3n CEM Valderas<\/a>\u00a0\u00a0<\/strong>somos expertos en<strong>\u00a0<a href=\"https:\/\/cemvalderas.es\/centro-odontologico\/\">tratamientos para tu salud dental<\/a>.\u00a0<\/strong>Para m\u00e1s informaci\u00f3n no duden en visitar<strong>\u00a0<a href=\"https:\/\/goo.gl\/maps\/Zt49RVmiHJNs1Kk96\" target=\"_blank\" rel=\"noreferrer noopener\">Centro de Especialidades M\u00e9dicas CEM Valderas<\/a>\u00a0<\/strong>situado en\u00a0Alcorc\u00f3n\u00a0o llamarnos por\u00a0tel\u00e9fono 912 260 021, estaremos encantados de poder atenderle.<\/p>\n","protected":false},"excerpt":{"rendered":"<p>\u00bfQu\u00e9 es la alveolitis seca? Despu\u00e9s de que se extrae un diente, el sistema de defensa natural del cuerpo comienza el proceso de formaci\u00f3n de un co\u00e1gulo en el sitio para comenzar a sanar. Sin embargo, si este co\u00e1gulo se desprende antes de que la herida se haya curado por completo, se produce la condici\u00f3n [&hellip;]<\/p>\n","protected":false},"author":2,"featured_media":4832,"comment_status":"closed","ping_status":"closed","sticky":false,"template":"","format":"standard","meta":{"footnotes":""},"categories":[13],"tags":[],"class_list":["post-4826","post","type-post","status-publish","format-standard","has-post-thumbnail","hentry","category-blog-cem-valderas"],"yoast_head":"<!-- This site is optimized with the Yoast SEO plugin v26.8 - https:\/\/yoast.com\/product\/yoast-seo-wordpress\/ -->\n<title>Alveolitis Seca: Descripci\u00f3n, Tratamientos y Prevenci\u00f3n<\/title>\n<meta name=\"description\" content=\"La alveolitis seca es una complicaci\u00f3n dental dolorosa que sigue a la extracci\u00f3n de un diente permanente. El dolor surge de la p\u00e9rdida de un co\u00e1gulo de sangre protector en el sitio de la extracci\u00f3n,\" \/>\n<meta name=\"robots\" content=\"index, follow, max-snippet:-1, max-image-preview:large, max-video-preview:-1\" \/>\n<link rel=\"canonical\" href=\"https:\/\/cemvalderas.es\/dev\/alveolitis-seca-descripcion-tratamientos-prevencion\/\" \/>\n<meta property=\"og:locale\" content=\"es_ES\" \/>\n<meta property=\"og:type\" content=\"article\" \/>\n<meta property=\"og:title\" content=\"Alveolitis Seca: Descripci\u00f3n, Tratamientos y Prevenci\u00f3n\" \/>\n<meta property=\"og:description\" content=\"La alveolitis seca es una complicaci\u00f3n dental dolorosa que sigue a la extracci\u00f3n de un diente permanente. El dolor surge de la p\u00e9rdida de un co\u00e1gulo de sangre protector en el sitio de la extracci\u00f3n,\" \/>\n<meta property=\"og:url\" content=\"https:\/\/cemvalderas.es\/dev\/alveolitis-seca-descripcion-tratamientos-prevencion\/\" \/>\n<meta property=\"og:site_name\" content=\"Clinica Dental CEM Valderas Dentistas Alcorcon\" \/>\n<meta property=\"article:published_time\" content=\"2023-01-26T10:58:49+00:00\" \/>\n<meta property=\"og:image\" content=\"https:\/\/cemvalderas.es\/dev\/wp-content\/uploads\/2023\/01\/Diseno-sin-titulo-2023-01-26T115546.083.jpg\" \/>\n\t<meta property=\"og:image:width\" content=\"1080\" \/>\n\t<meta property=\"og:image:height\" content=\"1080\" \/>\n\t<meta property=\"og:image:type\" content=\"image\/jpeg\" \/>\n<meta name=\"author\" content=\"CEM VALDERAS\" \/>\n<meta name=\"twitter:card\" content=\"summary_large_image\" \/>\n<meta name=\"twitter:label1\" content=\"Escrito por\" \/>\n\t<meta name=\"twitter:data1\" content=\"CEM VALDERAS\" \/>\n\t<meta name=\"twitter:label2\" content=\"Tiempo de lectura\" \/>\n\t<meta name=\"twitter:data2\" content=\"4 minutos\" \/>\n<script type=\"application\/ld+json\" class=\"yoast-schema-graph\">{\"@context\":\"https:\/\/schema.org\",\"@graph\":[{\"@type\":\"Article\",\"@id\":\"https:\/\/cemvalderas.es\/dev\/alveolitis-seca-descripcion-tratamientos-prevencion\/#article\",\"isPartOf\":{\"@id\":\"https:\/\/cemvalderas.es\/dev\/alveolitis-seca-descripcion-tratamientos-prevencion\/\"},\"author\":{\"name\":\"CEM VALDERAS\",\"@id\":\"https:\/\/cemvalderas.es\/dev\/#\/schema\/person\/57dbaa31b1919508e6803a19cb1dffe5\"},\"headline\":\"Alveolitis Seca: Descripci\u00f3n, Tratamientos y Prevenci\u00f3n\",\"datePublished\":\"2023-01-26T10:58:49+00:00\",\"mainEntityOfPage\":{\"@id\":\"https:\/\/cemvalderas.es\/dev\/alveolitis-seca-descripcion-tratamientos-prevencion\/\"},\"wordCount\":661,\"publisher\":{\"@id\":\"https:\/\/cemvalderas.es\/dev\/#organization\"},\"image\":{\"@id\":\"https:\/\/cemvalderas.es\/dev\/alveolitis-seca-descripcion-tratamientos-prevencion\/#primaryimage\"},\"thumbnailUrl\":\"https:\/\/cemvalderas.es\/dev\/wp-content\/uploads\/2023\/01\/Diseno-sin-titulo-2023-01-26T115546.083.jpg\",\"articleSection\":[\"Blog CEM Valderas\"],\"inLanguage\":\"es\"},{\"@type\":\"WebPage\",\"@id\":\"https:\/\/cemvalderas.es\/dev\/alveolitis-seca-descripcion-tratamientos-prevencion\/\",\"url\":\"https:\/\/cemvalderas.es\/dev\/alveolitis-seca-descripcion-tratamientos-prevencion\/\",\"name\":\"Alveolitis Seca: Descripci\u00f3n, Tratamientos y Prevenci\u00f3n\",\"isPartOf\":{\"@id\":\"https:\/\/cemvalderas.es\/dev\/#website\"},\"primaryImageOfPage\":{\"@id\":\"https:\/\/cemvalderas.es\/dev\/alveolitis-seca-descripcion-tratamientos-prevencion\/#primaryimage\"},\"image\":{\"@id\":\"https:\/\/cemvalderas.es\/dev\/alveolitis-seca-descripcion-tratamientos-prevencion\/#primaryimage\"},\"thumbnailUrl\":\"https:\/\/cemvalderas.es\/dev\/wp-content\/uploads\/2023\/01\/Diseno-sin-titulo-2023-01-26T115546.083.jpg\",\"datePublished\":\"2023-01-26T10:58:49+00:00\",\"description\":\"La alveolitis seca es una complicaci\u00f3n dental dolorosa que sigue a la extracci\u00f3n de un diente permanente. El dolor surge de la p\u00e9rdida de un co\u00e1gulo de sangre protector en el sitio de la extracci\u00f3n,\",\"breadcrumb\":{\"@id\":\"https:\/\/cemvalderas.es\/dev\/alveolitis-seca-descripcion-tratamientos-prevencion\/#breadcrumb\"},\"inLanguage\":\"es\",\"potentialAction\":[{\"@type\":\"ReadAction\",\"target\":[\"https:\/\/cemvalderas.es\/dev\/alveolitis-seca-descripcion-tratamientos-prevencion\/\"]}]},{\"@type\":\"ImageObject\",\"inLanguage\":\"es\",\"@id\":\"https:\/\/cemvalderas.es\/dev\/alveolitis-seca-descripcion-tratamientos-prevencion\/#primaryimage\",\"url\":\"https:\/\/cemvalderas.es\/dev\/wp-content\/uploads\/2023\/01\/Diseno-sin-titulo-2023-01-26T115546.083.jpg\",\"contentUrl\":\"https:\/\/cemvalderas.es\/dev\/wp-content\/uploads\/2023\/01\/Diseno-sin-titulo-2023-01-26T115546.083.jpg\",\"width\":1080,\"height\":1080,\"caption\":\"alveolitis seca\"},{\"@type\":\"BreadcrumbList\",\"@id\":\"https:\/\/cemvalderas.es\/dev\/alveolitis-seca-descripcion-tratamientos-prevencion\/#breadcrumb\",\"itemListElement\":[{\"@type\":\"ListItem\",\"position\":1,\"name\":\"Portada\",\"item\":\"https:\/\/cemvalderas.es\/dev\/\"},{\"@type\":\"ListItem\",\"position\":2,\"name\":\"Alveolitis Seca: Descripci\u00f3n, Tratamientos y Prevenci\u00f3n\"}]},{\"@type\":\"WebSite\",\"@id\":\"https:\/\/cemvalderas.es\/dev\/#website\",\"url\":\"https:\/\/cemvalderas.es\/dev\/\",\"name\":\"Clinica Dental CEM Valderas Dentistas Alcorcon\",\"description\":\"Los mejores tratamientos odontol\u00f3gicos, sin dolor. Vuelve a sonre\u00edr sin que te duela el bolsillo\",\"publisher\":{\"@id\":\"https:\/\/cemvalderas.es\/dev\/#organization\"},\"potentialAction\":[{\"@type\":\"SearchAction\",\"target\":{\"@type\":\"EntryPoint\",\"urlTemplate\":\"https:\/\/cemvalderas.es\/dev\/?s={search_term_string}\"},\"query-input\":{\"@type\":\"PropertyValueSpecification\",\"valueRequired\":true,\"valueName\":\"search_term_string\"}}],\"inLanguage\":\"es\"},{\"@type\":\"Organization\",\"@id\":\"https:\/\/cemvalderas.es\/dev\/#organization\",\"name\":\"Clinica Dental CEM Valderas Dentistas Alcorcon\",\"url\":\"https:\/\/cemvalderas.es\/dev\/\",\"logo\":{\"@type\":\"ImageObject\",\"inLanguage\":\"es\",\"@id\":\"https:\/\/cemvalderas.es\/dev\/#\/schema\/logo\/image\/\",\"url\":\"https:\/\/cemvalderas.es\/dev\/wp-content\/uploads\/2025\/09\/12c4595b090208224e9ca0e24fddb595.png\",\"contentUrl\":\"https:\/\/cemvalderas.es\/dev\/wp-content\/uploads\/2025\/09\/12c4595b090208224e9ca0e24fddb595.png\",\"width\":229,\"height\":44,\"caption\":\"Clinica Dental CEM Valderas Dentistas Alcorcon\"},\"image\":{\"@id\":\"https:\/\/cemvalderas.es\/dev\/#\/schema\/logo\/image\/\"}},{\"@type\":\"Person\",\"@id\":\"https:\/\/cemvalderas.es\/dev\/#\/schema\/person\/57dbaa31b1919508e6803a19cb1dffe5\",\"name\":\"CEM VALDERAS\",\"image\":{\"@type\":\"ImageObject\",\"inLanguage\":\"es\",\"@id\":\"https:\/\/cemvalderas.es\/dev\/#\/schema\/person\/image\/\",\"url\":\"https:\/\/secure.gravatar.com\/avatar\/a0b795c992935e775c0fb2c4f6336e5d4d1d8485fa70c9a9407bd42e6450a864?s=96&d=mm&r=g\",\"contentUrl\":\"https:\/\/secure.gravatar.com\/avatar\/a0b795c992935e775c0fb2c4f6336e5d4d1d8485fa70c9a9407bd42e6450a864?s=96&d=mm&r=g\",\"caption\":\"CEM VALDERAS\"},\"url\":\"https:\/\/cemvalderas.es\/dev\/author\/oroldanv75\/\"}]}<\/script>\n<!-- \/ Yoast SEO plugin. -->","yoast_head_json":{"title":"Alveolitis Seca: Descripci\u00f3n, Tratamientos y Prevenci\u00f3n","description":"La alveolitis seca es una complicaci\u00f3n dental dolorosa que sigue a la extracci\u00f3n de un diente permanente. El dolor surge de la p\u00e9rdida de un co\u00e1gulo de sangre protector en el sitio de la extracci\u00f3n,","robots":{"index":"index","follow":"follow","max-snippet":"max-snippet:-1","max-image-preview":"max-image-preview:large","max-video-preview":"max-video-preview:-1"},"canonical":"https:\/\/cemvalderas.es\/dev\/alveolitis-seca-descripcion-tratamientos-prevencion\/","og_locale":"es_ES","og_type":"article","og_title":"Alveolitis Seca: Descripci\u00f3n, Tratamientos y Prevenci\u00f3n","og_description":"La alveolitis seca es una complicaci\u00f3n dental dolorosa que sigue a la extracci\u00f3n de un diente permanente. El dolor surge de la p\u00e9rdida de un co\u00e1gulo de sangre protector en el sitio de la extracci\u00f3n,","og_url":"https:\/\/cemvalderas.es\/dev\/alveolitis-seca-descripcion-tratamientos-prevencion\/","og_site_name":"Clinica Dental CEM Valderas Dentistas Alcorcon","article_published_time":"2023-01-26T10:58:49+00:00","og_image":[{"width":1080,"height":1080,"url":"https:\/\/cemvalderas.es\/dev\/wp-content\/uploads\/2023\/01\/Diseno-sin-titulo-2023-01-26T115546.083.jpg","type":"image\/jpeg"}],"author":"CEM VALDERAS","twitter_card":"summary_large_image","twitter_misc":{"Escrito por":"CEM VALDERAS","Tiempo de lectura":"4 minutos"},"schema":{"@context":"https:\/\/schema.org","@graph":[{"@type":"Article","@id":"https:\/\/cemvalderas.es\/dev\/alveolitis-seca-descripcion-tratamientos-prevencion\/#article","isPartOf":{"@id":"https:\/\/cemvalderas.es\/dev\/alveolitis-seca-descripcion-tratamientos-prevencion\/"},"author":{"name":"CEM VALDERAS","@id":"https:\/\/cemvalderas.es\/dev\/#\/schema\/person\/57dbaa31b1919508e6803a19cb1dffe5"},"headline":"Alveolitis Seca: Descripci\u00f3n, Tratamientos y Prevenci\u00f3n","datePublished":"2023-01-26T10:58:49+00:00","mainEntityOfPage":{"@id":"https:\/\/cemvalderas.es\/dev\/alveolitis-seca-descripcion-tratamientos-prevencion\/"},"wordCount":661,"publisher":{"@id":"https:\/\/cemvalderas.es\/dev\/#organization"},"image":{"@id":"https:\/\/cemvalderas.es\/dev\/alveolitis-seca-descripcion-tratamientos-prevencion\/#primaryimage"},"thumbnailUrl":"https:\/\/cemvalderas.es\/dev\/wp-content\/uploads\/2023\/01\/Diseno-sin-titulo-2023-01-26T115546.083.jpg","articleSection":["Blog CEM Valderas"],"inLanguage":"es"},{"@type":"WebPage","@id":"https:\/\/cemvalderas.es\/dev\/alveolitis-seca-descripcion-tratamientos-prevencion\/","url":"https:\/\/cemvalderas.es\/dev\/alveolitis-seca-descripcion-tratamientos-prevencion\/","name":"Alveolitis Seca: Descripci\u00f3n, Tratamientos y Prevenci\u00f3n","isPartOf":{"@id":"https:\/\/cemvalderas.es\/dev\/#website"},"primaryImageOfPage":{"@id":"https:\/\/cemvalderas.es\/dev\/alveolitis-seca-descripcion-tratamientos-prevencion\/#primaryimage"},"image":{"@id":"https:\/\/cemvalderas.es\/dev\/alveolitis-seca-descripcion-tratamientos-prevencion\/#primaryimage"},"thumbnailUrl":"https:\/\/cemvalderas.es\/dev\/wp-content\/uploads\/2023\/01\/Diseno-sin-titulo-2023-01-26T115546.083.jpg","datePublished":"2023-01-26T10:58:49+00:00","description":"La alveolitis seca es una complicaci\u00f3n dental dolorosa que sigue a la extracci\u00f3n de un diente permanente. El dolor surge de la p\u00e9rdida de un co\u00e1gulo de sangre protector en el sitio de la extracci\u00f3n,","breadcrumb":{"@id":"https:\/\/cemvalderas.es\/dev\/alveolitis-seca-descripcion-tratamientos-prevencion\/#breadcrumb"},"inLanguage":"es","potentialAction":[{"@type":"ReadAction","target":["https:\/\/cemvalderas.es\/dev\/alveolitis-seca-descripcion-tratamientos-prevencion\/"]}]},{"@type":"ImageObject","inLanguage":"es","@id":"https:\/\/cemvalderas.es\/dev\/alveolitis-seca-descripcion-tratamientos-prevencion\/#primaryimage","url":"https:\/\/cemvalderas.es\/dev\/wp-content\/uploads\/2023\/01\/Diseno-sin-titulo-2023-01-26T115546.083.jpg","contentUrl":"https:\/\/cemvalderas.es\/dev\/wp-content\/uploads\/2023\/01\/Diseno-sin-titulo-2023-01-26T115546.083.jpg","width":1080,"height":1080,"caption":"alveolitis seca"},{"@type":"BreadcrumbList","@id":"https:\/\/cemvalderas.es\/dev\/alveolitis-seca-descripcion-tratamientos-prevencion\/#breadcrumb","itemListElement":[{"@type":"ListItem","position":1,"name":"Portada","item":"https:\/\/cemvalderas.es\/dev\/"},{"@type":"ListItem","position":2,"name":"Alveolitis Seca: Descripci\u00f3n, Tratamientos y Prevenci\u00f3n"}]},{"@type":"WebSite","@id":"https:\/\/cemvalderas.es\/dev\/#website","url":"https:\/\/cemvalderas.es\/dev\/","name":"Clinica Dental CEM Valderas Dentistas Alcorcon","description":"Los mejores tratamientos odontol\u00f3gicos, sin dolor. Vuelve a sonre\u00edr sin que te duela el bolsillo","publisher":{"@id":"https:\/\/cemvalderas.es\/dev\/#organization"},"potentialAction":[{"@type":"SearchAction","target":{"@type":"EntryPoint","urlTemplate":"https:\/\/cemvalderas.es\/dev\/?s={search_term_string}"},"query-input":{"@type":"PropertyValueSpecification","valueRequired":true,"valueName":"search_term_string"}}],"inLanguage":"es"},{"@type":"Organization","@id":"https:\/\/cemvalderas.es\/dev\/#organization","name":"Clinica Dental CEM Valderas Dentistas Alcorcon","url":"https:\/\/cemvalderas.es\/dev\/","logo":{"@type":"ImageObject","inLanguage":"es","@id":"https:\/\/cemvalderas.es\/dev\/#\/schema\/logo\/image\/","url":"https:\/\/cemvalderas.es\/dev\/wp-content\/uploads\/2025\/09\/12c4595b090208224e9ca0e24fddb595.png","contentUrl":"https:\/\/cemvalderas.es\/dev\/wp-content\/uploads\/2025\/09\/12c4595b090208224e9ca0e24fddb595.png","width":229,"height":44,"caption":"Clinica Dental CEM Valderas Dentistas Alcorcon"},"image":{"@id":"https:\/\/cemvalderas.es\/dev\/#\/schema\/logo\/image\/"}},{"@type":"Person","@id":"https:\/\/cemvalderas.es\/dev\/#\/schema\/person\/57dbaa31b1919508e6803a19cb1dffe5","name":"CEM VALDERAS","image":{"@type":"ImageObject","inLanguage":"es","@id":"https:\/\/cemvalderas.es\/dev\/#\/schema\/person\/image\/","url":"https:\/\/secure.gravatar.com\/avatar\/a0b795c992935e775c0fb2c4f6336e5d4d1d8485fa70c9a9407bd42e6450a864?s=96&d=mm&r=g","contentUrl":"https:\/\/secure.gravatar.com\/avatar\/a0b795c992935e775c0fb2c4f6336e5d4d1d8485fa70c9a9407bd42e6450a864?s=96&d=mm&r=g","caption":"CEM VALDERAS"},"url":"https:\/\/cemvalderas.es\/dev\/author\/oroldanv75\/"}]}},"_links":{"self":[{"href":"https:\/\/cemvalderas.es\/dev\/wp-json\/wp\/v2\/posts\/4826","targetHints":{"allow":["GET"]}}],"collection":[{"href":"https:\/\/cemvalderas.es\/dev\/wp-json\/wp\/v2\/posts"}],"about":[{"href":"https:\/\/cemvalderas.es\/dev\/wp-json\/wp\/v2\/types\/post"}],"author":[{"embeddable":true,"href":"https:\/\/cemvalderas.es\/dev\/wp-json\/wp\/v2\/users\/2"}],"replies":[{"embeddable":true,"href":"https:\/\/cemvalderas.es\/dev\/wp-json\/wp\/v2\/comments?post=4826"}],"version-history":[{"count":0,"href":"https:\/\/cemvalderas.es\/dev\/wp-json\/wp\/v2\/posts\/4826\/revisions"}],"wp:featuredmedia":[{"embeddable":true,"href":"https:\/\/cemvalderas.es\/dev\/wp-json\/wp\/v2\/media\/4832"}],"wp:attachment":[{"href":"https:\/\/cemvalderas.es\/dev\/wp-json\/wp\/v2\/media?parent=4826"}],"wp:term":[{"taxonomy":"category","embeddable":true,"href":"https:\/\/cemvalderas.es\/dev\/wp-json\/wp\/v2\/categories?post=4826"},{"taxonomy":"post_tag","embeddable":true,"href":"https:\/\/cemvalderas.es\/dev\/wp-json\/wp\/v2\/tags?post=4826"}],"curies":[{"name":"wp","href":"https:\/\/api.w.org\/{rel}","templated":true}]}}