{"id":4444,"date":"2022-05-25T08:15:01","date_gmt":"2022-05-25T08:15:01","guid":{"rendered":"https:\/\/cemvalderas.es\/?p=4444"},"modified":"2022-05-25T08:15:01","modified_gmt":"2022-05-25T08:15:01","slug":"como-los-cigarrillos-afectan-tu-salud-bucal","status":"publish","type":"post","link":"https:\/\/cemvalderas.es\/dev\/como-los-cigarrillos-afectan-tu-salud-bucal\/","title":{"rendered":"C\u00f3mo los cigarrillos afectan tu salud bucal"},"content":{"rendered":"\n<p>Un dentista har\u00e1 todo lo posible para <strong>garantizar tu buena salud bucodental. <\/strong>Sin embargo, a veces los malos h\u00e1bitos pueden hacer que sea m\u00e1s dif\u00edcil mantener esa buena salud. Por ejemplo, fumar cigarrillos no solo es malo para ti en general, en realidad tiene <strong>un impacto negativo en tu salud oral.<\/strong><\/p>\n\n\n\n<h2 class=\"wp-block-heading\">Fumar causa enfermedad de las enc\u00edas<\/h2>\n\n\n\n<div class=\"wp-block-image is-style-default\"><figure class=\"aligncenter size-large is-resized\"><img fetchpriority=\"high\" decoding=\"async\" src=\"https:\/\/cemvalderas.es\/dev\/wp-content\/uploads\/2022\/05\/Diseno-sin-titulo-2022-05-25T101103.747-1024x576.jpg\" alt=\"tabaco salud dental\" class=\"wp-image-4448\" width=\"605\" height=\"340\" srcset=\"https:\/\/cemvalderas.es\/dev\/wp-content\/uploads\/2022\/05\/Diseno-sin-titulo-2022-05-25T101103.747-1024x576.jpg 1024w, https:\/\/cemvalderas.es\/dev\/wp-content\/uploads\/2022\/05\/Diseno-sin-titulo-2022-05-25T101103.747-300x169.jpg 300w, https:\/\/cemvalderas.es\/dev\/wp-content\/uploads\/2022\/05\/Diseno-sin-titulo-2022-05-25T101103.747-768x432.jpg 768w, https:\/\/cemvalderas.es\/dev\/wp-content\/uploads\/2022\/05\/Diseno-sin-titulo-2022-05-25T101103.747-1536x864.jpg 1536w, https:\/\/cemvalderas.es\/dev\/wp-content\/uploads\/2022\/05\/Diseno-sin-titulo-2022-05-25T101103.747.jpg 1920w\" sizes=\"(max-width: 605px) 100vw, 605px\" \/><\/figure><\/div>\n\n\n\n<p>\u00bfSab\u00edas que fumar<strong> cigarrillos es una de las principales causas de la enfermedad de las enc\u00edas<\/strong>? La mayor\u00eda de las personas equiparan la enfermedad de las enc\u00edas y la caries dental con el az\u00facar, pero fumar puede tener el mismo resultado. La enfermedad de las enc\u00edas es una infecci\u00f3n de las enc\u00edas y puede ser <strong>causada por los ingredientes de los cigarrillos. <\/strong>De hecho, los<strong> fumadores tienen dos veces m\u00e1s riesgo de sufrir enfermedades de las enc\u00edas <\/strong>que los no fumadores. Cuanto m\u00e1s y durante m\u00e1s tiempo fumes, mayor ser\u00e1 el riesgo. Peor a\u00fan, seguir fumando hace que sea m\u00e1s probable que los <strong>tratamientos comunes para la enfermedad de las enc\u00edas no funcionen para ti.<\/strong><\/p>\n\n\n\n<h2 class=\"wp-block-heading\">Fumar causa dientes amarillos<\/h2>\n\n\n\n<div class=\"wp-block-image is-style-default\"><figure class=\"aligncenter size-large is-resized\"><img decoding=\"async\" src=\"https:\/\/cemvalderas.es\/dev\/wp-content\/uploads\/2022\/05\/Diseno-sin-titulo-2022-05-25T100722.019-1024x576.jpg\" alt=\"tabaco salud dental\" class=\"wp-image-4451\" width=\"606\" height=\"340\" srcset=\"https:\/\/cemvalderas.es\/dev\/wp-content\/uploads\/2022\/05\/Diseno-sin-titulo-2022-05-25T100722.019-1024x576.jpg 1024w, https:\/\/cemvalderas.es\/dev\/wp-content\/uploads\/2022\/05\/Diseno-sin-titulo-2022-05-25T100722.019-300x169.jpg 300w, https:\/\/cemvalderas.es\/dev\/wp-content\/uploads\/2022\/05\/Diseno-sin-titulo-2022-05-25T100722.019-768x432.jpg 768w, https:\/\/cemvalderas.es\/dev\/wp-content\/uploads\/2022\/05\/Diseno-sin-titulo-2022-05-25T100722.019-1536x864.jpg 1536w, https:\/\/cemvalderas.es\/dev\/wp-content\/uploads\/2022\/05\/Diseno-sin-titulo-2022-05-25T100722.019.jpg 1920w\" sizes=\"(max-width: 606px) 100vw, 606px\" \/><\/figure><\/div>\n\n\n\n<p>\u00bfAlguna vez has mirado los dientes de alguien que ha estado fumando durante mucho tiempo? Notar\u00e1s que los <strong>dientes de los fumadores est\u00e1n descoloridos<\/strong>. Eso se debe a algunos de los ingredientes de los cigarrillos, como el alquitr\u00e1n y la nicotina. Esos ingredientes <strong>manchan los dientes y hacen que se vean amarillos y en mal estado de salud. <\/strong>El blanqueamiento dental puede eliminar la decoloraci\u00f3n temporalmente, pero pronto regresar\u00e1 si se fuma m\u00e1s.<\/p>\n\n\n\n<h2 class=\"wp-block-heading\">Fumar impide el proceso de curaci\u00f3n<\/h2>\n\n\n\n<p>Fumar reduce tu sistema inmunol\u00f3gico e impide el proceso de curaci\u00f3n. Cada vez que tenga una llaga en la boca, una <strong>extracci\u00f3n dental, una cirug\u00eda oral<\/strong> u otro tratamiento que requiera un tiempo de curaci\u00f3n, tomar\u00e1 mucho m\u00e1s tiempo debido al tabaquismo. Y un tiempo de curaci\u00f3n m\u00e1s largo <strong>significa un mayor riesgo de infecci\u00f3n.<\/strong><\/p>\n\n\n\n<h2 class=\"wp-block-heading\">Fumar causa mal aliento<\/h2>\n\n\n\n<div class=\"wp-block-image is-style-default\"><figure class=\"aligncenter size-large is-resized\"><img decoding=\"async\" src=\"https:\/\/cemvalderas.es\/dev\/wp-content\/uploads\/2022\/05\/Diseno-sin-titulo-2022-05-25T100618.425-1024x576.jpg\" alt=\"tabaco salud dental\" class=\"wp-image-4453\" width=\"594\" height=\"334\" srcset=\"https:\/\/cemvalderas.es\/dev\/wp-content\/uploads\/2022\/05\/Diseno-sin-titulo-2022-05-25T100618.425-1024x576.jpg 1024w, https:\/\/cemvalderas.es\/dev\/wp-content\/uploads\/2022\/05\/Diseno-sin-titulo-2022-05-25T100618.425-300x169.jpg 300w, https:\/\/cemvalderas.es\/dev\/wp-content\/uploads\/2022\/05\/Diseno-sin-titulo-2022-05-25T100618.425-768x432.jpg 768w, https:\/\/cemvalderas.es\/dev\/wp-content\/uploads\/2022\/05\/Diseno-sin-titulo-2022-05-25T100618.425-1536x864.jpg 1536w, https:\/\/cemvalderas.es\/dev\/wp-content\/uploads\/2022\/05\/Diseno-sin-titulo-2022-05-25T100618.425.jpg 1920w\" sizes=\"(max-width: 594px) 100vw, 594px\" \/><\/figure><\/div>\n\n\n\n<p>Todo el mundo aprecia el aliento fresco. Es un signo de<strong> buena salud bucal.<\/strong> Pero si fumas, tu aliento nunca oler\u00e1 fresco. De hecho, fumar <strong>causa mal aliento<\/strong>, lo que probablemente evitar\u00e1 que otras personas quieran estar demasiado cerca de ti.<\/p>\n\n\n\n<h2 class=\"wp-block-heading\">Fumar aumenta el riesgo de c\u00e1ncer bucal<\/h2>\n\n\n\n<p>El c\u00e1ncer oral es una <strong>enfermedad terrible que puede conducir<\/strong> a todo tipo de resultados negativos. Cuando fuma, expone los tejidos sensibles dentro de su boca a <strong>carcin\u00f3genos mortales que pueden provocar c\u00e1ncer oral.<br><\/strong><br>Si actualmente fuma, habla con tu <strong>dentista de confianza<\/strong> sobre formas de dejar el h\u00e1bito. Cuanto antes dejes de hacerlo, antes podr\u00e1s <strong>comenzar a disfrutar de una salud bucal \u00f3ptima.<\/strong><\/p>\n\n\n\n<p>.<\/p>\n\n\n\n<p>En la<strong>&nbsp;<a href=\"https:\/\/cemvalderas.es\/\">Cl\u00ednica Dental Alcorc\u00f3n CEM Valderas<\/a>&nbsp;&nbsp;<\/strong>somos expertos en<strong>&nbsp;<a href=\"https:\/\/cemvalderas.es\/centro-odontologico\/\">tratamientos para tu salud dental<\/a>.&nbsp;<\/strong>Para m\u00e1s informaci\u00f3n no duden en visitar<strong>&nbsp;<a rel=\"noreferrer noopener\" href=\"https:\/\/goo.gl\/maps\/Zt49RVmiHJNs1Kk96\" target=\"_blank\">Centro de Especialidades M\u00e9dicas CEM Valderas<\/a>&nbsp;<\/strong>situado en&nbsp;Alcorc\u00f3n&nbsp;o llamarnos por&nbsp;tel\u00e9fono 912 260 021, estaremos encantados de poder atenderle.<\/p>\n","protected":false},"excerpt":{"rendered":"<p>Un dentista har\u00e1 todo lo posible para garantizar tu buena salud bucodental. Sin embargo, a veces los malos h\u00e1bitos pueden hacer que sea m\u00e1s dif\u00edcil mantener esa buena salud. Por ejemplo, fumar cigarrillos no solo es malo para ti en general, en realidad tiene un impacto negativo en tu salud oral. Fumar causa enfermedad de [&hellip;]<\/p>\n","protected":false},"author":2,"featured_media":4449,"comment_status":"closed","ping_status":"open","sticky":false,"template":"","format":"standard","meta":{"footnotes":""},"categories":[13,114],"tags":[128],"class_list":["post-4444","post","type-post","status-publish","format-standard","has-post-thumbnail","hentry","category-blog-cem-valderas","category-prevencion","tag-prevencion"],"yoast_head":"<!-- This site is optimized with the Yoast SEO plugin v26.8 - https:\/\/yoast.com\/product\/yoast-seo-wordpress\/ -->\n<title>C\u00f3mo los cigarrillos afectan tu salud bucal<\/title>\n<meta name=\"description\" content=\"Fumar cigarrillos no solo es malo para ti en general, en realidad tiene un impacto negativo en tu salud oral.\" \/>\n<meta name=\"robots\" content=\"index, follow, max-snippet:-1, max-image-preview:large, max-video-preview:-1\" \/>\n<link rel=\"canonical\" href=\"https:\/\/cemvalderas.es\/dev\/como-los-cigarrillos-afectan-tu-salud-bucal\/\" \/>\n<meta property=\"og:locale\" content=\"es_ES\" \/>\n<meta property=\"og:type\" content=\"article\" \/>\n<meta property=\"og:title\" content=\"C\u00f3mo los cigarrillos afectan tu salud bucal\" \/>\n<meta property=\"og:description\" content=\"Fumar cigarrillos no solo es malo para ti en general, en realidad tiene un impacto negativo en tu salud oral.\" \/>\n<meta property=\"og:url\" content=\"https:\/\/cemvalderas.es\/dev\/como-los-cigarrillos-afectan-tu-salud-bucal\/\" \/>\n<meta property=\"og:site_name\" content=\"Clinica Dental CEM Valderas Dentistas Alcorcon\" \/>\n<meta property=\"article:published_time\" content=\"2022-05-25T08:15:01+00:00\" \/>\n<meta property=\"og:image\" content=\"https:\/\/cemvalderas.es\/dev\/wp-content\/uploads\/2022\/05\/Diseno-sin-titulo-2022-05-25T101044.351.jpg\" \/>\n\t<meta property=\"og:image:width\" content=\"1080\" \/>\n\t<meta property=\"og:image:height\" content=\"1080\" \/>\n\t<meta property=\"og:image:type\" content=\"image\/jpeg\" \/>\n<meta name=\"author\" content=\"CEM VALDERAS\" \/>\n<meta name=\"twitter:card\" content=\"summary_large_image\" \/>\n<meta name=\"twitter:label1\" content=\"Escrito por\" \/>\n\t<meta name=\"twitter:data1\" content=\"CEM VALDERAS\" \/>\n\t<meta name=\"twitter:label2\" content=\"Tiempo de lectura\" \/>\n\t<meta name=\"twitter:data2\" content=\"3 minutos\" \/>\n<script type=\"application\/ld+json\" class=\"yoast-schema-graph\">{\"@context\":\"https:\/\/schema.org\",\"@graph\":[{\"@type\":\"Article\",\"@id\":\"https:\/\/cemvalderas.es\/dev\/como-los-cigarrillos-afectan-tu-salud-bucal\/#article\",\"isPartOf\":{\"@id\":\"https:\/\/cemvalderas.es\/dev\/como-los-cigarrillos-afectan-tu-salud-bucal\/\"},\"author\":{\"name\":\"CEM VALDERAS\",\"@id\":\"https:\/\/cemvalderas.es\/dev\/#\/schema\/person\/57dbaa31b1919508e6803a19cb1dffe5\"},\"headline\":\"C\u00f3mo los cigarrillos afectan tu salud bucal\",\"datePublished\":\"2022-05-25T08:15:01+00:00\",\"mainEntityOfPage\":{\"@id\":\"https:\/\/cemvalderas.es\/dev\/como-los-cigarrillos-afectan-tu-salud-bucal\/\"},\"wordCount\":531,\"publisher\":{\"@id\":\"https:\/\/cemvalderas.es\/dev\/#organization\"},\"image\":{\"@id\":\"https:\/\/cemvalderas.es\/dev\/como-los-cigarrillos-afectan-tu-salud-bucal\/#primaryimage\"},\"thumbnailUrl\":\"https:\/\/cemvalderas.es\/dev\/wp-content\/uploads\/2022\/05\/Diseno-sin-titulo-2022-05-25T101044.351.jpg\",\"keywords\":[\"prevenci\u00f3n\"],\"articleSection\":[\"Blog CEM Valderas\",\"Prevenci\u00f3n\"],\"inLanguage\":\"es\"},{\"@type\":\"WebPage\",\"@id\":\"https:\/\/cemvalderas.es\/dev\/como-los-cigarrillos-afectan-tu-salud-bucal\/\",\"url\":\"https:\/\/cemvalderas.es\/dev\/como-los-cigarrillos-afectan-tu-salud-bucal\/\",\"name\":\"C\u00f3mo los cigarrillos afectan tu salud bucal\",\"isPartOf\":{\"@id\":\"https:\/\/cemvalderas.es\/dev\/#website\"},\"primaryImageOfPage\":{\"@id\":\"https:\/\/cemvalderas.es\/dev\/como-los-cigarrillos-afectan-tu-salud-bucal\/#primaryimage\"},\"image\":{\"@id\":\"https:\/\/cemvalderas.es\/dev\/como-los-cigarrillos-afectan-tu-salud-bucal\/#primaryimage\"},\"thumbnailUrl\":\"https:\/\/cemvalderas.es\/dev\/wp-content\/uploads\/2022\/05\/Diseno-sin-titulo-2022-05-25T101044.351.jpg\",\"datePublished\":\"2022-05-25T08:15:01+00:00\",\"description\":\"Fumar cigarrillos no solo es malo para ti en general, en realidad tiene un impacto negativo en tu salud oral.\",\"breadcrumb\":{\"@id\":\"https:\/\/cemvalderas.es\/dev\/como-los-cigarrillos-afectan-tu-salud-bucal\/#breadcrumb\"},\"inLanguage\":\"es\",\"potentialAction\":[{\"@type\":\"ReadAction\",\"target\":[\"https:\/\/cemvalderas.es\/dev\/como-los-cigarrillos-afectan-tu-salud-bucal\/\"]}]},{\"@type\":\"ImageObject\",\"inLanguage\":\"es\",\"@id\":\"https:\/\/cemvalderas.es\/dev\/como-los-cigarrillos-afectan-tu-salud-bucal\/#primaryimage\",\"url\":\"https:\/\/cemvalderas.es\/dev\/wp-content\/uploads\/2022\/05\/Diseno-sin-titulo-2022-05-25T101044.351.jpg\",\"contentUrl\":\"https:\/\/cemvalderas.es\/dev\/wp-content\/uploads\/2022\/05\/Diseno-sin-titulo-2022-05-25T101044.351.jpg\",\"width\":1080,\"height\":1080,\"caption\":\"tabaco salud dental\"},{\"@type\":\"BreadcrumbList\",\"@id\":\"https:\/\/cemvalderas.es\/dev\/como-los-cigarrillos-afectan-tu-salud-bucal\/#breadcrumb\",\"itemListElement\":[{\"@type\":\"ListItem\",\"position\":1,\"name\":\"Portada\",\"item\":\"https:\/\/cemvalderas.es\/dev\/\"},{\"@type\":\"ListItem\",\"position\":2,\"name\":\"C\u00f3mo los cigarrillos afectan tu salud bucal\"}]},{\"@type\":\"WebSite\",\"@id\":\"https:\/\/cemvalderas.es\/dev\/#website\",\"url\":\"https:\/\/cemvalderas.es\/dev\/\",\"name\":\"Clinica Dental CEM Valderas Dentistas Alcorcon\",\"description\":\"Los mejores tratamientos odontol\u00f3gicos, sin dolor. Vuelve a sonre\u00edr sin que te duela el bolsillo\",\"publisher\":{\"@id\":\"https:\/\/cemvalderas.es\/dev\/#organization\"},\"potentialAction\":[{\"@type\":\"SearchAction\",\"target\":{\"@type\":\"EntryPoint\",\"urlTemplate\":\"https:\/\/cemvalderas.es\/dev\/?s={search_term_string}\"},\"query-input\":{\"@type\":\"PropertyValueSpecification\",\"valueRequired\":true,\"valueName\":\"search_term_string\"}}],\"inLanguage\":\"es\"},{\"@type\":\"Organization\",\"@id\":\"https:\/\/cemvalderas.es\/dev\/#organization\",\"name\":\"Clinica Dental CEM Valderas Dentistas Alcorcon\",\"url\":\"https:\/\/cemvalderas.es\/dev\/\",\"logo\":{\"@type\":\"ImageObject\",\"inLanguage\":\"es\",\"@id\":\"https:\/\/cemvalderas.es\/dev\/#\/schema\/logo\/image\/\",\"url\":\"https:\/\/cemvalderas.es\/dev\/wp-content\/uploads\/2025\/09\/12c4595b090208224e9ca0e24fddb595.png\",\"contentUrl\":\"https:\/\/cemvalderas.es\/dev\/wp-content\/uploads\/2025\/09\/12c4595b090208224e9ca0e24fddb595.png\",\"width\":229,\"height\":44,\"caption\":\"Clinica Dental CEM Valderas Dentistas Alcorcon\"},\"image\":{\"@id\":\"https:\/\/cemvalderas.es\/dev\/#\/schema\/logo\/image\/\"}},{\"@type\":\"Person\",\"@id\":\"https:\/\/cemvalderas.es\/dev\/#\/schema\/person\/57dbaa31b1919508e6803a19cb1dffe5\",\"name\":\"CEM VALDERAS\",\"image\":{\"@type\":\"ImageObject\",\"inLanguage\":\"es\",\"@id\":\"https:\/\/cemvalderas.es\/dev\/#\/schema\/person\/image\/\",\"url\":\"https:\/\/secure.gravatar.com\/avatar\/a0b795c992935e775c0fb2c4f6336e5d4d1d8485fa70c9a9407bd42e6450a864?s=96&d=mm&r=g\",\"contentUrl\":\"https:\/\/secure.gravatar.com\/avatar\/a0b795c992935e775c0fb2c4f6336e5d4d1d8485fa70c9a9407bd42e6450a864?s=96&d=mm&r=g\",\"caption\":\"CEM VALDERAS\"},\"url\":\"https:\/\/cemvalderas.es\/dev\/author\/oroldanv75\/\"}]}<\/script>\n<!-- \/ Yoast SEO plugin. -->","yoast_head_json":{"title":"C\u00f3mo los cigarrillos afectan tu salud bucal","description":"Fumar cigarrillos no solo es malo para ti en general, en realidad tiene un impacto negativo en tu salud oral.","robots":{"index":"index","follow":"follow","max-snippet":"max-snippet:-1","max-image-preview":"max-image-preview:large","max-video-preview":"max-video-preview:-1"},"canonical":"https:\/\/cemvalderas.es\/dev\/como-los-cigarrillos-afectan-tu-salud-bucal\/","og_locale":"es_ES","og_type":"article","og_title":"C\u00f3mo los cigarrillos afectan tu salud bucal","og_description":"Fumar cigarrillos no solo es malo para ti en general, en realidad tiene un impacto negativo en tu salud oral.","og_url":"https:\/\/cemvalderas.es\/dev\/como-los-cigarrillos-afectan-tu-salud-bucal\/","og_site_name":"Clinica Dental CEM Valderas Dentistas Alcorcon","article_published_time":"2022-05-25T08:15:01+00:00","og_image":[{"width":1080,"height":1080,"url":"https:\/\/cemvalderas.es\/dev\/wp-content\/uploads\/2022\/05\/Diseno-sin-titulo-2022-05-25T101044.351.jpg","type":"image\/jpeg"}],"author":"CEM VALDERAS","twitter_card":"summary_large_image","twitter_misc":{"Escrito por":"CEM VALDERAS","Tiempo de lectura":"3 minutos"},"schema":{"@context":"https:\/\/schema.org","@graph":[{"@type":"Article","@id":"https:\/\/cemvalderas.es\/dev\/como-los-cigarrillos-afectan-tu-salud-bucal\/#article","isPartOf":{"@id":"https:\/\/cemvalderas.es\/dev\/como-los-cigarrillos-afectan-tu-salud-bucal\/"},"author":{"name":"CEM VALDERAS","@id":"https:\/\/cemvalderas.es\/dev\/#\/schema\/person\/57dbaa31b1919508e6803a19cb1dffe5"},"headline":"C\u00f3mo los cigarrillos afectan tu salud bucal","datePublished":"2022-05-25T08:15:01+00:00","mainEntityOfPage":{"@id":"https:\/\/cemvalderas.es\/dev\/como-los-cigarrillos-afectan-tu-salud-bucal\/"},"wordCount":531,"publisher":{"@id":"https:\/\/cemvalderas.es\/dev\/#organization"},"image":{"@id":"https:\/\/cemvalderas.es\/dev\/como-los-cigarrillos-afectan-tu-salud-bucal\/#primaryimage"},"thumbnailUrl":"https:\/\/cemvalderas.es\/dev\/wp-content\/uploads\/2022\/05\/Diseno-sin-titulo-2022-05-25T101044.351.jpg","keywords":["prevenci\u00f3n"],"articleSection":["Blog CEM Valderas","Prevenci\u00f3n"],"inLanguage":"es"},{"@type":"WebPage","@id":"https:\/\/cemvalderas.es\/dev\/como-los-cigarrillos-afectan-tu-salud-bucal\/","url":"https:\/\/cemvalderas.es\/dev\/como-los-cigarrillos-afectan-tu-salud-bucal\/","name":"C\u00f3mo los cigarrillos afectan tu salud bucal","isPartOf":{"@id":"https:\/\/cemvalderas.es\/dev\/#website"},"primaryImageOfPage":{"@id":"https:\/\/cemvalderas.es\/dev\/como-los-cigarrillos-afectan-tu-salud-bucal\/#primaryimage"},"image":{"@id":"https:\/\/cemvalderas.es\/dev\/como-los-cigarrillos-afectan-tu-salud-bucal\/#primaryimage"},"thumbnailUrl":"https:\/\/cemvalderas.es\/dev\/wp-content\/uploads\/2022\/05\/Diseno-sin-titulo-2022-05-25T101044.351.jpg","datePublished":"2022-05-25T08:15:01+00:00","description":"Fumar cigarrillos no solo es malo para ti en general, en realidad tiene un impacto negativo en tu salud oral.","breadcrumb":{"@id":"https:\/\/cemvalderas.es\/dev\/como-los-cigarrillos-afectan-tu-salud-bucal\/#breadcrumb"},"inLanguage":"es","potentialAction":[{"@type":"ReadAction","target":["https:\/\/cemvalderas.es\/dev\/como-los-cigarrillos-afectan-tu-salud-bucal\/"]}]},{"@type":"ImageObject","inLanguage":"es","@id":"https:\/\/cemvalderas.es\/dev\/como-los-cigarrillos-afectan-tu-salud-bucal\/#primaryimage","url":"https:\/\/cemvalderas.es\/dev\/wp-content\/uploads\/2022\/05\/Diseno-sin-titulo-2022-05-25T101044.351.jpg","contentUrl":"https:\/\/cemvalderas.es\/dev\/wp-content\/uploads\/2022\/05\/Diseno-sin-titulo-2022-05-25T101044.351.jpg","width":1080,"height":1080,"caption":"tabaco salud dental"},{"@type":"BreadcrumbList","@id":"https:\/\/cemvalderas.es\/dev\/como-los-cigarrillos-afectan-tu-salud-bucal\/#breadcrumb","itemListElement":[{"@type":"ListItem","position":1,"name":"Portada","item":"https:\/\/cemvalderas.es\/dev\/"},{"@type":"ListItem","position":2,"name":"C\u00f3mo los cigarrillos afectan tu salud bucal"}]},{"@type":"WebSite","@id":"https:\/\/cemvalderas.es\/dev\/#website","url":"https:\/\/cemvalderas.es\/dev\/","name":"Clinica Dental CEM Valderas Dentistas Alcorcon","description":"Los mejores tratamientos odontol\u00f3gicos, sin dolor. Vuelve a sonre\u00edr sin que te duela el bolsillo","publisher":{"@id":"https:\/\/cemvalderas.es\/dev\/#organization"},"potentialAction":[{"@type":"SearchAction","target":{"@type":"EntryPoint","urlTemplate":"https:\/\/cemvalderas.es\/dev\/?s={search_term_string}"},"query-input":{"@type":"PropertyValueSpecification","valueRequired":true,"valueName":"search_term_string"}}],"inLanguage":"es"},{"@type":"Organization","@id":"https:\/\/cemvalderas.es\/dev\/#organization","name":"Clinica Dental CEM Valderas Dentistas Alcorcon","url":"https:\/\/cemvalderas.es\/dev\/","logo":{"@type":"ImageObject","inLanguage":"es","@id":"https:\/\/cemvalderas.es\/dev\/#\/schema\/logo\/image\/","url":"https:\/\/cemvalderas.es\/dev\/wp-content\/uploads\/2025\/09\/12c4595b090208224e9ca0e24fddb595.png","contentUrl":"https:\/\/cemvalderas.es\/dev\/wp-content\/uploads\/2025\/09\/12c4595b090208224e9ca0e24fddb595.png","width":229,"height":44,"caption":"Clinica Dental CEM Valderas Dentistas Alcorcon"},"image":{"@id":"https:\/\/cemvalderas.es\/dev\/#\/schema\/logo\/image\/"}},{"@type":"Person","@id":"https:\/\/cemvalderas.es\/dev\/#\/schema\/person\/57dbaa31b1919508e6803a19cb1dffe5","name":"CEM VALDERAS","image":{"@type":"ImageObject","inLanguage":"es","@id":"https:\/\/cemvalderas.es\/dev\/#\/schema\/person\/image\/","url":"https:\/\/secure.gravatar.com\/avatar\/a0b795c992935e775c0fb2c4f6336e5d4d1d8485fa70c9a9407bd42e6450a864?s=96&d=mm&r=g","contentUrl":"https:\/\/secure.gravatar.com\/avatar\/a0b795c992935e775c0fb2c4f6336e5d4d1d8485fa70c9a9407bd42e6450a864?s=96&d=mm&r=g","caption":"CEM VALDERAS"},"url":"https:\/\/cemvalderas.es\/dev\/author\/oroldanv75\/"}]}},"_links":{"self":[{"href":"https:\/\/cemvalderas.es\/dev\/wp-json\/wp\/v2\/posts\/4444","targetHints":{"allow":["GET"]}}],"collection":[{"href":"https:\/\/cemvalderas.es\/dev\/wp-json\/wp\/v2\/posts"}],"about":[{"href":"https:\/\/cemvalderas.es\/dev\/wp-json\/wp\/v2\/types\/post"}],"author":[{"embeddable":true,"href":"https:\/\/cemvalderas.es\/dev\/wp-json\/wp\/v2\/users\/2"}],"replies":[{"embeddable":true,"href":"https:\/\/cemvalderas.es\/dev\/wp-json\/wp\/v2\/comments?post=4444"}],"version-history":[{"count":0,"href":"https:\/\/cemvalderas.es\/dev\/wp-json\/wp\/v2\/posts\/4444\/revisions"}],"wp:featuredmedia":[{"embeddable":true,"href":"https:\/\/cemvalderas.es\/dev\/wp-json\/wp\/v2\/media\/4449"}],"wp:attachment":[{"href":"https:\/\/cemvalderas.es\/dev\/wp-json\/wp\/v2\/media?parent=4444"}],"wp:term":[{"taxonomy":"category","embeddable":true,"href":"https:\/\/cemvalderas.es\/dev\/wp-json\/wp\/v2\/categories?post=4444"},{"taxonomy":"post_tag","embeddable":true,"href":"https:\/\/cemvalderas.es\/dev\/wp-json\/wp\/v2\/tags?post=4444"}],"curies":[{"name":"wp","href":"https:\/\/api.w.org\/{rel}","templated":true}]}}