{"id":4344,"date":"2022-03-23T10:02:03","date_gmt":"2022-03-23T10:02:03","guid":{"rendered":"https:\/\/cemvalderas.es\/?p=4344"},"modified":"2022-03-23T10:02:03","modified_gmt":"2022-03-23T10:02:03","slug":"tratamiento-caries-dentales","status":"publish","type":"post","link":"https:\/\/cemvalderas.es\/dev\/tratamiento-caries-dentales\/","title":{"rendered":"Tratamiento de la Caries Dental: C\u00f3mo Tratar las Caries"},"content":{"rendered":"\n<p>\u00bfSab\u00edas que el<strong> 91 % de los espa\u00f1oles tendr\u00e1n caries dentales cuando lleguen a los 20 a\u00f1os<\/strong>? Es cierto, las caries dentales, son uno de los problemas dentales m\u00e1s comunes. Sin embargo, puedes tomar medidas para evitar la caries dental y promover una buena higiene bucal, \u00a1y te ayudaremos a<strong> entender c\u00f3mo hacerlo con esta sencilla gu\u00eda!<\/strong><br><br>Vamos a cubrir todo, desde el tratamiento de la <strong>caries dental hasta c\u00f3mo evitar que suceda. <\/strong>Entonces, antes de que aterrices en la <strong>silla del dentista para un empaste<\/strong>, \u00a1lee este blog!<\/p>\n\n\n\n<h2 class=\"wp-block-heading\">Comprender la caries dental<\/h2>\n\n\n\n<div class=\"wp-block-image\"><figure class=\"alignright size-large is-resized\"><img fetchpriority=\"high\" decoding=\"async\" src=\"https:\/\/cemvalderas.es\/dev\/wp-content\/uploads\/2022\/03\/Diseno-sin-titulo-1-1024x1024.jpg\" alt=\"caries dentales\" class=\"wp-image-4346\" width=\"504\" height=\"504\" srcset=\"https:\/\/cemvalderas.es\/dev\/wp-content\/uploads\/2022\/03\/Diseno-sin-titulo-1-1024x1024.jpg 1024w, https:\/\/cemvalderas.es\/dev\/wp-content\/uploads\/2022\/03\/Diseno-sin-titulo-1-300x300.jpg 300w, https:\/\/cemvalderas.es\/dev\/wp-content\/uploads\/2022\/03\/Diseno-sin-titulo-1-150x150.jpg 150w, https:\/\/cemvalderas.es\/dev\/wp-content\/uploads\/2022\/03\/Diseno-sin-titulo-1-768x768.jpg 768w, https:\/\/cemvalderas.es\/dev\/wp-content\/uploads\/2022\/03\/Diseno-sin-titulo-1-700x700.jpg 700w, https:\/\/cemvalderas.es\/dev\/wp-content\/uploads\/2022\/03\/Diseno-sin-titulo-1.jpg 1080w\" sizes=\"(max-width: 504px) 100vw, 504px\" \/><\/figure><\/div>\n\n\n\n<p>Las caries dentales no ocurren de la noche a la ma\u00f1ana; comienzan con la<strong> caries dental<\/strong>. Tus dientes est\u00e1n llenos de nervios que est\u00e1n rodeados de capas para protegerlos. Esas capas consisten en esmalte, dentina y <strong>pulpa, que es la sustancia que alberga los nervios.<\/strong><br><br>La caries dental comienza con la <strong>desmineralizaci\u00f3n del esmalte del diente,<\/strong> que es causada por la exposici\u00f3n excesiva a los subproductos \u00e1cidos de las bacterias que interact\u00faan con los almidones y az\u00facares en la boca. A medida que contin\u00faa la desmineralizaci\u00f3n, se puede formar caries dental, que penetra en el esmalte, la dentina y,<strong> finalmente, hasta la pulpa del diente.<\/strong><\/p>\n\n\n\n<h2 class=\"wp-block-heading\">C\u00f3mo detectar las caries dentales a tiempo<\/h2>\n\n\n\n<p>La dieta y la higiene bucal adecuada son los factores n\u00famero uno en la<strong> prevenci\u00f3n de las caries dentales<\/strong>. Durante la primera etapa de la caries dental (desmineralizaci\u00f3n), es posible detener la progresi\u00f3n de la caries y evitar que se forme una caries. La prevenci\u00f3n incluye el uso diario de hilo dental, el cepillado y la exposici\u00f3n regular al fl\u00faor, que puede ayudar a <strong>fortalecer el esmalte de los dientes.<\/strong><br><br>Dicho esto, algunos factores pueden estar fuera de tu control con respecto a la<strong> formaci\u00f3n de caries dental<\/strong>. Algunas personas tienen dientes especialmente acanalados y una anatom\u00eda \u00fanica que los hace propensos a la caries dental. Echemos un vistazo al tratamiento de la<strong> caries dental despu\u00e9s de que se hayan formado.<\/strong><\/p>\n\n\n\n<h2 class=\"wp-block-heading\">El tratamiento de la caries dental<\/h2>\n\n\n\n<div class=\"wp-block-image\"><figure class=\"alignright size-large is-resized\"><img decoding=\"async\" src=\"https:\/\/cemvalderas.es\/dev\/wp-content\/uploads\/2022\/03\/Diseno-sin-titulo-1024x1024.jpg\" alt=\"caries dentales\" class=\"wp-image-4348\" width=\"476\" height=\"476\" srcset=\"https:\/\/cemvalderas.es\/dev\/wp-content\/uploads\/2022\/03\/Diseno-sin-titulo-1024x1024.jpg 1024w, https:\/\/cemvalderas.es\/dev\/wp-content\/uploads\/2022\/03\/Diseno-sin-titulo-300x300.jpg 300w, https:\/\/cemvalderas.es\/dev\/wp-content\/uploads\/2022\/03\/Diseno-sin-titulo-150x150.jpg 150w, https:\/\/cemvalderas.es\/dev\/wp-content\/uploads\/2022\/03\/Diseno-sin-titulo-768x768.jpg 768w, https:\/\/cemvalderas.es\/dev\/wp-content\/uploads\/2022\/03\/Diseno-sin-titulo-700x700.jpg 700w, https:\/\/cemvalderas.es\/dev\/wp-content\/uploads\/2022\/03\/Diseno-sin-titulo.jpg 1080w\" sizes=\"(max-width: 476px) 100vw, 476px\" \/><\/figure><\/div>\n\n\n\n<p>Si se forma caries dental, existen varias opciones de tratamiento<strong> dependiendo de la gravedad de la caries<\/strong>. La primera opci\u00f3n se llama relleno. Un dentista eliminar\u00e1 cualquier caries del \u00e1rea para un empaste y luego llenar\u00e1 la cavidad con un<strong> producto compuesto o amalgama.<\/strong><br><br>Los empastes son duraderos y protegen el <strong>diente de una mayor progresi\u00f3n de la caries<\/strong>. En otros casos, la cavidad ha progresado demasiado en el diente, por lo que se necesita un tratamiento de conducto. Los conductos radiculares tratan las caries que han alcanzado la pulpa dental y, a menudo,<strong> se usan junto con las coronas para proteger el diente.<\/strong><br><br>Finalmente, si una cavidad ha llegado a un punto en el que ya no se puede tratar, se necesita la extracci\u00f3n. Este es el \u00faltimo recurso para un diente y generalmente solo es necesario si se han <strong>agotado todas las dem\u00e1s opciones.<\/strong><\/p>\n\n\n\n<h2 class=\"wp-block-heading\">Practicar una buena higiene bucal<\/h2>\n\n\n\n<p>Cuando se trata del tratamiento de la caries dental, el primer paso es <strong>siempre una buena higiene bucal<\/strong>. Tu boca es la puerta de entrada a su cuerpo, por lo que practicar una buena salud bucal te ayudar\u00e1 a<strong> mantener una buena salud en general.<\/strong><br><br>Ya sea que est\u00e9s preocupado por las caries dentales o simplemente quieras <strong>tomarte en serio tu salud bucal<\/strong>, \u00a1estamos aqu\u00ed para ayudarte!<\/p>\n\n\n\n<p><strong>En la\u00a0<strong><a href=\"https:\/\/cemvalderas.es\/\">Cl\u00ednica Dental Alcorc\u00f3n CEM Valderas<\/a><\/strong>\u00a0\u00a0somos expertos en\u00a0<strong><a href=\"https:\/\/cemvalderas.es\/centro-odontologico\/\">tratamientos para tu salud dental<\/a><\/strong>. Para m\u00e1s informaci\u00f3n no duden en visitar\u00a0<strong><a rel=\"noreferrer noopener\" href=\"https:\/\/goo.gl\/maps\/Zt49RVmiHJNs1Kk96\" target=\"_blank\">Centro de Especialidades M\u00e9dicas CEM Valderas<\/a><\/strong>\u00a0situado en\u00a0<strong>Alcorc\u00f3n<\/strong>\u00a0o llamarnos por\u00a0<strong>tel\u00e9fono 912 260 021<\/strong>, estaremos encantados de poder atenderle.<\/strong><\/p>\n","protected":false},"excerpt":{"rendered":"<p>\u00bfSab\u00edas que el 91 % de los espa\u00f1oles tendr\u00e1n caries dentales cuando lleguen a los 20 a\u00f1os? Es cierto, las caries dentales, son uno de los problemas dentales m\u00e1s comunes. Sin embargo, puedes tomar medidas para evitar la caries dental y promover una buena higiene bucal, \u00a1y te ayudaremos a entender c\u00f3mo hacerlo con esta [&hellip;]<\/p>\n","protected":false},"author":2,"featured_media":4347,"comment_status":"closed","ping_status":"open","sticky":false,"template":"","format":"standard","meta":{"footnotes":""},"categories":[13],"tags":[14],"class_list":["post-4344","post","type-post","status-publish","format-standard","has-post-thumbnail","hentry","category-blog-cem-valderas","tag-blog-cem-valderas-dentistas"],"yoast_head":"<!-- This site is optimized with the Yoast SEO plugin v26.8 - https:\/\/yoast.com\/product\/yoast-seo-wordpress\/ -->\n<title>Tratamiento de la Caries Dental: C\u00f3mo Tratar las Caries<\/title>\n<meta name=\"description\" content=\"Las caries dentales no ocurren de la noche a la ma\u00f1ana; comienzan con la caries dental. Tus dientes est\u00e1n llenos de nervios que est\u00e1n rodeados de capas para protegerlos.\" \/>\n<meta name=\"robots\" content=\"index, follow, max-snippet:-1, max-image-preview:large, max-video-preview:-1\" \/>\n<link rel=\"canonical\" href=\"https:\/\/cemvalderas.es\/dev\/tratamiento-caries-dentales\/\" \/>\n<meta property=\"og:locale\" content=\"es_ES\" \/>\n<meta property=\"og:type\" content=\"article\" \/>\n<meta property=\"og:title\" content=\"Tratamiento de la Caries Dental: C\u00f3mo Tratar las Caries\" \/>\n<meta property=\"og:description\" content=\"Las caries dentales no ocurren de la noche a la ma\u00f1ana; comienzan con la caries dental. Tus dientes est\u00e1n llenos de nervios que est\u00e1n rodeados de capas para protegerlos.\" \/>\n<meta property=\"og:url\" content=\"https:\/\/cemvalderas.es\/dev\/tratamiento-caries-dentales\/\" \/>\n<meta property=\"og:site_name\" content=\"Clinica Dental CEM Valderas Dentistas Alcorcon\" \/>\n<meta property=\"article:published_time\" content=\"2022-03-23T10:02:03+00:00\" \/>\n<meta property=\"og:image\" content=\"https:\/\/cemvalderas.es\/dev\/wp-content\/uploads\/2022\/03\/Diseno-sin-titulo-2.jpg\" \/>\n\t<meta property=\"og:image:width\" content=\"1080\" \/>\n\t<meta property=\"og:image:height\" content=\"1080\" \/>\n\t<meta property=\"og:image:type\" content=\"image\/jpeg\" \/>\n<meta name=\"author\" content=\"CEM VALDERAS\" \/>\n<meta name=\"twitter:card\" content=\"summary_large_image\" \/>\n<meta name=\"twitter:label1\" content=\"Escrito por\" \/>\n\t<meta name=\"twitter:data1\" content=\"CEM VALDERAS\" \/>\n\t<meta name=\"twitter:label2\" content=\"Tiempo de lectura\" \/>\n\t<meta name=\"twitter:data2\" content=\"4 minutos\" \/>\n<script type=\"application\/ld+json\" class=\"yoast-schema-graph\">{\"@context\":\"https:\/\/schema.org\",\"@graph\":[{\"@type\":\"Article\",\"@id\":\"https:\/\/cemvalderas.es\/dev\/tratamiento-caries-dentales\/#article\",\"isPartOf\":{\"@id\":\"https:\/\/cemvalderas.es\/dev\/tratamiento-caries-dentales\/\"},\"author\":{\"name\":\"CEM VALDERAS\",\"@id\":\"https:\/\/cemvalderas.es\/dev\/#\/schema\/person\/57dbaa31b1919508e6803a19cb1dffe5\"},\"headline\":\"Tratamiento de la Caries Dental: C\u00f3mo Tratar las Caries\",\"datePublished\":\"2022-03-23T10:02:03+00:00\",\"mainEntityOfPage\":{\"@id\":\"https:\/\/cemvalderas.es\/dev\/tratamiento-caries-dentales\/\"},\"wordCount\":637,\"publisher\":{\"@id\":\"https:\/\/cemvalderas.es\/dev\/#organization\"},\"image\":{\"@id\":\"https:\/\/cemvalderas.es\/dev\/tratamiento-caries-dentales\/#primaryimage\"},\"thumbnailUrl\":\"https:\/\/cemvalderas.es\/dev\/wp-content\/uploads\/2022\/03\/Diseno-sin-titulo-2.jpg\",\"keywords\":[\"Blog CEM Valderas. dentistas\"],\"articleSection\":[\"Blog CEM Valderas\"],\"inLanguage\":\"es\"},{\"@type\":\"WebPage\",\"@id\":\"https:\/\/cemvalderas.es\/dev\/tratamiento-caries-dentales\/\",\"url\":\"https:\/\/cemvalderas.es\/dev\/tratamiento-caries-dentales\/\",\"name\":\"Tratamiento de la Caries Dental: C\u00f3mo Tratar las Caries\",\"isPartOf\":{\"@id\":\"https:\/\/cemvalderas.es\/dev\/#website\"},\"primaryImageOfPage\":{\"@id\":\"https:\/\/cemvalderas.es\/dev\/tratamiento-caries-dentales\/#primaryimage\"},\"image\":{\"@id\":\"https:\/\/cemvalderas.es\/dev\/tratamiento-caries-dentales\/#primaryimage\"},\"thumbnailUrl\":\"https:\/\/cemvalderas.es\/dev\/wp-content\/uploads\/2022\/03\/Diseno-sin-titulo-2.jpg\",\"datePublished\":\"2022-03-23T10:02:03+00:00\",\"description\":\"Las caries dentales no ocurren de la noche a la ma\u00f1ana; comienzan con la caries dental. Tus dientes est\u00e1n llenos de nervios que est\u00e1n rodeados de capas para protegerlos.\",\"breadcrumb\":{\"@id\":\"https:\/\/cemvalderas.es\/dev\/tratamiento-caries-dentales\/#breadcrumb\"},\"inLanguage\":\"es\",\"potentialAction\":[{\"@type\":\"ReadAction\",\"target\":[\"https:\/\/cemvalderas.es\/dev\/tratamiento-caries-dentales\/\"]}]},{\"@type\":\"ImageObject\",\"inLanguage\":\"es\",\"@id\":\"https:\/\/cemvalderas.es\/dev\/tratamiento-caries-dentales\/#primaryimage\",\"url\":\"https:\/\/cemvalderas.es\/dev\/wp-content\/uploads\/2022\/03\/Diseno-sin-titulo-2.jpg\",\"contentUrl\":\"https:\/\/cemvalderas.es\/dev\/wp-content\/uploads\/2022\/03\/Diseno-sin-titulo-2.jpg\",\"width\":1080,\"height\":1080,\"caption\":\"caries dentales\"},{\"@type\":\"BreadcrumbList\",\"@id\":\"https:\/\/cemvalderas.es\/dev\/tratamiento-caries-dentales\/#breadcrumb\",\"itemListElement\":[{\"@type\":\"ListItem\",\"position\":1,\"name\":\"Portada\",\"item\":\"https:\/\/cemvalderas.es\/dev\/\"},{\"@type\":\"ListItem\",\"position\":2,\"name\":\"Tratamiento de la Caries Dental: C\u00f3mo Tratar las Caries\"}]},{\"@type\":\"WebSite\",\"@id\":\"https:\/\/cemvalderas.es\/dev\/#website\",\"url\":\"https:\/\/cemvalderas.es\/dev\/\",\"name\":\"Clinica Dental CEM Valderas Dentistas Alcorcon\",\"description\":\"Los mejores tratamientos odontol\u00f3gicos, sin dolor. Vuelve a sonre\u00edr sin que te duela el bolsillo\",\"publisher\":{\"@id\":\"https:\/\/cemvalderas.es\/dev\/#organization\"},\"potentialAction\":[{\"@type\":\"SearchAction\",\"target\":{\"@type\":\"EntryPoint\",\"urlTemplate\":\"https:\/\/cemvalderas.es\/dev\/?s={search_term_string}\"},\"query-input\":{\"@type\":\"PropertyValueSpecification\",\"valueRequired\":true,\"valueName\":\"search_term_string\"}}],\"inLanguage\":\"es\"},{\"@type\":\"Organization\",\"@id\":\"https:\/\/cemvalderas.es\/dev\/#organization\",\"name\":\"Clinica Dental CEM Valderas Dentistas Alcorcon\",\"url\":\"https:\/\/cemvalderas.es\/dev\/\",\"logo\":{\"@type\":\"ImageObject\",\"inLanguage\":\"es\",\"@id\":\"https:\/\/cemvalderas.es\/dev\/#\/schema\/logo\/image\/\",\"url\":\"https:\/\/cemvalderas.es\/dev\/wp-content\/uploads\/2025\/09\/12c4595b090208224e9ca0e24fddb595.png\",\"contentUrl\":\"https:\/\/cemvalderas.es\/dev\/wp-content\/uploads\/2025\/09\/12c4595b090208224e9ca0e24fddb595.png\",\"width\":229,\"height\":44,\"caption\":\"Clinica Dental CEM Valderas Dentistas Alcorcon\"},\"image\":{\"@id\":\"https:\/\/cemvalderas.es\/dev\/#\/schema\/logo\/image\/\"}},{\"@type\":\"Person\",\"@id\":\"https:\/\/cemvalderas.es\/dev\/#\/schema\/person\/57dbaa31b1919508e6803a19cb1dffe5\",\"name\":\"CEM VALDERAS\",\"image\":{\"@type\":\"ImageObject\",\"inLanguage\":\"es\",\"@id\":\"https:\/\/cemvalderas.es\/dev\/#\/schema\/person\/image\/\",\"url\":\"https:\/\/secure.gravatar.com\/avatar\/a0b795c992935e775c0fb2c4f6336e5d4d1d8485fa70c9a9407bd42e6450a864?s=96&d=mm&r=g\",\"contentUrl\":\"https:\/\/secure.gravatar.com\/avatar\/a0b795c992935e775c0fb2c4f6336e5d4d1d8485fa70c9a9407bd42e6450a864?s=96&d=mm&r=g\",\"caption\":\"CEM VALDERAS\"},\"url\":\"https:\/\/cemvalderas.es\/dev\/author\/oroldanv75\/\"}]}<\/script>\n<!-- \/ Yoast SEO plugin. -->","yoast_head_json":{"title":"Tratamiento de la Caries Dental: C\u00f3mo Tratar las Caries","description":"Las caries dentales no ocurren de la noche a la ma\u00f1ana; comienzan con la caries dental. Tus dientes est\u00e1n llenos de nervios que est\u00e1n rodeados de capas para protegerlos.","robots":{"index":"index","follow":"follow","max-snippet":"max-snippet:-1","max-image-preview":"max-image-preview:large","max-video-preview":"max-video-preview:-1"},"canonical":"https:\/\/cemvalderas.es\/dev\/tratamiento-caries-dentales\/","og_locale":"es_ES","og_type":"article","og_title":"Tratamiento de la Caries Dental: C\u00f3mo Tratar las Caries","og_description":"Las caries dentales no ocurren de la noche a la ma\u00f1ana; comienzan con la caries dental. Tus dientes est\u00e1n llenos de nervios que est\u00e1n rodeados de capas para protegerlos.","og_url":"https:\/\/cemvalderas.es\/dev\/tratamiento-caries-dentales\/","og_site_name":"Clinica Dental CEM Valderas Dentistas Alcorcon","article_published_time":"2022-03-23T10:02:03+00:00","og_image":[{"width":1080,"height":1080,"url":"https:\/\/cemvalderas.es\/dev\/wp-content\/uploads\/2022\/03\/Diseno-sin-titulo-2.jpg","type":"image\/jpeg"}],"author":"CEM VALDERAS","twitter_card":"summary_large_image","twitter_misc":{"Escrito por":"CEM VALDERAS","Tiempo de lectura":"4 minutos"},"schema":{"@context":"https:\/\/schema.org","@graph":[{"@type":"Article","@id":"https:\/\/cemvalderas.es\/dev\/tratamiento-caries-dentales\/#article","isPartOf":{"@id":"https:\/\/cemvalderas.es\/dev\/tratamiento-caries-dentales\/"},"author":{"name":"CEM VALDERAS","@id":"https:\/\/cemvalderas.es\/dev\/#\/schema\/person\/57dbaa31b1919508e6803a19cb1dffe5"},"headline":"Tratamiento de la Caries Dental: C\u00f3mo Tratar las Caries","datePublished":"2022-03-23T10:02:03+00:00","mainEntityOfPage":{"@id":"https:\/\/cemvalderas.es\/dev\/tratamiento-caries-dentales\/"},"wordCount":637,"publisher":{"@id":"https:\/\/cemvalderas.es\/dev\/#organization"},"image":{"@id":"https:\/\/cemvalderas.es\/dev\/tratamiento-caries-dentales\/#primaryimage"},"thumbnailUrl":"https:\/\/cemvalderas.es\/dev\/wp-content\/uploads\/2022\/03\/Diseno-sin-titulo-2.jpg","keywords":["Blog CEM Valderas. dentistas"],"articleSection":["Blog CEM Valderas"],"inLanguage":"es"},{"@type":"WebPage","@id":"https:\/\/cemvalderas.es\/dev\/tratamiento-caries-dentales\/","url":"https:\/\/cemvalderas.es\/dev\/tratamiento-caries-dentales\/","name":"Tratamiento de la Caries Dental: C\u00f3mo Tratar las Caries","isPartOf":{"@id":"https:\/\/cemvalderas.es\/dev\/#website"},"primaryImageOfPage":{"@id":"https:\/\/cemvalderas.es\/dev\/tratamiento-caries-dentales\/#primaryimage"},"image":{"@id":"https:\/\/cemvalderas.es\/dev\/tratamiento-caries-dentales\/#primaryimage"},"thumbnailUrl":"https:\/\/cemvalderas.es\/dev\/wp-content\/uploads\/2022\/03\/Diseno-sin-titulo-2.jpg","datePublished":"2022-03-23T10:02:03+00:00","description":"Las caries dentales no ocurren de la noche a la ma\u00f1ana; comienzan con la caries dental. Tus dientes est\u00e1n llenos de nervios que est\u00e1n rodeados de capas para protegerlos.","breadcrumb":{"@id":"https:\/\/cemvalderas.es\/dev\/tratamiento-caries-dentales\/#breadcrumb"},"inLanguage":"es","potentialAction":[{"@type":"ReadAction","target":["https:\/\/cemvalderas.es\/dev\/tratamiento-caries-dentales\/"]}]},{"@type":"ImageObject","inLanguage":"es","@id":"https:\/\/cemvalderas.es\/dev\/tratamiento-caries-dentales\/#primaryimage","url":"https:\/\/cemvalderas.es\/dev\/wp-content\/uploads\/2022\/03\/Diseno-sin-titulo-2.jpg","contentUrl":"https:\/\/cemvalderas.es\/dev\/wp-content\/uploads\/2022\/03\/Diseno-sin-titulo-2.jpg","width":1080,"height":1080,"caption":"caries dentales"},{"@type":"BreadcrumbList","@id":"https:\/\/cemvalderas.es\/dev\/tratamiento-caries-dentales\/#breadcrumb","itemListElement":[{"@type":"ListItem","position":1,"name":"Portada","item":"https:\/\/cemvalderas.es\/dev\/"},{"@type":"ListItem","position":2,"name":"Tratamiento de la Caries Dental: C\u00f3mo Tratar las Caries"}]},{"@type":"WebSite","@id":"https:\/\/cemvalderas.es\/dev\/#website","url":"https:\/\/cemvalderas.es\/dev\/","name":"Clinica Dental CEM Valderas Dentistas Alcorcon","description":"Los mejores tratamientos odontol\u00f3gicos, sin dolor. Vuelve a sonre\u00edr sin que te duela el bolsillo","publisher":{"@id":"https:\/\/cemvalderas.es\/dev\/#organization"},"potentialAction":[{"@type":"SearchAction","target":{"@type":"EntryPoint","urlTemplate":"https:\/\/cemvalderas.es\/dev\/?s={search_term_string}"},"query-input":{"@type":"PropertyValueSpecification","valueRequired":true,"valueName":"search_term_string"}}],"inLanguage":"es"},{"@type":"Organization","@id":"https:\/\/cemvalderas.es\/dev\/#organization","name":"Clinica Dental CEM Valderas Dentistas Alcorcon","url":"https:\/\/cemvalderas.es\/dev\/","logo":{"@type":"ImageObject","inLanguage":"es","@id":"https:\/\/cemvalderas.es\/dev\/#\/schema\/logo\/image\/","url":"https:\/\/cemvalderas.es\/dev\/wp-content\/uploads\/2025\/09\/12c4595b090208224e9ca0e24fddb595.png","contentUrl":"https:\/\/cemvalderas.es\/dev\/wp-content\/uploads\/2025\/09\/12c4595b090208224e9ca0e24fddb595.png","width":229,"height":44,"caption":"Clinica Dental CEM Valderas Dentistas Alcorcon"},"image":{"@id":"https:\/\/cemvalderas.es\/dev\/#\/schema\/logo\/image\/"}},{"@type":"Person","@id":"https:\/\/cemvalderas.es\/dev\/#\/schema\/person\/57dbaa31b1919508e6803a19cb1dffe5","name":"CEM VALDERAS","image":{"@type":"ImageObject","inLanguage":"es","@id":"https:\/\/cemvalderas.es\/dev\/#\/schema\/person\/image\/","url":"https:\/\/secure.gravatar.com\/avatar\/a0b795c992935e775c0fb2c4f6336e5d4d1d8485fa70c9a9407bd42e6450a864?s=96&d=mm&r=g","contentUrl":"https:\/\/secure.gravatar.com\/avatar\/a0b795c992935e775c0fb2c4f6336e5d4d1d8485fa70c9a9407bd42e6450a864?s=96&d=mm&r=g","caption":"CEM VALDERAS"},"url":"https:\/\/cemvalderas.es\/dev\/author\/oroldanv75\/"}]}},"_links":{"self":[{"href":"https:\/\/cemvalderas.es\/dev\/wp-json\/wp\/v2\/posts\/4344","targetHints":{"allow":["GET"]}}],"collection":[{"href":"https:\/\/cemvalderas.es\/dev\/wp-json\/wp\/v2\/posts"}],"about":[{"href":"https:\/\/cemvalderas.es\/dev\/wp-json\/wp\/v2\/types\/post"}],"author":[{"embeddable":true,"href":"https:\/\/cemvalderas.es\/dev\/wp-json\/wp\/v2\/users\/2"}],"replies":[{"embeddable":true,"href":"https:\/\/cemvalderas.es\/dev\/wp-json\/wp\/v2\/comments?post=4344"}],"version-history":[{"count":0,"href":"https:\/\/cemvalderas.es\/dev\/wp-json\/wp\/v2\/posts\/4344\/revisions"}],"wp:featuredmedia":[{"embeddable":true,"href":"https:\/\/cemvalderas.es\/dev\/wp-json\/wp\/v2\/media\/4347"}],"wp:attachment":[{"href":"https:\/\/cemvalderas.es\/dev\/wp-json\/wp\/v2\/media?parent=4344"}],"wp:term":[{"taxonomy":"category","embeddable":true,"href":"https:\/\/cemvalderas.es\/dev\/wp-json\/wp\/v2\/categories?post=4344"},{"taxonomy":"post_tag","embeddable":true,"href":"https:\/\/cemvalderas.es\/dev\/wp-json\/wp\/v2\/tags?post=4344"}],"curies":[{"name":"wp","href":"https:\/\/api.w.org\/{rel}","templated":true}]}}