{"id":3735,"date":"2021-02-18T12:27:54","date_gmt":"2021-02-18T12:27:54","guid":{"rendered":"https:\/\/cemvalderas.es\/?p=3735"},"modified":"2021-02-18T12:27:54","modified_gmt":"2021-02-18T12:27:54","slug":"carbon-activado-para-blanquear-los-dientes","status":"publish","type":"post","link":"https:\/\/cemvalderas.es\/dev\/carbon-activado-para-blanquear-los-dientes\/","title":{"rendered":"\u00bfCarb\u00f3n activado para blanquear los dientes?"},"content":{"rendered":"\n<p>El <strong>carb\u00f3n activado<\/strong> parece estar de moda \u00faltimamente, con afirmaciones de que la pasta de dientes con carbon activado puede <strong>blanquear los dientes. <\/strong>Sin embargo, \u00bfel carb\u00f3n activado es realmente bueno?<\/p>\n\n\n\n<p>A continuaci\u00f3n te explicamos si este tipo de productos ayudan realmente a nuestros dientes de forma<strong> eficaz y segura.<\/strong><\/p>\n\n\n\n<h2 class=\"wp-block-heading\">\u00bfQu\u00e9 es el carb\u00f3n activado para blanquear los dientes?<\/h2>\n\n\n\n<p>Lo primero es lo primero, \u00bfqu\u00e9 es el carb\u00f3n activado? Este fino<strong> polvo negro se puede fabricar a partir de carb\u00f3n, carb\u00f3n vegetal, turba, aserr\u00edn<\/strong> y otras fuentes, que luego se calienta para reducir su superficie (y as\u00ed \u00abactivarlo\u00bb).<\/p>\n\n\n\n<div class=\"wp-block-image\"><figure class=\"alignright size-large is-resized\"><img fetchpriority=\"high\" decoding=\"async\" src=\"https:\/\/cemvalderas.es\/dev\/wp-content\/uploads\/2021\/02\/Diseno-sin-titulo-2021-02-18T132251.976-1024x1024.jpg\" alt=\"Carb\u00f3n activado\" class=\"wp-image-3738\" width=\"363\" height=\"363\" srcset=\"https:\/\/cemvalderas.es\/dev\/wp-content\/uploads\/2021\/02\/Diseno-sin-titulo-2021-02-18T132251.976-1024x1024.jpg 1024w, https:\/\/cemvalderas.es\/dev\/wp-content\/uploads\/2021\/02\/Diseno-sin-titulo-2021-02-18T132251.976-300x300.jpg 300w, https:\/\/cemvalderas.es\/dev\/wp-content\/uploads\/2021\/02\/Diseno-sin-titulo-2021-02-18T132251.976-150x150.jpg 150w, https:\/\/cemvalderas.es\/dev\/wp-content\/uploads\/2021\/02\/Diseno-sin-titulo-2021-02-18T132251.976-768x768.jpg 768w, https:\/\/cemvalderas.es\/dev\/wp-content\/uploads\/2021\/02\/Diseno-sin-titulo-2021-02-18T132251.976-700x700.jpg 700w, https:\/\/cemvalderas.es\/dev\/wp-content\/uploads\/2021\/02\/Diseno-sin-titulo-2021-02-18T132251.976.jpg 1080w\" sizes=\"(max-width: 363px) 100vw, 363px\" \/><\/figure><\/div>\n\n\n\n<p>De esta forma, se ha utilizado durante mucho tiempo como un remedio para los venenos (ya que puede atrapar varias toxinas y evitar que su cuerpo las absorba) e incluso se ha llegado a usar como un agente natural para<strong> prevenir los gases, reducir el colesterol e incluso anular las resacas.<\/strong><\/p>\n\n\n\n<p>Cuando hablamos de <strong>blanquear los dientes,<\/strong> se dice que el carb\u00f3n activado <strong>ayuda a absorber la placa y limpiar las manchas <\/strong>de caf\u00e9 vino y otras bebidas que causan manchas en nuestros dientes. Sin embargo, esta afirmaci\u00f3n <strong>no est\u00e1 respaldada por ning\u00fan estudio cient\u00edfico riguroso.<\/strong><\/p>\n\n\n\n<h2 class=\"wp-block-heading\">Lo que nos dice la investigaci\u00f3n<\/h2>\n\n\n\n<p>Seg\u00fan varios estudios realizados en 2017 <strong>no hay datos cl\u00ednicos y de laboratorio suficientes para fundamentar la seguridad<\/strong> y eficacia de la pasta de dientes a base de <strong>carb\u00f3n activado<\/strong>. En otras palabras debes tener cuidado con este tipo de productos, que en muchas ocasiones se fabrican de forma casera, ya que no son lo que parecen.<\/p>\n\n\n\n<div class=\"wp-block-image\"><figure class=\"alignright size-large is-resized\"><img decoding=\"async\" src=\"https:\/\/cemvalderas.es\/dev\/wp-content\/uploads\/2021\/02\/Diseno-sin-titulo-2021-02-18T132305.352-1024x1024.jpg\" alt=\"Carb\u00f3n activado\" class=\"wp-image-3737\" width=\"370\" height=\"370\" srcset=\"https:\/\/cemvalderas.es\/dev\/wp-content\/uploads\/2021\/02\/Diseno-sin-titulo-2021-02-18T132305.352-1024x1024.jpg 1024w, https:\/\/cemvalderas.es\/dev\/wp-content\/uploads\/2021\/02\/Diseno-sin-titulo-2021-02-18T132305.352-300x300.jpg 300w, https:\/\/cemvalderas.es\/dev\/wp-content\/uploads\/2021\/02\/Diseno-sin-titulo-2021-02-18T132305.352-150x150.jpg 150w, https:\/\/cemvalderas.es\/dev\/wp-content\/uploads\/2021\/02\/Diseno-sin-titulo-2021-02-18T132305.352-768x768.jpg 768w, https:\/\/cemvalderas.es\/dev\/wp-content\/uploads\/2021\/02\/Diseno-sin-titulo-2021-02-18T132305.352-700x700.jpg 700w, https:\/\/cemvalderas.es\/dev\/wp-content\/uploads\/2021\/02\/Diseno-sin-titulo-2021-02-18T132305.352.jpg 1080w\" sizes=\"(max-width: 370px) 100vw, 370px\" \/><\/figure><\/div>\n\n\n\n<p>Es m\u00e1s, hay motivos para sospechar que la naturaleza abrasiva del carb\u00f3n activado puede causar m\u00e1s da\u00f1o que bien en algunos casos. Usado con regularidad, ese polvo fino en podr\u00eda hacer que el <strong>esmalte de los dientes se desgaste. <\/strong>Si desgasta demasiado el esmalte, corres el riesgo de exponer la <strong>capa subyacente de los dientes, la dentina<\/strong>, que es m\u00e1s suave y amarilla que el esmalte que los recubre.<\/p>\n\n\n\n<h2 class=\"wp-block-heading\">\u00bfEl carb\u00f3n activado ayuda a tus dientes?<\/h2>\n\n\n\n<p>Sin tener en cuenta la naturaleza abrasiva del <strong>carb\u00f3n activado,<\/strong> no es malo para los dientes en s\u00ed, pero si te cepillas con \u00e9l, es probable que<strong> no te haga mucho efecto a corto plazo<\/strong>, ya que se necesita tiempo para asentarse en la superficie de tus dientes y producir un efecto blanqueador significativo.<\/p>\n\n\n\n<p>Otra cosa que es importante tener en cuenta es que existe una diferencia entre eliminar las manchas (el reclamo central de las pastas dentales con carb\u00f3n activado) de <strong>los dientes y blanquearlos<\/strong>. La primera implica, como su nombre indica, eliminar las antiest\u00e9ticas manchas del esmalte, y generalmente se realiza bajo la <strong>supervisi\u00f3n de profesionales dentales y con sus herramientas especializadas. <\/strong>El blanqueamiento, por otro lado, es un proceso que en realidad cambia el color de tus dientes, que, entre las personas, puede variar seg\u00fan factores como el <strong>grosor de su esmalte<\/strong>. Por lo tanto, incluso si quitas las manchas superficiales, tus dientes pueden lucir algo amarillos seg\u00fan lo que se <strong>encuentra debajo del esmalte.<\/strong><\/p>\n\n\n\n<p>En la\u00a0<strong><a href=\"https:\/\/cemvalderas.es\/\">Cl\u00ednica Dental Alcorc\u00f3n CEM Valderas<\/a><\/strong>\u00a0\u00a0somos expertos en <strong><a href=\"https:\/\/cemvalderas.es\/centro-odontologico\/\">tratamientos para tu salud dental<\/a><\/strong>. Para m\u00e1s informaci\u00f3n no duden en visitar\u00a0<strong><a rel=\"noreferrer noopener\" href=\"https:\/\/goo.gl\/maps\/Zt49RVmiHJNs1Kk96\" target=\"_blank\">Centro de Especialidades M\u00e9dicas CEM Valderas<\/a><\/strong>\u00a0situado en\u00a0<strong>Alcorc\u00f3n<\/strong>\u00a0o llamarnos por\u00a0<strong>tel\u00e9fono 912 260 021<\/strong>, estaremos encantados de poder atenderle.<\/p>\n","protected":false},"excerpt":{"rendered":"<p>El carb\u00f3n activado parece estar de moda \u00faltimamente, con afirmaciones de que la pasta de dientes con carbon activado puede blanquear los dientes. Sin embargo, \u00bfel carb\u00f3n activado es realmente bueno? A continuaci\u00f3n te explicamos si este tipo de productos ayudan realmente a nuestros dientes de forma eficaz y segura. \u00bfQu\u00e9 es el carb\u00f3n activado [&hellip;]<\/p>\n","protected":false},"author":2,"featured_media":3739,"comment_status":"closed","ping_status":"open","sticky":false,"template":"","format":"standard","meta":{"footnotes":""},"categories":[13],"tags":[14],"class_list":["post-3735","post","type-post","status-publish","format-standard","has-post-thumbnail","hentry","category-blog-cem-valderas","tag-blog-cem-valderas-dentistas"],"yoast_head":"<!-- This site is optimized with the Yoast SEO plugin v26.8 - https:\/\/yoast.com\/product\/yoast-seo-wordpress\/ -->\n<title>\u00bfCarb\u00f3n activado para blanquear los dientes?<\/title>\n<meta name=\"description\" content=\"El carb\u00f3n activado parece estar de moda \u00faltimamente, con afirmaciones de que la pasta de dientes con carbon activado puede blanquear los dientes.\" \/>\n<meta name=\"robots\" content=\"index, follow, max-snippet:-1, max-image-preview:large, max-video-preview:-1\" \/>\n<link rel=\"canonical\" href=\"https:\/\/cemvalderas.es\/dev\/carbon-activado-para-blanquear-los-dientes\/\" \/>\n<meta property=\"og:locale\" content=\"es_ES\" \/>\n<meta property=\"og:type\" content=\"article\" \/>\n<meta property=\"og:title\" content=\"\u00bfCarb\u00f3n activado para blanquear los dientes?\" \/>\n<meta property=\"og:description\" content=\"El carb\u00f3n activado parece estar de moda \u00faltimamente, con afirmaciones de que la pasta de dientes con carbon activado puede blanquear los dientes.\" \/>\n<meta property=\"og:url\" content=\"https:\/\/cemvalderas.es\/dev\/carbon-activado-para-blanquear-los-dientes\/\" \/>\n<meta property=\"og:site_name\" content=\"Clinica Dental CEM Valderas Dentistas Alcorcon\" \/>\n<meta property=\"article:published_time\" content=\"2021-02-18T12:27:54+00:00\" \/>\n<meta property=\"og:image\" content=\"https:\/\/cemvalderas.es\/dev\/wp-content\/uploads\/2021\/02\/Diseno-sin-titulo-2021-02-18T132209.406.jpg\" \/>\n\t<meta property=\"og:image:width\" content=\"1080\" \/>\n\t<meta property=\"og:image:height\" content=\"1080\" \/>\n\t<meta property=\"og:image:type\" content=\"image\/jpeg\" \/>\n<meta name=\"author\" content=\"CEM VALDERAS\" \/>\n<meta name=\"twitter:card\" content=\"summary_large_image\" \/>\n<meta name=\"twitter:label1\" content=\"Escrito por\" \/>\n\t<meta name=\"twitter:data1\" content=\"CEM VALDERAS\" \/>\n\t<meta name=\"twitter:label2\" content=\"Tiempo de lectura\" \/>\n\t<meta name=\"twitter:data2\" content=\"3 minutos\" \/>\n<script type=\"application\/ld+json\" class=\"yoast-schema-graph\">{\"@context\":\"https:\/\/schema.org\",\"@graph\":[{\"@type\":\"Article\",\"@id\":\"https:\/\/cemvalderas.es\/dev\/carbon-activado-para-blanquear-los-dientes\/#article\",\"isPartOf\":{\"@id\":\"https:\/\/cemvalderas.es\/dev\/carbon-activado-para-blanquear-los-dientes\/\"},\"author\":{\"name\":\"CEM VALDERAS\",\"@id\":\"https:\/\/cemvalderas.es\/dev\/#\/schema\/person\/57dbaa31b1919508e6803a19cb1dffe5\"},\"headline\":\"\u00bfCarb\u00f3n activado para blanquear los dientes?\",\"datePublished\":\"2021-02-18T12:27:54+00:00\",\"mainEntityOfPage\":{\"@id\":\"https:\/\/cemvalderas.es\/dev\/carbon-activado-para-blanquear-los-dientes\/\"},\"wordCount\":583,\"publisher\":{\"@id\":\"https:\/\/cemvalderas.es\/dev\/#organization\"},\"image\":{\"@id\":\"https:\/\/cemvalderas.es\/dev\/carbon-activado-para-blanquear-los-dientes\/#primaryimage\"},\"thumbnailUrl\":\"https:\/\/cemvalderas.es\/dev\/wp-content\/uploads\/2021\/02\/Diseno-sin-titulo-2021-02-18T132209.406.jpg\",\"keywords\":[\"Blog CEM Valderas. dentistas\"],\"articleSection\":[\"Blog CEM Valderas\"],\"inLanguage\":\"es\"},{\"@type\":\"WebPage\",\"@id\":\"https:\/\/cemvalderas.es\/dev\/carbon-activado-para-blanquear-los-dientes\/\",\"url\":\"https:\/\/cemvalderas.es\/dev\/carbon-activado-para-blanquear-los-dientes\/\",\"name\":\"\u00bfCarb\u00f3n activado para blanquear los dientes?\",\"isPartOf\":{\"@id\":\"https:\/\/cemvalderas.es\/dev\/#website\"},\"primaryImageOfPage\":{\"@id\":\"https:\/\/cemvalderas.es\/dev\/carbon-activado-para-blanquear-los-dientes\/#primaryimage\"},\"image\":{\"@id\":\"https:\/\/cemvalderas.es\/dev\/carbon-activado-para-blanquear-los-dientes\/#primaryimage\"},\"thumbnailUrl\":\"https:\/\/cemvalderas.es\/dev\/wp-content\/uploads\/2021\/02\/Diseno-sin-titulo-2021-02-18T132209.406.jpg\",\"datePublished\":\"2021-02-18T12:27:54+00:00\",\"description\":\"El carb\u00f3n activado parece estar de moda \u00faltimamente, con afirmaciones de que la pasta de dientes con carbon activado puede blanquear los dientes.\",\"breadcrumb\":{\"@id\":\"https:\/\/cemvalderas.es\/dev\/carbon-activado-para-blanquear-los-dientes\/#breadcrumb\"},\"inLanguage\":\"es\",\"potentialAction\":[{\"@type\":\"ReadAction\",\"target\":[\"https:\/\/cemvalderas.es\/dev\/carbon-activado-para-blanquear-los-dientes\/\"]}]},{\"@type\":\"ImageObject\",\"inLanguage\":\"es\",\"@id\":\"https:\/\/cemvalderas.es\/dev\/carbon-activado-para-blanquear-los-dientes\/#primaryimage\",\"url\":\"https:\/\/cemvalderas.es\/dev\/wp-content\/uploads\/2021\/02\/Diseno-sin-titulo-2021-02-18T132209.406.jpg\",\"contentUrl\":\"https:\/\/cemvalderas.es\/dev\/wp-content\/uploads\/2021\/02\/Diseno-sin-titulo-2021-02-18T132209.406.jpg\",\"width\":1080,\"height\":1080,\"caption\":\"Carb\u00f3n activado\"},{\"@type\":\"BreadcrumbList\",\"@id\":\"https:\/\/cemvalderas.es\/dev\/carbon-activado-para-blanquear-los-dientes\/#breadcrumb\",\"itemListElement\":[{\"@type\":\"ListItem\",\"position\":1,\"name\":\"Portada\",\"item\":\"https:\/\/cemvalderas.es\/dev\/\"},{\"@type\":\"ListItem\",\"position\":2,\"name\":\"\u00bfCarb\u00f3n activado para blanquear los dientes?\"}]},{\"@type\":\"WebSite\",\"@id\":\"https:\/\/cemvalderas.es\/dev\/#website\",\"url\":\"https:\/\/cemvalderas.es\/dev\/\",\"name\":\"Clinica Dental CEM Valderas Dentistas Alcorcon\",\"description\":\"Los mejores tratamientos odontol\u00f3gicos, sin dolor. Vuelve a sonre\u00edr sin que te duela el bolsillo\",\"publisher\":{\"@id\":\"https:\/\/cemvalderas.es\/dev\/#organization\"},\"potentialAction\":[{\"@type\":\"SearchAction\",\"target\":{\"@type\":\"EntryPoint\",\"urlTemplate\":\"https:\/\/cemvalderas.es\/dev\/?s={search_term_string}\"},\"query-input\":{\"@type\":\"PropertyValueSpecification\",\"valueRequired\":true,\"valueName\":\"search_term_string\"}}],\"inLanguage\":\"es\"},{\"@type\":\"Organization\",\"@id\":\"https:\/\/cemvalderas.es\/dev\/#organization\",\"name\":\"Clinica Dental CEM Valderas Dentistas Alcorcon\",\"url\":\"https:\/\/cemvalderas.es\/dev\/\",\"logo\":{\"@type\":\"ImageObject\",\"inLanguage\":\"es\",\"@id\":\"https:\/\/cemvalderas.es\/dev\/#\/schema\/logo\/image\/\",\"url\":\"https:\/\/cemvalderas.es\/dev\/wp-content\/uploads\/2025\/09\/12c4595b090208224e9ca0e24fddb595.png\",\"contentUrl\":\"https:\/\/cemvalderas.es\/dev\/wp-content\/uploads\/2025\/09\/12c4595b090208224e9ca0e24fddb595.png\",\"width\":229,\"height\":44,\"caption\":\"Clinica Dental CEM Valderas Dentistas Alcorcon\"},\"image\":{\"@id\":\"https:\/\/cemvalderas.es\/dev\/#\/schema\/logo\/image\/\"}},{\"@type\":\"Person\",\"@id\":\"https:\/\/cemvalderas.es\/dev\/#\/schema\/person\/57dbaa31b1919508e6803a19cb1dffe5\",\"name\":\"CEM VALDERAS\",\"image\":{\"@type\":\"ImageObject\",\"inLanguage\":\"es\",\"@id\":\"https:\/\/cemvalderas.es\/dev\/#\/schema\/person\/image\/\",\"url\":\"https:\/\/secure.gravatar.com\/avatar\/a0b795c992935e775c0fb2c4f6336e5d4d1d8485fa70c9a9407bd42e6450a864?s=96&d=mm&r=g\",\"contentUrl\":\"https:\/\/secure.gravatar.com\/avatar\/a0b795c992935e775c0fb2c4f6336e5d4d1d8485fa70c9a9407bd42e6450a864?s=96&d=mm&r=g\",\"caption\":\"CEM VALDERAS\"},\"url\":\"https:\/\/cemvalderas.es\/dev\/author\/oroldanv75\/\"}]}<\/script>\n<!-- \/ Yoast SEO plugin. -->","yoast_head_json":{"title":"\u00bfCarb\u00f3n activado para blanquear los dientes?","description":"El carb\u00f3n activado parece estar de moda \u00faltimamente, con afirmaciones de que la pasta de dientes con carbon activado puede blanquear los dientes.","robots":{"index":"index","follow":"follow","max-snippet":"max-snippet:-1","max-image-preview":"max-image-preview:large","max-video-preview":"max-video-preview:-1"},"canonical":"https:\/\/cemvalderas.es\/dev\/carbon-activado-para-blanquear-los-dientes\/","og_locale":"es_ES","og_type":"article","og_title":"\u00bfCarb\u00f3n activado para blanquear los dientes?","og_description":"El carb\u00f3n activado parece estar de moda \u00faltimamente, con afirmaciones de que la pasta de dientes con carbon activado puede blanquear los dientes.","og_url":"https:\/\/cemvalderas.es\/dev\/carbon-activado-para-blanquear-los-dientes\/","og_site_name":"Clinica Dental CEM Valderas Dentistas Alcorcon","article_published_time":"2021-02-18T12:27:54+00:00","og_image":[{"width":1080,"height":1080,"url":"https:\/\/cemvalderas.es\/dev\/wp-content\/uploads\/2021\/02\/Diseno-sin-titulo-2021-02-18T132209.406.jpg","type":"image\/jpeg"}],"author":"CEM VALDERAS","twitter_card":"summary_large_image","twitter_misc":{"Escrito por":"CEM VALDERAS","Tiempo de lectura":"3 minutos"},"schema":{"@context":"https:\/\/schema.org","@graph":[{"@type":"Article","@id":"https:\/\/cemvalderas.es\/dev\/carbon-activado-para-blanquear-los-dientes\/#article","isPartOf":{"@id":"https:\/\/cemvalderas.es\/dev\/carbon-activado-para-blanquear-los-dientes\/"},"author":{"name":"CEM VALDERAS","@id":"https:\/\/cemvalderas.es\/dev\/#\/schema\/person\/57dbaa31b1919508e6803a19cb1dffe5"},"headline":"\u00bfCarb\u00f3n activado para blanquear los dientes?","datePublished":"2021-02-18T12:27:54+00:00","mainEntityOfPage":{"@id":"https:\/\/cemvalderas.es\/dev\/carbon-activado-para-blanquear-los-dientes\/"},"wordCount":583,"publisher":{"@id":"https:\/\/cemvalderas.es\/dev\/#organization"},"image":{"@id":"https:\/\/cemvalderas.es\/dev\/carbon-activado-para-blanquear-los-dientes\/#primaryimage"},"thumbnailUrl":"https:\/\/cemvalderas.es\/dev\/wp-content\/uploads\/2021\/02\/Diseno-sin-titulo-2021-02-18T132209.406.jpg","keywords":["Blog CEM Valderas. dentistas"],"articleSection":["Blog CEM Valderas"],"inLanguage":"es"},{"@type":"WebPage","@id":"https:\/\/cemvalderas.es\/dev\/carbon-activado-para-blanquear-los-dientes\/","url":"https:\/\/cemvalderas.es\/dev\/carbon-activado-para-blanquear-los-dientes\/","name":"\u00bfCarb\u00f3n activado para blanquear los dientes?","isPartOf":{"@id":"https:\/\/cemvalderas.es\/dev\/#website"},"primaryImageOfPage":{"@id":"https:\/\/cemvalderas.es\/dev\/carbon-activado-para-blanquear-los-dientes\/#primaryimage"},"image":{"@id":"https:\/\/cemvalderas.es\/dev\/carbon-activado-para-blanquear-los-dientes\/#primaryimage"},"thumbnailUrl":"https:\/\/cemvalderas.es\/dev\/wp-content\/uploads\/2021\/02\/Diseno-sin-titulo-2021-02-18T132209.406.jpg","datePublished":"2021-02-18T12:27:54+00:00","description":"El carb\u00f3n activado parece estar de moda \u00faltimamente, con afirmaciones de que la pasta de dientes con carbon activado puede blanquear los dientes.","breadcrumb":{"@id":"https:\/\/cemvalderas.es\/dev\/carbon-activado-para-blanquear-los-dientes\/#breadcrumb"},"inLanguage":"es","potentialAction":[{"@type":"ReadAction","target":["https:\/\/cemvalderas.es\/dev\/carbon-activado-para-blanquear-los-dientes\/"]}]},{"@type":"ImageObject","inLanguage":"es","@id":"https:\/\/cemvalderas.es\/dev\/carbon-activado-para-blanquear-los-dientes\/#primaryimage","url":"https:\/\/cemvalderas.es\/dev\/wp-content\/uploads\/2021\/02\/Diseno-sin-titulo-2021-02-18T132209.406.jpg","contentUrl":"https:\/\/cemvalderas.es\/dev\/wp-content\/uploads\/2021\/02\/Diseno-sin-titulo-2021-02-18T132209.406.jpg","width":1080,"height":1080,"caption":"Carb\u00f3n activado"},{"@type":"BreadcrumbList","@id":"https:\/\/cemvalderas.es\/dev\/carbon-activado-para-blanquear-los-dientes\/#breadcrumb","itemListElement":[{"@type":"ListItem","position":1,"name":"Portada","item":"https:\/\/cemvalderas.es\/dev\/"},{"@type":"ListItem","position":2,"name":"\u00bfCarb\u00f3n activado para blanquear los dientes?"}]},{"@type":"WebSite","@id":"https:\/\/cemvalderas.es\/dev\/#website","url":"https:\/\/cemvalderas.es\/dev\/","name":"Clinica Dental CEM Valderas Dentistas Alcorcon","description":"Los mejores tratamientos odontol\u00f3gicos, sin dolor. Vuelve a sonre\u00edr sin que te duela el bolsillo","publisher":{"@id":"https:\/\/cemvalderas.es\/dev\/#organization"},"potentialAction":[{"@type":"SearchAction","target":{"@type":"EntryPoint","urlTemplate":"https:\/\/cemvalderas.es\/dev\/?s={search_term_string}"},"query-input":{"@type":"PropertyValueSpecification","valueRequired":true,"valueName":"search_term_string"}}],"inLanguage":"es"},{"@type":"Organization","@id":"https:\/\/cemvalderas.es\/dev\/#organization","name":"Clinica Dental CEM Valderas Dentistas Alcorcon","url":"https:\/\/cemvalderas.es\/dev\/","logo":{"@type":"ImageObject","inLanguage":"es","@id":"https:\/\/cemvalderas.es\/dev\/#\/schema\/logo\/image\/","url":"https:\/\/cemvalderas.es\/dev\/wp-content\/uploads\/2025\/09\/12c4595b090208224e9ca0e24fddb595.png","contentUrl":"https:\/\/cemvalderas.es\/dev\/wp-content\/uploads\/2025\/09\/12c4595b090208224e9ca0e24fddb595.png","width":229,"height":44,"caption":"Clinica Dental CEM Valderas Dentistas Alcorcon"},"image":{"@id":"https:\/\/cemvalderas.es\/dev\/#\/schema\/logo\/image\/"}},{"@type":"Person","@id":"https:\/\/cemvalderas.es\/dev\/#\/schema\/person\/57dbaa31b1919508e6803a19cb1dffe5","name":"CEM VALDERAS","image":{"@type":"ImageObject","inLanguage":"es","@id":"https:\/\/cemvalderas.es\/dev\/#\/schema\/person\/image\/","url":"https:\/\/secure.gravatar.com\/avatar\/a0b795c992935e775c0fb2c4f6336e5d4d1d8485fa70c9a9407bd42e6450a864?s=96&d=mm&r=g","contentUrl":"https:\/\/secure.gravatar.com\/avatar\/a0b795c992935e775c0fb2c4f6336e5d4d1d8485fa70c9a9407bd42e6450a864?s=96&d=mm&r=g","caption":"CEM VALDERAS"},"url":"https:\/\/cemvalderas.es\/dev\/author\/oroldanv75\/"}]}},"_links":{"self":[{"href":"https:\/\/cemvalderas.es\/dev\/wp-json\/wp\/v2\/posts\/3735","targetHints":{"allow":["GET"]}}],"collection":[{"href":"https:\/\/cemvalderas.es\/dev\/wp-json\/wp\/v2\/posts"}],"about":[{"href":"https:\/\/cemvalderas.es\/dev\/wp-json\/wp\/v2\/types\/post"}],"author":[{"embeddable":true,"href":"https:\/\/cemvalderas.es\/dev\/wp-json\/wp\/v2\/users\/2"}],"replies":[{"embeddable":true,"href":"https:\/\/cemvalderas.es\/dev\/wp-json\/wp\/v2\/comments?post=3735"}],"version-history":[{"count":0,"href":"https:\/\/cemvalderas.es\/dev\/wp-json\/wp\/v2\/posts\/3735\/revisions"}],"wp:featuredmedia":[{"embeddable":true,"href":"https:\/\/cemvalderas.es\/dev\/wp-json\/wp\/v2\/media\/3739"}],"wp:attachment":[{"href":"https:\/\/cemvalderas.es\/dev\/wp-json\/wp\/v2\/media?parent=3735"}],"wp:term":[{"taxonomy":"category","embeddable":true,"href":"https:\/\/cemvalderas.es\/dev\/wp-json\/wp\/v2\/categories?post=3735"},{"taxonomy":"post_tag","embeddable":true,"href":"https:\/\/cemvalderas.es\/dev\/wp-json\/wp\/v2\/tags?post=3735"}],"curies":[{"name":"wp","href":"https:\/\/api.w.org\/{rel}","templated":true}]}}