{"id":2855,"date":"2020-05-21T00:48:00","date_gmt":"2020-05-21T00:48:00","guid":{"rendered":"https:\/\/cemvalderas.es\/?p=2855"},"modified":"2020-05-21T00:48:00","modified_gmt":"2020-05-21T00:48:00","slug":"tratamiento-enfermedad-encias","status":"publish","type":"post","link":"https:\/\/cemvalderas.es\/dev\/tratamiento-enfermedad-encias\/","title":{"rendered":"\u00bfCu\u00e1l es el tratamiento para la enfermedad de las enc\u00edas?"},"content":{"rendered":"\n<h2 class=\"wp-block-heading\">Tratamiento de la enfermedad de las enc\u00edas<\/h2>\n\n\n\n<p>La enfermedad de las enc\u00edas es <strong>una infecci\u00f3n de las enc\u00edas con bacterias orales<\/strong>, que <strong>produce inflamaci\u00f3n e irritaci\u00f3n del tejido\nde las enc\u00edas. <\/strong>La mayor\u00eda de los adultos sufrir\u00e1n enfermedad de las enc\u00edas\nen alg\u00fan momento de sus vidas. En sus <strong>primeras\netapas<\/strong>, <strong>es f\u00e1cil de tratar con\npr\u00e1cticas b\u00e1sicas de higiene oral,<\/strong> pero a medida que empeora, se vuelve m\u00e1s\ndif\u00edcil de tratar y puede conducir a problemas de salud oral m\u00e1s graves, como\ndientes flojos y faltantes. Por lo tanto, es importante estar atento a los\nsignos de enfermedad de las enc\u00edas para que, si aparecen, pueda buscar\ntratamiento lo antes posible. Al igual que con la mayor\u00eda de las enfermedades\nde salud bucal, la enfermedad de las enc\u00edas es m\u00e1s f\u00e1cil de prevenir que de\ntratar.<\/p>\n\n\n\n<h2 class=\"wp-block-heading\">S\u00edntomas de la enfermedad de las enc\u00edas<\/h2>\n\n\n\n<p>La enfermedad de las enc\u00edas ocurre en varias etapas. La\nenfermedad de las enc\u00edas en <strong>etapa\ntemprana se conoce como gingiviti<\/strong>s, un t\u00e9rmino que simplemente significa\n\u00abinflamaci\u00f3n de las enc\u00edas\u00bb. La enfermedad de las enc\u00edas en <strong>etapa posterior se conoce como\n\u00abperiodontitis<\/strong>\u00ab, un t\u00e9rmino que se refiere a la inflamaci\u00f3n de\nlos ligamentos periodontales, que son tejidos conectivos que anclan los dientes\nen el hueso de la mand\u00edbula. Los s\u00edntomas de la enfermedad de las enc\u00edas\ncomienzan en forma leve, pero se vuelven m\u00e1s dif\u00edciles de pasar por alto a\nmedida que la afecci\u00f3n empeora. Estos son los s\u00edntomas caracter\u00edsticos de la\ngingivitis y la periodontitis.<\/p>\n\n\n\n<div class=\"wp-block-image\"><figure class=\"alignleft size-large is-resized\"><img fetchpriority=\"high\" decoding=\"async\" src=\"https:\/\/cemvalderas.es\/dev\/wp-content\/uploads\/2020\/05\/Diseno-sin-titulo-27-1024x1024.jpg\" alt=\"\" class=\"wp-image-2857\" width=\"342\" height=\"342\" srcset=\"https:\/\/cemvalderas.es\/dev\/wp-content\/uploads\/2020\/05\/Diseno-sin-titulo-27-1024x1024.jpg 1024w, https:\/\/cemvalderas.es\/dev\/wp-content\/uploads\/2020\/05\/Diseno-sin-titulo-27-300x300.jpg 300w, https:\/\/cemvalderas.es\/dev\/wp-content\/uploads\/2020\/05\/Diseno-sin-titulo-27-150x150.jpg 150w, https:\/\/cemvalderas.es\/dev\/wp-content\/uploads\/2020\/05\/Diseno-sin-titulo-27-768x768.jpg 768w, https:\/\/cemvalderas.es\/dev\/wp-content\/uploads\/2020\/05\/Diseno-sin-titulo-27-700x700.jpg 700w, https:\/\/cemvalderas.es\/dev\/wp-content\/uploads\/2020\/05\/Diseno-sin-titulo-27.jpg 1080w\" sizes=\"(max-width: 342px) 100vw, 342px\" \/><\/figure><\/div>\n\n\n\n<h3 class=\"wp-block-heading\">S\u00edntomas de gingivitis<\/h3>\n\n\n\n<p>Los signos de enfermedad de las enc\u00edas en etapa temprana <strong>incluyen hinchaz\u00f3n, enrojecimiento y\nsensibilidad en las enc\u00edas.<\/strong> Puede notar algo de <strong>sangrado<\/strong> despu\u00e9s de causar hilo dental. Tambi\u00e9n puede sentir <strong>dolor<\/strong> <strong>en las enc\u00edas si mastica<\/strong> algo demasiado duro o crujiente. Muchos\npacientes con gingivitis <strong>tienen mal\naliento<\/strong> que no desaparece con el cepillado, el uso de hilo dental y el\nenjuague bucal.<\/p>\n\n\n\n<h3 class=\"wp-block-heading\">S\u00edntomas de periodontitis<\/h3>\n\n\n\n<p>A medida que la enfermedad de las enc\u00edas empeora, puede\ncomenzar a notar que se forman <strong>bolsas\nentre los dientes y las enc\u00edas<\/strong>. Sus <strong>dientes\npueden comenzar a sentirse flojos <\/strong>en sus cuencas. El <strong>sangrado<\/strong> empeorar\u00e1 y puede parecer que sus dientes se est\u00e1n\nalargando a medida que sus enc\u00edas retroceden<strong>, exponiendo una porci\u00f3n m\u00e1s grande de las ra\u00edces de los d<\/strong>ientes.\nLa mayor\u00eda de las personas con periodontitis notan que sus dientes se vuelven\nmuy <strong>sensibles al calor, el fr\u00edo y la\npresi\u00f3n<\/strong>. Esto se debe a que los nervios en las ra\u00edces de los dientes est\u00e1n\nm\u00e1s cerca de la superficie, y cuando est\u00e1n expuestos por el retroceso de las\nenc\u00edas, reaccionan fuertemente a los est\u00edmulos.<\/p>\n\n\n\n<h2 class=\"wp-block-heading\">Causas de la enfermedad de las enc\u00edas<\/h2>\n\n\n\n<p>Cualquiera puede desarrollar enfermedad de las enc\u00edas. Se ve\nen ni\u00f1os peque\u00f1os, adolescentes, adultos j\u00f3venes y adultos mayores por igual.\nSin embargo, algunas personas tienen un <strong>mayor\nriesgo de enfermedades de las enc\u00edas en comparaci\u00f3n con otras<\/strong>. Estos son\nalgunos de <strong>los factores de riesgo<\/strong>\nm\u00e1s comunes para la enfermedad de las enc\u00edas.<\/p>\n\n\n\n<div class=\"wp-block-image\"><figure class=\"alignright size-large is-resized\"><img decoding=\"async\" src=\"https:\/\/cemvalderas.es\/dev\/wp-content\/uploads\/2020\/05\/Diseno-sin-titulo-28-1024x1024.jpg\" alt=\"\" class=\"wp-image-2856\" width=\"372\" height=\"372\" srcset=\"https:\/\/cemvalderas.es\/dev\/wp-content\/uploads\/2020\/05\/Diseno-sin-titulo-28-1024x1024.jpg 1024w, https:\/\/cemvalderas.es\/dev\/wp-content\/uploads\/2020\/05\/Diseno-sin-titulo-28-300x300.jpg 300w, https:\/\/cemvalderas.es\/dev\/wp-content\/uploads\/2020\/05\/Diseno-sin-titulo-28-150x150.jpg 150w, https:\/\/cemvalderas.es\/dev\/wp-content\/uploads\/2020\/05\/Diseno-sin-titulo-28-768x768.jpg 768w, https:\/\/cemvalderas.es\/dev\/wp-content\/uploads\/2020\/05\/Diseno-sin-titulo-28-700x700.jpg 700w, https:\/\/cemvalderas.es\/dev\/wp-content\/uploads\/2020\/05\/Diseno-sin-titulo-28.jpg 1080w\" sizes=\"(max-width: 372px) 100vw, 372px\" \/><\/figure><\/div>\n\n\n\n<ul class=\"wp-block-list\"><li><strong>Fumar<\/strong>:\nfumar seca la boca, lo que permite que proliferen las bacterias orales, lo que\naumenta el riesgo de enfermedad de las enc\u00edas.<\/li><\/ul>\n\n\n\n<ul class=\"wp-block-list\"><li><strong>Ciertos\nmedicamentos<\/strong>: los antidepresivos, los esteroides y los analg\u00e9sicos a veces\nreducen la producci\u00f3n de saliva, lo que aumenta el riesgo de enfermedad de las\nenc\u00edas.<\/li><\/ul>\n\n\n\n<ul class=\"wp-block-list\"><li><strong>Diabetes<\/strong>:\nesta enfermedad disminuye la capacidad del cuerpo para combatir infecciones\ncomo la enfermedad de las enc\u00edas.<\/li><\/ul>\n\n\n\n<ul class=\"wp-block-list\"><li><strong>Cambios\nhormonales<\/strong>: las mujeres tienen m\u00e1s probabilidades de desarrollar enfermedad\nde las enc\u00edas despu\u00e9s de la menopausia.<\/li><\/ul>\n\n\n\n<ul class=\"wp-block-list\"><li><strong>Edad avanzada:<\/strong> la enfermedad de las enc\u00edas se vuelve m\u00e1s com\u00fan a medida que envejece. Esto puede estar relacionado con un mayor riesgo de sequedad de boca a medida que envejece, cambios hormonales o falta de higiene bucal adecuada.<\/li><\/ul>\n\n\n\n<p> En la\u00a0<strong><a href=\"https:\/\/cemvalderas.es\/\">Cl\u00ednica Dental Cem Valderas<\/a><\/strong>\u00a0somos expertos en tratamientos para tu salud dental. Para m\u00e1s informaci\u00f3n no duden en visitar la Web de <strong><a rel=\"noreferrer noopener\" href=\"https:\/\/goo.gl\/maps\/Zt49RVmiHJNs1Kk96\" target=\"_blank\">Centro de Especialidades M\u00e9dicas CEM Valderas<\/a><\/strong>\u00a0situado en\u00a0<strong>Alcorc\u00f3n<\/strong>. <\/p>\n","protected":false},"excerpt":{"rendered":"<p>Tratamiento de la enfermedad de las enc\u00edas La enfermedad de las enc\u00edas es una infecci\u00f3n de las enc\u00edas con bacterias orales, que produce inflamaci\u00f3n e irritaci\u00f3n del tejido de las enc\u00edas. La mayor\u00eda de los adultos sufrir\u00e1n enfermedad de las enc\u00edas en alg\u00fan momento de sus vidas. En sus primeras etapas, es f\u00e1cil de tratar [&hellip;]<\/p>\n","protected":false},"author":2,"featured_media":2858,"comment_status":"closed","ping_status":"open","sticky":false,"template":"","format":"standard","meta":{"footnotes":""},"categories":[114],"tags":[14],"class_list":["post-2855","post","type-post","status-publish","format-standard","has-post-thumbnail","hentry","category-prevencion","tag-blog-cem-valderas-dentistas"],"yoast_head":"<!-- This site is optimized with the Yoast SEO plugin v26.8 - https:\/\/yoast.com\/product\/yoast-seo-wordpress\/ -->\n<title>\u00bfCu\u00e1l es el tratamiento para la enfermedad de las enc\u00edas?<\/title>\n<meta name=\"description\" content=\"La enfermedad de las enc\u00edas es una infecci\u00f3n de las enc\u00edas con bacterias orales, que produce inflamaci\u00f3n e irritaci\u00f3n del tejido de las enc\u00edas.\" \/>\n<meta name=\"robots\" content=\"index, follow, max-snippet:-1, max-image-preview:large, max-video-preview:-1\" \/>\n<link rel=\"canonical\" href=\"https:\/\/cemvalderas.es\/dev\/tratamiento-enfermedad-encias\/\" \/>\n<meta property=\"og:locale\" content=\"es_ES\" \/>\n<meta property=\"og:type\" content=\"article\" \/>\n<meta property=\"og:title\" content=\"\u00bfCu\u00e1l es el tratamiento para la enfermedad de las enc\u00edas?\" \/>\n<meta property=\"og:description\" content=\"La enfermedad de las enc\u00edas es una infecci\u00f3n de las enc\u00edas con bacterias orales, que produce inflamaci\u00f3n e irritaci\u00f3n del tejido de las enc\u00edas.\" \/>\n<meta property=\"og:url\" content=\"https:\/\/cemvalderas.es\/dev\/tratamiento-enfermedad-encias\/\" \/>\n<meta property=\"og:site_name\" content=\"Clinica Dental CEM Valderas Dentistas Alcorcon\" \/>\n<meta property=\"article:published_time\" content=\"2020-05-21T00:48:00+00:00\" \/>\n<meta property=\"og:image\" content=\"https:\/\/cemvalderas.es\/dev\/wp-content\/uploads\/2020\/05\/Diseno-sin-titulo-26.jpg\" \/>\n\t<meta property=\"og:image:width\" content=\"1080\" \/>\n\t<meta property=\"og:image:height\" content=\"1080\" \/>\n\t<meta property=\"og:image:type\" content=\"image\/jpeg\" \/>\n<meta name=\"author\" content=\"CEM VALDERAS\" \/>\n<meta name=\"twitter:card\" content=\"summary_large_image\" \/>\n<meta name=\"twitter:label1\" content=\"Escrito por\" \/>\n\t<meta name=\"twitter:data1\" content=\"CEM VALDERAS\" \/>\n\t<meta name=\"twitter:label2\" content=\"Tiempo de lectura\" \/>\n\t<meta name=\"twitter:data2\" content=\"4 minutos\" \/>\n<script type=\"application\/ld+json\" class=\"yoast-schema-graph\">{\"@context\":\"https:\/\/schema.org\",\"@graph\":[{\"@type\":\"Article\",\"@id\":\"https:\/\/cemvalderas.es\/dev\/tratamiento-enfermedad-encias\/#article\",\"isPartOf\":{\"@id\":\"https:\/\/cemvalderas.es\/dev\/tratamiento-enfermedad-encias\/\"},\"author\":{\"name\":\"CEM VALDERAS\",\"@id\":\"https:\/\/cemvalderas.es\/dev\/#\/schema\/person\/57dbaa31b1919508e6803a19cb1dffe5\"},\"headline\":\"\u00bfCu\u00e1l es el tratamiento para la enfermedad de las enc\u00edas?\",\"datePublished\":\"2020-05-21T00:48:00+00:00\",\"mainEntityOfPage\":{\"@id\":\"https:\/\/cemvalderas.es\/dev\/tratamiento-enfermedad-encias\/\"},\"wordCount\":754,\"publisher\":{\"@id\":\"https:\/\/cemvalderas.es\/dev\/#organization\"},\"image\":{\"@id\":\"https:\/\/cemvalderas.es\/dev\/tratamiento-enfermedad-encias\/#primaryimage\"},\"thumbnailUrl\":\"https:\/\/cemvalderas.es\/dev\/wp-content\/uploads\/2020\/05\/Diseno-sin-titulo-26.jpg\",\"keywords\":[\"Blog CEM Valderas. dentistas\"],\"articleSection\":[\"Prevenci\u00f3n\"],\"inLanguage\":\"es\"},{\"@type\":\"WebPage\",\"@id\":\"https:\/\/cemvalderas.es\/dev\/tratamiento-enfermedad-encias\/\",\"url\":\"https:\/\/cemvalderas.es\/dev\/tratamiento-enfermedad-encias\/\",\"name\":\"\u00bfCu\u00e1l es el tratamiento para la enfermedad de las enc\u00edas?\",\"isPartOf\":{\"@id\":\"https:\/\/cemvalderas.es\/dev\/#website\"},\"primaryImageOfPage\":{\"@id\":\"https:\/\/cemvalderas.es\/dev\/tratamiento-enfermedad-encias\/#primaryimage\"},\"image\":{\"@id\":\"https:\/\/cemvalderas.es\/dev\/tratamiento-enfermedad-encias\/#primaryimage\"},\"thumbnailUrl\":\"https:\/\/cemvalderas.es\/dev\/wp-content\/uploads\/2020\/05\/Diseno-sin-titulo-26.jpg\",\"datePublished\":\"2020-05-21T00:48:00+00:00\",\"description\":\"La enfermedad de las enc\u00edas es una infecci\u00f3n de las enc\u00edas con bacterias orales, que produce inflamaci\u00f3n e irritaci\u00f3n del tejido de las enc\u00edas.\",\"breadcrumb\":{\"@id\":\"https:\/\/cemvalderas.es\/dev\/tratamiento-enfermedad-encias\/#breadcrumb\"},\"inLanguage\":\"es\",\"potentialAction\":[{\"@type\":\"ReadAction\",\"target\":[\"https:\/\/cemvalderas.es\/dev\/tratamiento-enfermedad-encias\/\"]}]},{\"@type\":\"ImageObject\",\"inLanguage\":\"es\",\"@id\":\"https:\/\/cemvalderas.es\/dev\/tratamiento-enfermedad-encias\/#primaryimage\",\"url\":\"https:\/\/cemvalderas.es\/dev\/wp-content\/uploads\/2020\/05\/Diseno-sin-titulo-26.jpg\",\"contentUrl\":\"https:\/\/cemvalderas.es\/dev\/wp-content\/uploads\/2020\/05\/Diseno-sin-titulo-26.jpg\",\"width\":1080,\"height\":1080},{\"@type\":\"BreadcrumbList\",\"@id\":\"https:\/\/cemvalderas.es\/dev\/tratamiento-enfermedad-encias\/#breadcrumb\",\"itemListElement\":[{\"@type\":\"ListItem\",\"position\":1,\"name\":\"Portada\",\"item\":\"https:\/\/cemvalderas.es\/dev\/\"},{\"@type\":\"ListItem\",\"position\":2,\"name\":\"\u00bfCu\u00e1l es el tratamiento para la enfermedad de las enc\u00edas?\"}]},{\"@type\":\"WebSite\",\"@id\":\"https:\/\/cemvalderas.es\/dev\/#website\",\"url\":\"https:\/\/cemvalderas.es\/dev\/\",\"name\":\"Clinica Dental CEM Valderas Dentistas Alcorcon\",\"description\":\"Los mejores tratamientos odontol\u00f3gicos, sin dolor. Vuelve a sonre\u00edr sin que te duela el bolsillo\",\"publisher\":{\"@id\":\"https:\/\/cemvalderas.es\/dev\/#organization\"},\"potentialAction\":[{\"@type\":\"SearchAction\",\"target\":{\"@type\":\"EntryPoint\",\"urlTemplate\":\"https:\/\/cemvalderas.es\/dev\/?s={search_term_string}\"},\"query-input\":{\"@type\":\"PropertyValueSpecification\",\"valueRequired\":true,\"valueName\":\"search_term_string\"}}],\"inLanguage\":\"es\"},{\"@type\":\"Organization\",\"@id\":\"https:\/\/cemvalderas.es\/dev\/#organization\",\"name\":\"Clinica Dental CEM Valderas Dentistas Alcorcon\",\"url\":\"https:\/\/cemvalderas.es\/dev\/\",\"logo\":{\"@type\":\"ImageObject\",\"inLanguage\":\"es\",\"@id\":\"https:\/\/cemvalderas.es\/dev\/#\/schema\/logo\/image\/\",\"url\":\"https:\/\/cemvalderas.es\/dev\/wp-content\/uploads\/2025\/09\/12c4595b090208224e9ca0e24fddb595.png\",\"contentUrl\":\"https:\/\/cemvalderas.es\/dev\/wp-content\/uploads\/2025\/09\/12c4595b090208224e9ca0e24fddb595.png\",\"width\":229,\"height\":44,\"caption\":\"Clinica Dental CEM Valderas Dentistas Alcorcon\"},\"image\":{\"@id\":\"https:\/\/cemvalderas.es\/dev\/#\/schema\/logo\/image\/\"}},{\"@type\":\"Person\",\"@id\":\"https:\/\/cemvalderas.es\/dev\/#\/schema\/person\/57dbaa31b1919508e6803a19cb1dffe5\",\"name\":\"CEM VALDERAS\",\"image\":{\"@type\":\"ImageObject\",\"inLanguage\":\"es\",\"@id\":\"https:\/\/cemvalderas.es\/dev\/#\/schema\/person\/image\/\",\"url\":\"https:\/\/secure.gravatar.com\/avatar\/a0b795c992935e775c0fb2c4f6336e5d4d1d8485fa70c9a9407bd42e6450a864?s=96&d=mm&r=g\",\"contentUrl\":\"https:\/\/secure.gravatar.com\/avatar\/a0b795c992935e775c0fb2c4f6336e5d4d1d8485fa70c9a9407bd42e6450a864?s=96&d=mm&r=g\",\"caption\":\"CEM VALDERAS\"},\"url\":\"https:\/\/cemvalderas.es\/dev\/author\/oroldanv75\/\"}]}<\/script>\n<!-- \/ Yoast SEO plugin. -->","yoast_head_json":{"title":"\u00bfCu\u00e1l es el tratamiento para la enfermedad de las enc\u00edas?","description":"La enfermedad de las enc\u00edas es una infecci\u00f3n de las enc\u00edas con bacterias orales, que produce inflamaci\u00f3n e irritaci\u00f3n del tejido de las enc\u00edas.","robots":{"index":"index","follow":"follow","max-snippet":"max-snippet:-1","max-image-preview":"max-image-preview:large","max-video-preview":"max-video-preview:-1"},"canonical":"https:\/\/cemvalderas.es\/dev\/tratamiento-enfermedad-encias\/","og_locale":"es_ES","og_type":"article","og_title":"\u00bfCu\u00e1l es el tratamiento para la enfermedad de las enc\u00edas?","og_description":"La enfermedad de las enc\u00edas es una infecci\u00f3n de las enc\u00edas con bacterias orales, que produce inflamaci\u00f3n e irritaci\u00f3n del tejido de las enc\u00edas.","og_url":"https:\/\/cemvalderas.es\/dev\/tratamiento-enfermedad-encias\/","og_site_name":"Clinica Dental CEM Valderas Dentistas Alcorcon","article_published_time":"2020-05-21T00:48:00+00:00","og_image":[{"width":1080,"height":1080,"url":"https:\/\/cemvalderas.es\/dev\/wp-content\/uploads\/2020\/05\/Diseno-sin-titulo-26.jpg","type":"image\/jpeg"}],"author":"CEM VALDERAS","twitter_card":"summary_large_image","twitter_misc":{"Escrito por":"CEM VALDERAS","Tiempo de lectura":"4 minutos"},"schema":{"@context":"https:\/\/schema.org","@graph":[{"@type":"Article","@id":"https:\/\/cemvalderas.es\/dev\/tratamiento-enfermedad-encias\/#article","isPartOf":{"@id":"https:\/\/cemvalderas.es\/dev\/tratamiento-enfermedad-encias\/"},"author":{"name":"CEM VALDERAS","@id":"https:\/\/cemvalderas.es\/dev\/#\/schema\/person\/57dbaa31b1919508e6803a19cb1dffe5"},"headline":"\u00bfCu\u00e1l es el tratamiento para la enfermedad de las enc\u00edas?","datePublished":"2020-05-21T00:48:00+00:00","mainEntityOfPage":{"@id":"https:\/\/cemvalderas.es\/dev\/tratamiento-enfermedad-encias\/"},"wordCount":754,"publisher":{"@id":"https:\/\/cemvalderas.es\/dev\/#organization"},"image":{"@id":"https:\/\/cemvalderas.es\/dev\/tratamiento-enfermedad-encias\/#primaryimage"},"thumbnailUrl":"https:\/\/cemvalderas.es\/dev\/wp-content\/uploads\/2020\/05\/Diseno-sin-titulo-26.jpg","keywords":["Blog CEM Valderas. dentistas"],"articleSection":["Prevenci\u00f3n"],"inLanguage":"es"},{"@type":"WebPage","@id":"https:\/\/cemvalderas.es\/dev\/tratamiento-enfermedad-encias\/","url":"https:\/\/cemvalderas.es\/dev\/tratamiento-enfermedad-encias\/","name":"\u00bfCu\u00e1l es el tratamiento para la enfermedad de las enc\u00edas?","isPartOf":{"@id":"https:\/\/cemvalderas.es\/dev\/#website"},"primaryImageOfPage":{"@id":"https:\/\/cemvalderas.es\/dev\/tratamiento-enfermedad-encias\/#primaryimage"},"image":{"@id":"https:\/\/cemvalderas.es\/dev\/tratamiento-enfermedad-encias\/#primaryimage"},"thumbnailUrl":"https:\/\/cemvalderas.es\/dev\/wp-content\/uploads\/2020\/05\/Diseno-sin-titulo-26.jpg","datePublished":"2020-05-21T00:48:00+00:00","description":"La enfermedad de las enc\u00edas es una infecci\u00f3n de las enc\u00edas con bacterias orales, que produce inflamaci\u00f3n e irritaci\u00f3n del tejido de las enc\u00edas.","breadcrumb":{"@id":"https:\/\/cemvalderas.es\/dev\/tratamiento-enfermedad-encias\/#breadcrumb"},"inLanguage":"es","potentialAction":[{"@type":"ReadAction","target":["https:\/\/cemvalderas.es\/dev\/tratamiento-enfermedad-encias\/"]}]},{"@type":"ImageObject","inLanguage":"es","@id":"https:\/\/cemvalderas.es\/dev\/tratamiento-enfermedad-encias\/#primaryimage","url":"https:\/\/cemvalderas.es\/dev\/wp-content\/uploads\/2020\/05\/Diseno-sin-titulo-26.jpg","contentUrl":"https:\/\/cemvalderas.es\/dev\/wp-content\/uploads\/2020\/05\/Diseno-sin-titulo-26.jpg","width":1080,"height":1080},{"@type":"BreadcrumbList","@id":"https:\/\/cemvalderas.es\/dev\/tratamiento-enfermedad-encias\/#breadcrumb","itemListElement":[{"@type":"ListItem","position":1,"name":"Portada","item":"https:\/\/cemvalderas.es\/dev\/"},{"@type":"ListItem","position":2,"name":"\u00bfCu\u00e1l es el tratamiento para la enfermedad de las enc\u00edas?"}]},{"@type":"WebSite","@id":"https:\/\/cemvalderas.es\/dev\/#website","url":"https:\/\/cemvalderas.es\/dev\/","name":"Clinica Dental CEM Valderas Dentistas Alcorcon","description":"Los mejores tratamientos odontol\u00f3gicos, sin dolor. Vuelve a sonre\u00edr sin que te duela el bolsillo","publisher":{"@id":"https:\/\/cemvalderas.es\/dev\/#organization"},"potentialAction":[{"@type":"SearchAction","target":{"@type":"EntryPoint","urlTemplate":"https:\/\/cemvalderas.es\/dev\/?s={search_term_string}"},"query-input":{"@type":"PropertyValueSpecification","valueRequired":true,"valueName":"search_term_string"}}],"inLanguage":"es"},{"@type":"Organization","@id":"https:\/\/cemvalderas.es\/dev\/#organization","name":"Clinica Dental CEM Valderas Dentistas Alcorcon","url":"https:\/\/cemvalderas.es\/dev\/","logo":{"@type":"ImageObject","inLanguage":"es","@id":"https:\/\/cemvalderas.es\/dev\/#\/schema\/logo\/image\/","url":"https:\/\/cemvalderas.es\/dev\/wp-content\/uploads\/2025\/09\/12c4595b090208224e9ca0e24fddb595.png","contentUrl":"https:\/\/cemvalderas.es\/dev\/wp-content\/uploads\/2025\/09\/12c4595b090208224e9ca0e24fddb595.png","width":229,"height":44,"caption":"Clinica Dental CEM Valderas Dentistas Alcorcon"},"image":{"@id":"https:\/\/cemvalderas.es\/dev\/#\/schema\/logo\/image\/"}},{"@type":"Person","@id":"https:\/\/cemvalderas.es\/dev\/#\/schema\/person\/57dbaa31b1919508e6803a19cb1dffe5","name":"CEM VALDERAS","image":{"@type":"ImageObject","inLanguage":"es","@id":"https:\/\/cemvalderas.es\/dev\/#\/schema\/person\/image\/","url":"https:\/\/secure.gravatar.com\/avatar\/a0b795c992935e775c0fb2c4f6336e5d4d1d8485fa70c9a9407bd42e6450a864?s=96&d=mm&r=g","contentUrl":"https:\/\/secure.gravatar.com\/avatar\/a0b795c992935e775c0fb2c4f6336e5d4d1d8485fa70c9a9407bd42e6450a864?s=96&d=mm&r=g","caption":"CEM VALDERAS"},"url":"https:\/\/cemvalderas.es\/dev\/author\/oroldanv75\/"}]}},"_links":{"self":[{"href":"https:\/\/cemvalderas.es\/dev\/wp-json\/wp\/v2\/posts\/2855","targetHints":{"allow":["GET"]}}],"collection":[{"href":"https:\/\/cemvalderas.es\/dev\/wp-json\/wp\/v2\/posts"}],"about":[{"href":"https:\/\/cemvalderas.es\/dev\/wp-json\/wp\/v2\/types\/post"}],"author":[{"embeddable":true,"href":"https:\/\/cemvalderas.es\/dev\/wp-json\/wp\/v2\/users\/2"}],"replies":[{"embeddable":true,"href":"https:\/\/cemvalderas.es\/dev\/wp-json\/wp\/v2\/comments?post=2855"}],"version-history":[{"count":0,"href":"https:\/\/cemvalderas.es\/dev\/wp-json\/wp\/v2\/posts\/2855\/revisions"}],"wp:featuredmedia":[{"embeddable":true,"href":"https:\/\/cemvalderas.es\/dev\/wp-json\/wp\/v2\/media\/2858"}],"wp:attachment":[{"href":"https:\/\/cemvalderas.es\/dev\/wp-json\/wp\/v2\/media?parent=2855"}],"wp:term":[{"taxonomy":"category","embeddable":true,"href":"https:\/\/cemvalderas.es\/dev\/wp-json\/wp\/v2\/categories?post=2855"},{"taxonomy":"post_tag","embeddable":true,"href":"https:\/\/cemvalderas.es\/dev\/wp-json\/wp\/v2\/tags?post=2855"}],"curies":[{"name":"wp","href":"https:\/\/api.w.org\/{rel}","templated":true}]}}