{"id":1637,"date":"2018-11-28T12:52:02","date_gmt":"2018-11-28T12:52:02","guid":{"rendered":"https:\/\/cemvalderas.es\/?p=1637"},"modified":"2018-11-28T12:52:02","modified_gmt":"2018-11-28T12:52:02","slug":"embarazo-y-salud-oral-como-afecta-a-la-boca-2","status":"publish","type":"post","link":"https:\/\/cemvalderas.es\/dev\/embarazo-y-salud-oral-como-afecta-a-la-boca-2\/","title":{"rendered":"Embarazo y salud oral: \u00bfc\u00f3mo afecta a la boca?"},"content":{"rendered":"<h1>Embarazo y salud oral: \u00bfc\u00f3mo afecta a la boca?<\/h1>\n<article>La visita al odont\u00f3logo durante el embarazo es fundamental para tu salud y la de tu futuro<strong><a href=\"https:\/\/cemvalderas.es\/blog\/ninos-y-dientes-la-primera-visita-al-dentista\/\" target=\"_blank\" rel=\"noopener\"> beb\u00e9<\/a>.<\/strong> Los cambios hormonales de las embarazadas tambi\u00e9n afectan a la salud bucodental, y si no se lleva un control, pueden aparecer problemas graves.<\/p>\n<h2>Principales cambios en la salud oral durante el embarazo<\/h2>\n<h3>La saliva<\/h3>\n<p>El embarazo es una etapa de cambios a todos los niveles, especialmente hormonales. Esta alteraci\u00f3n afecta a todo el organismo, y la saliva no iba a ser menos. La saliva juega un papel protector clave, su composici\u00f3n hace que sea una barrera de protecci\u00f3n de los dientes y enc\u00edas frente a las amenazas externas. Durante la gestaci\u00f3n su composici\u00f3n cambia y suele ocasionar la aparici\u00f3n de ciertas patolog\u00edas bucales.<\/p>\n<h3>Las enc\u00edas<\/h3>\n<p>En este periodo tienen a estar m\u00e1s inflamadas y sangrantes. Es un fen\u00f3menos conocido como \u2018<strong><a href=\"https:\/\/cemvalderas.es\/blog\/gingivitis-que-es-y-como-debo-tratarla\/\" target=\"_blank\" rel=\"noopener\">gingivitis<\/a><\/strong> del embarazo\u2019, normalmente poco despu\u00e9s del parto suele desaparecer. Es una patolog\u00eda pasajera y que, en principio, no es excesivamente grave, pero debe estar controlada por un dentista. Una gingivitis puede derivar en una periodontitis, una enfermedad gingival grave que en casos graves conlleva la p\u00e9rdida de dientes. Entre el 60% y el 75% de las embarazadas suelen presentar esta patolog\u00eda.<\/p>\n<h3>Los dientes<\/h3>\n<p>Los<strong><a href=\"https:\/\/cemvalderas.es\/blog\/te-contamos-en-que-consiste-limpieza-dental-profesional\/\" target=\"_blank\" rel=\"noopener\"> dientes<\/a> <\/strong>suelen verse afectados por los dos factores anteriores. Los cambios en la saliva y las enc\u00edas les afectan de lleno. Adem\u00e1s, con las n\u00e1useas t\u00edpicas de las embarazadas, los reflujos \u00e1cidos del est\u00f3mago pasan a la boca y provocan un desgaste tremendo en el esmalte dental.<\/p>\n<h2>Es necesario incrementar la higiene oral<\/h2>\n<p>Para minimizar al m\u00e1ximo los problemas anteriores, los dentistas recomiendan encarecidamente extremar las rutinas de<strong><a href=\"https:\/\/cemvalderas.es\/blog\/la-importancia-de-una-buena-higiene-dental\/\" target=\"_blank\" rel=\"noopener\">higiene bucal<\/a>.<\/strong> Cepillarse bien los dientes m\u00ednimo dos veces al d\u00eda, utilizar el hilo dental para eliminar todos los restos y enjuagarse con colutorios recomendados por el odont\u00f3logo. Tambi\u00e9n es importante que durante esos 9 meses haya un control odontol\u00f3gico para adelantarse y tratar r\u00e1pidamente los problemas que puedan surgir.De hecho, la principal fuente de transmisi\u00f3n de caries en los beb\u00e9s es de madre a hijo, por eso es importante que la madre tenga una salud bucodental adecuada.<\/p>\n<p>Tampoco debemos olvidar la dieta. Es una \u00e9poca de antojos de todo tipo, y los que son dulces o muy \u00e1cidos hay que cuidar no excederse. El az\u00facar acelera la formaci\u00f3n de caries a la par que destruye el esmalte, igual que con los alimentos o bebidas muy \u00e1cidos.<\/p>\n<\/article>\n","protected":false},"excerpt":{"rendered":"<p>Embarazo y salud oral: \u00bfc\u00f3mo afecta a la boca? La visita al odont\u00f3logo durante el embarazo es fundamental para tu salud y la de tu futuro beb\u00e9. Los cambios hormonales de las embarazadas tambi\u00e9n afectan a la salud bucodental, y si no se lleva un control, pueden aparecer problemas graves. Principales cambios en la salud [&hellip;]<\/p>\n","protected":false},"author":2,"featured_media":1749,"comment_status":"closed","ping_status":"open","sticky":false,"template":"","format":"standard","meta":{"footnotes":""},"categories":[34,16,39,17,21],"tags":[],"class_list":["post-1637","post","type-post","status-publish","format-standard","has-post-thumbnail","hentry","category-cem-valderas","category-dentistas","category-embarazo-y-salud-bucodental","category-salud","category-salud-bucodental"],"yoast_head":"<!-- This site is optimized with the Yoast SEO plugin v26.8 - https:\/\/yoast.com\/product\/yoast-seo-wordpress\/ -->\n<title>Embarazo y salud oral: \u00bfc\u00f3mo afecta a la boca? - Clinica Dental CEM Valderas Dentistas Alcorcon<\/title>\n<meta name=\"robots\" content=\"index, follow, max-snippet:-1, max-image-preview:large, max-video-preview:-1\" \/>\n<link rel=\"canonical\" href=\"https:\/\/cemvalderas.es\/dev\/embarazo-y-salud-oral-como-afecta-a-la-boca-2\/\" \/>\n<meta property=\"og:locale\" content=\"es_ES\" \/>\n<meta property=\"og:type\" content=\"article\" \/>\n<meta property=\"og:title\" content=\"Embarazo y salud oral: \u00bfc\u00f3mo afecta a la boca? - Clinica Dental CEM Valderas Dentistas Alcorcon\" \/>\n<meta property=\"og:description\" content=\"Embarazo y salud oral: \u00bfc\u00f3mo afecta a la boca? La visita al odont\u00f3logo durante el embarazo es fundamental para tu salud y la de tu futuro beb\u00e9. Los cambios hormonales de las embarazadas tambi\u00e9n afectan a la salud bucodental, y si no se lleva un control, pueden aparecer problemas graves. Principales cambios en la salud [&hellip;]\" \/>\n<meta property=\"og:url\" content=\"https:\/\/cemvalderas.es\/dev\/embarazo-y-salud-oral-como-afecta-a-la-boca-2\/\" \/>\n<meta property=\"og:site_name\" content=\"Clinica Dental CEM Valderas Dentistas Alcorcon\" \/>\n<meta property=\"article:published_time\" content=\"2018-11-28T12:52:02+00:00\" \/>\n<meta property=\"og:image\" content=\"https:\/\/cemvalderas.es\/dev\/wp-content\/uploads\/2018\/11\/embarazo-salud-dental-dentistas-alcorcon-cem-valderas.jpg\" \/>\n\t<meta property=\"og:image:width\" content=\"640\" \/>\n\t<meta property=\"og:image:height\" content=\"426\" \/>\n\t<meta property=\"og:image:type\" content=\"image\/jpeg\" \/>\n<meta name=\"author\" content=\"CEM VALDERAS\" \/>\n<meta name=\"twitter:card\" content=\"summary_large_image\" \/>\n<meta name=\"twitter:label1\" content=\"Escrito por\" \/>\n\t<meta name=\"twitter:data1\" content=\"CEM VALDERAS\" \/>\n\t<meta name=\"twitter:label2\" content=\"Tiempo de lectura\" \/>\n\t<meta name=\"twitter:data2\" content=\"2 minutos\" \/>\n<script type=\"application\/ld+json\" class=\"yoast-schema-graph\">{\"@context\":\"https:\/\/schema.org\",\"@graph\":[{\"@type\":\"Article\",\"@id\":\"https:\/\/cemvalderas.es\/dev\/embarazo-y-salud-oral-como-afecta-a-la-boca-2\/#article\",\"isPartOf\":{\"@id\":\"https:\/\/cemvalderas.es\/dev\/embarazo-y-salud-oral-como-afecta-a-la-boca-2\/\"},\"author\":{\"name\":\"CEM VALDERAS\",\"@id\":\"https:\/\/cemvalderas.es\/dev\/#\/schema\/person\/57dbaa31b1919508e6803a19cb1dffe5\"},\"headline\":\"Embarazo y salud oral: \u00bfc\u00f3mo afecta a la boca?\",\"datePublished\":\"2018-11-28T12:52:02+00:00\",\"mainEntityOfPage\":{\"@id\":\"https:\/\/cemvalderas.es\/dev\/embarazo-y-salud-oral-como-afecta-a-la-boca-2\/\"},\"wordCount\":449,\"publisher\":{\"@id\":\"https:\/\/cemvalderas.es\/dev\/#organization\"},\"image\":{\"@id\":\"https:\/\/cemvalderas.es\/dev\/embarazo-y-salud-oral-como-afecta-a-la-boca-2\/#primaryimage\"},\"thumbnailUrl\":\"https:\/\/cemvalderas.es\/dev\/wp-content\/uploads\/2018\/11\/embarazo-salud-dental-dentistas-alcorcon-cem-valderas.jpg\",\"articleSection\":[\"CEM Valderas\",\"dentistas\",\"embarazo y salud bucodental\",\"salud\",\"salud bucodental\"],\"inLanguage\":\"es\"},{\"@type\":\"WebPage\",\"@id\":\"https:\/\/cemvalderas.es\/dev\/embarazo-y-salud-oral-como-afecta-a-la-boca-2\/\",\"url\":\"https:\/\/cemvalderas.es\/dev\/embarazo-y-salud-oral-como-afecta-a-la-boca-2\/\",\"name\":\"Embarazo y salud oral: \u00bfc\u00f3mo afecta a la boca? - Clinica Dental CEM Valderas Dentistas Alcorcon\",\"isPartOf\":{\"@id\":\"https:\/\/cemvalderas.es\/dev\/#website\"},\"primaryImageOfPage\":{\"@id\":\"https:\/\/cemvalderas.es\/dev\/embarazo-y-salud-oral-como-afecta-a-la-boca-2\/#primaryimage\"},\"image\":{\"@id\":\"https:\/\/cemvalderas.es\/dev\/embarazo-y-salud-oral-como-afecta-a-la-boca-2\/#primaryimage\"},\"thumbnailUrl\":\"https:\/\/cemvalderas.es\/dev\/wp-content\/uploads\/2018\/11\/embarazo-salud-dental-dentistas-alcorcon-cem-valderas.jpg\",\"datePublished\":\"2018-11-28T12:52:02+00:00\",\"breadcrumb\":{\"@id\":\"https:\/\/cemvalderas.es\/dev\/embarazo-y-salud-oral-como-afecta-a-la-boca-2\/#breadcrumb\"},\"inLanguage\":\"es\",\"potentialAction\":[{\"@type\":\"ReadAction\",\"target\":[\"https:\/\/cemvalderas.es\/dev\/embarazo-y-salud-oral-como-afecta-a-la-boca-2\/\"]}]},{\"@type\":\"ImageObject\",\"inLanguage\":\"es\",\"@id\":\"https:\/\/cemvalderas.es\/dev\/embarazo-y-salud-oral-como-afecta-a-la-boca-2\/#primaryimage\",\"url\":\"https:\/\/cemvalderas.es\/dev\/wp-content\/uploads\/2018\/11\/embarazo-salud-dental-dentistas-alcorcon-cem-valderas.jpg\",\"contentUrl\":\"https:\/\/cemvalderas.es\/dev\/wp-content\/uploads\/2018\/11\/embarazo-salud-dental-dentistas-alcorcon-cem-valderas.jpg\",\"width\":640,\"height\":426,\"caption\":\"Embarazo y salud oral: \u00bfc\u00f3mo afecta a la boca?. Dentistas en Zona Sur de Madrid CEM Valderas\"},{\"@type\":\"BreadcrumbList\",\"@id\":\"https:\/\/cemvalderas.es\/dev\/embarazo-y-salud-oral-como-afecta-a-la-boca-2\/#breadcrumb\",\"itemListElement\":[{\"@type\":\"ListItem\",\"position\":1,\"name\":\"Portada\",\"item\":\"https:\/\/cemvalderas.es\/dev\/\"},{\"@type\":\"ListItem\",\"position\":2,\"name\":\"Embarazo y salud oral: \u00bfc\u00f3mo afecta a la boca?\"}]},{\"@type\":\"WebSite\",\"@id\":\"https:\/\/cemvalderas.es\/dev\/#website\",\"url\":\"https:\/\/cemvalderas.es\/dev\/\",\"name\":\"Clinica Dental CEM Valderas Dentistas Alcorcon\",\"description\":\"Los mejores tratamientos odontol\u00f3gicos, sin dolor. Vuelve a sonre\u00edr sin que te duela el bolsillo\",\"publisher\":{\"@id\":\"https:\/\/cemvalderas.es\/dev\/#organization\"},\"potentialAction\":[{\"@type\":\"SearchAction\",\"target\":{\"@type\":\"EntryPoint\",\"urlTemplate\":\"https:\/\/cemvalderas.es\/dev\/?s={search_term_string}\"},\"query-input\":{\"@type\":\"PropertyValueSpecification\",\"valueRequired\":true,\"valueName\":\"search_term_string\"}}],\"inLanguage\":\"es\"},{\"@type\":\"Organization\",\"@id\":\"https:\/\/cemvalderas.es\/dev\/#organization\",\"name\":\"Clinica Dental CEM Valderas Dentistas Alcorcon\",\"url\":\"https:\/\/cemvalderas.es\/dev\/\",\"logo\":{\"@type\":\"ImageObject\",\"inLanguage\":\"es\",\"@id\":\"https:\/\/cemvalderas.es\/dev\/#\/schema\/logo\/image\/\",\"url\":\"https:\/\/cemvalderas.es\/dev\/wp-content\/uploads\/2025\/09\/12c4595b090208224e9ca0e24fddb595.png\",\"contentUrl\":\"https:\/\/cemvalderas.es\/dev\/wp-content\/uploads\/2025\/09\/12c4595b090208224e9ca0e24fddb595.png\",\"width\":229,\"height\":44,\"caption\":\"Clinica Dental CEM Valderas Dentistas Alcorcon\"},\"image\":{\"@id\":\"https:\/\/cemvalderas.es\/dev\/#\/schema\/logo\/image\/\"}},{\"@type\":\"Person\",\"@id\":\"https:\/\/cemvalderas.es\/dev\/#\/schema\/person\/57dbaa31b1919508e6803a19cb1dffe5\",\"name\":\"CEM VALDERAS\",\"image\":{\"@type\":\"ImageObject\",\"inLanguage\":\"es\",\"@id\":\"https:\/\/cemvalderas.es\/dev\/#\/schema\/person\/image\/\",\"url\":\"https:\/\/secure.gravatar.com\/avatar\/a0b795c992935e775c0fb2c4f6336e5d4d1d8485fa70c9a9407bd42e6450a864?s=96&d=mm&r=g\",\"contentUrl\":\"https:\/\/secure.gravatar.com\/avatar\/a0b795c992935e775c0fb2c4f6336e5d4d1d8485fa70c9a9407bd42e6450a864?s=96&d=mm&r=g\",\"caption\":\"CEM VALDERAS\"},\"url\":\"https:\/\/cemvalderas.es\/dev\/author\/oroldanv75\/\"}]}<\/script>\n<!-- \/ Yoast SEO plugin. -->","yoast_head_json":{"title":"Embarazo y salud oral: \u00bfc\u00f3mo afecta a la boca? - Clinica Dental CEM Valderas Dentistas Alcorcon","robots":{"index":"index","follow":"follow","max-snippet":"max-snippet:-1","max-image-preview":"max-image-preview:large","max-video-preview":"max-video-preview:-1"},"canonical":"https:\/\/cemvalderas.es\/dev\/embarazo-y-salud-oral-como-afecta-a-la-boca-2\/","og_locale":"es_ES","og_type":"article","og_title":"Embarazo y salud oral: \u00bfc\u00f3mo afecta a la boca? - Clinica Dental CEM Valderas Dentistas Alcorcon","og_description":"Embarazo y salud oral: \u00bfc\u00f3mo afecta a la boca? La visita al odont\u00f3logo durante el embarazo es fundamental para tu salud y la de tu futuro beb\u00e9. Los cambios hormonales de las embarazadas tambi\u00e9n afectan a la salud bucodental, y si no se lleva un control, pueden aparecer problemas graves. Principales cambios en la salud [&hellip;]","og_url":"https:\/\/cemvalderas.es\/dev\/embarazo-y-salud-oral-como-afecta-a-la-boca-2\/","og_site_name":"Clinica Dental CEM Valderas Dentistas Alcorcon","article_published_time":"2018-11-28T12:52:02+00:00","og_image":[{"width":640,"height":426,"url":"https:\/\/cemvalderas.es\/dev\/wp-content\/uploads\/2018\/11\/embarazo-salud-dental-dentistas-alcorcon-cem-valderas.jpg","type":"image\/jpeg"}],"author":"CEM VALDERAS","twitter_card":"summary_large_image","twitter_misc":{"Escrito por":"CEM VALDERAS","Tiempo de lectura":"2 minutos"},"schema":{"@context":"https:\/\/schema.org","@graph":[{"@type":"Article","@id":"https:\/\/cemvalderas.es\/dev\/embarazo-y-salud-oral-como-afecta-a-la-boca-2\/#article","isPartOf":{"@id":"https:\/\/cemvalderas.es\/dev\/embarazo-y-salud-oral-como-afecta-a-la-boca-2\/"},"author":{"name":"CEM VALDERAS","@id":"https:\/\/cemvalderas.es\/dev\/#\/schema\/person\/57dbaa31b1919508e6803a19cb1dffe5"},"headline":"Embarazo y salud oral: \u00bfc\u00f3mo afecta a la boca?","datePublished":"2018-11-28T12:52:02+00:00","mainEntityOfPage":{"@id":"https:\/\/cemvalderas.es\/dev\/embarazo-y-salud-oral-como-afecta-a-la-boca-2\/"},"wordCount":449,"publisher":{"@id":"https:\/\/cemvalderas.es\/dev\/#organization"},"image":{"@id":"https:\/\/cemvalderas.es\/dev\/embarazo-y-salud-oral-como-afecta-a-la-boca-2\/#primaryimage"},"thumbnailUrl":"https:\/\/cemvalderas.es\/dev\/wp-content\/uploads\/2018\/11\/embarazo-salud-dental-dentistas-alcorcon-cem-valderas.jpg","articleSection":["CEM Valderas","dentistas","embarazo y salud bucodental","salud","salud bucodental"],"inLanguage":"es"},{"@type":"WebPage","@id":"https:\/\/cemvalderas.es\/dev\/embarazo-y-salud-oral-como-afecta-a-la-boca-2\/","url":"https:\/\/cemvalderas.es\/dev\/embarazo-y-salud-oral-como-afecta-a-la-boca-2\/","name":"Embarazo y salud oral: \u00bfc\u00f3mo afecta a la boca? - Clinica Dental CEM Valderas Dentistas Alcorcon","isPartOf":{"@id":"https:\/\/cemvalderas.es\/dev\/#website"},"primaryImageOfPage":{"@id":"https:\/\/cemvalderas.es\/dev\/embarazo-y-salud-oral-como-afecta-a-la-boca-2\/#primaryimage"},"image":{"@id":"https:\/\/cemvalderas.es\/dev\/embarazo-y-salud-oral-como-afecta-a-la-boca-2\/#primaryimage"},"thumbnailUrl":"https:\/\/cemvalderas.es\/dev\/wp-content\/uploads\/2018\/11\/embarazo-salud-dental-dentistas-alcorcon-cem-valderas.jpg","datePublished":"2018-11-28T12:52:02+00:00","breadcrumb":{"@id":"https:\/\/cemvalderas.es\/dev\/embarazo-y-salud-oral-como-afecta-a-la-boca-2\/#breadcrumb"},"inLanguage":"es","potentialAction":[{"@type":"ReadAction","target":["https:\/\/cemvalderas.es\/dev\/embarazo-y-salud-oral-como-afecta-a-la-boca-2\/"]}]},{"@type":"ImageObject","inLanguage":"es","@id":"https:\/\/cemvalderas.es\/dev\/embarazo-y-salud-oral-como-afecta-a-la-boca-2\/#primaryimage","url":"https:\/\/cemvalderas.es\/dev\/wp-content\/uploads\/2018\/11\/embarazo-salud-dental-dentistas-alcorcon-cem-valderas.jpg","contentUrl":"https:\/\/cemvalderas.es\/dev\/wp-content\/uploads\/2018\/11\/embarazo-salud-dental-dentistas-alcorcon-cem-valderas.jpg","width":640,"height":426,"caption":"Embarazo y salud oral: \u00bfc\u00f3mo afecta a la boca?. Dentistas en Zona Sur de Madrid CEM Valderas"},{"@type":"BreadcrumbList","@id":"https:\/\/cemvalderas.es\/dev\/embarazo-y-salud-oral-como-afecta-a-la-boca-2\/#breadcrumb","itemListElement":[{"@type":"ListItem","position":1,"name":"Portada","item":"https:\/\/cemvalderas.es\/dev\/"},{"@type":"ListItem","position":2,"name":"Embarazo y salud oral: \u00bfc\u00f3mo afecta a la boca?"}]},{"@type":"WebSite","@id":"https:\/\/cemvalderas.es\/dev\/#website","url":"https:\/\/cemvalderas.es\/dev\/","name":"Clinica Dental CEM Valderas Dentistas Alcorcon","description":"Los mejores tratamientos odontol\u00f3gicos, sin dolor. Vuelve a sonre\u00edr sin que te duela el bolsillo","publisher":{"@id":"https:\/\/cemvalderas.es\/dev\/#organization"},"potentialAction":[{"@type":"SearchAction","target":{"@type":"EntryPoint","urlTemplate":"https:\/\/cemvalderas.es\/dev\/?s={search_term_string}"},"query-input":{"@type":"PropertyValueSpecification","valueRequired":true,"valueName":"search_term_string"}}],"inLanguage":"es"},{"@type":"Organization","@id":"https:\/\/cemvalderas.es\/dev\/#organization","name":"Clinica Dental CEM Valderas Dentistas Alcorcon","url":"https:\/\/cemvalderas.es\/dev\/","logo":{"@type":"ImageObject","inLanguage":"es","@id":"https:\/\/cemvalderas.es\/dev\/#\/schema\/logo\/image\/","url":"https:\/\/cemvalderas.es\/dev\/wp-content\/uploads\/2025\/09\/12c4595b090208224e9ca0e24fddb595.png","contentUrl":"https:\/\/cemvalderas.es\/dev\/wp-content\/uploads\/2025\/09\/12c4595b090208224e9ca0e24fddb595.png","width":229,"height":44,"caption":"Clinica Dental CEM Valderas Dentistas Alcorcon"},"image":{"@id":"https:\/\/cemvalderas.es\/dev\/#\/schema\/logo\/image\/"}},{"@type":"Person","@id":"https:\/\/cemvalderas.es\/dev\/#\/schema\/person\/57dbaa31b1919508e6803a19cb1dffe5","name":"CEM VALDERAS","image":{"@type":"ImageObject","inLanguage":"es","@id":"https:\/\/cemvalderas.es\/dev\/#\/schema\/person\/image\/","url":"https:\/\/secure.gravatar.com\/avatar\/a0b795c992935e775c0fb2c4f6336e5d4d1d8485fa70c9a9407bd42e6450a864?s=96&d=mm&r=g","contentUrl":"https:\/\/secure.gravatar.com\/avatar\/a0b795c992935e775c0fb2c4f6336e5d4d1d8485fa70c9a9407bd42e6450a864?s=96&d=mm&r=g","caption":"CEM VALDERAS"},"url":"https:\/\/cemvalderas.es\/dev\/author\/oroldanv75\/"}]}},"_links":{"self":[{"href":"https:\/\/cemvalderas.es\/dev\/wp-json\/wp\/v2\/posts\/1637","targetHints":{"allow":["GET"]}}],"collection":[{"href":"https:\/\/cemvalderas.es\/dev\/wp-json\/wp\/v2\/posts"}],"about":[{"href":"https:\/\/cemvalderas.es\/dev\/wp-json\/wp\/v2\/types\/post"}],"author":[{"embeddable":true,"href":"https:\/\/cemvalderas.es\/dev\/wp-json\/wp\/v2\/users\/2"}],"replies":[{"embeddable":true,"href":"https:\/\/cemvalderas.es\/dev\/wp-json\/wp\/v2\/comments?post=1637"}],"version-history":[{"count":0,"href":"https:\/\/cemvalderas.es\/dev\/wp-json\/wp\/v2\/posts\/1637\/revisions"}],"wp:featuredmedia":[{"embeddable":true,"href":"https:\/\/cemvalderas.es\/dev\/wp-json\/wp\/v2\/media\/1749"}],"wp:attachment":[{"href":"https:\/\/cemvalderas.es\/dev\/wp-json\/wp\/v2\/media?parent=1637"}],"wp:term":[{"taxonomy":"category","embeddable":true,"href":"https:\/\/cemvalderas.es\/dev\/wp-json\/wp\/v2\/categories?post=1637"},{"taxonomy":"post_tag","embeddable":true,"href":"https:\/\/cemvalderas.es\/dev\/wp-json\/wp\/v2\/tags?post=1637"}],"curies":[{"name":"wp","href":"https:\/\/api.w.org\/{rel}","templated":true}]}}