{"id":1618,"date":"2019-06-13T12:36:26","date_gmt":"2019-06-13T12:36:26","guid":{"rendered":"https:\/\/cemvalderas.es\/?p=1618"},"modified":"2019-06-13T12:36:26","modified_gmt":"2019-06-13T12:36:26","slug":"el-calor-veraniego-y-sus-efectos-sobre-la-salud-bucodental","status":"publish","type":"post","link":"https:\/\/cemvalderas.es\/dev\/el-calor-veraniego-y-sus-efectos-sobre-la-salud-bucodental\/","title":{"rendered":"El calor veraniego y sus efectos sobre la salud bucodental"},"content":{"rendered":"\n<div class=\"wpb_text_column wpb_content_element  bigP\">\n<div class=\"wpb_wrapper\">\n<h1><strong>El calor veraniego y sus efectos sobre la salud bucodental.<\/strong><\/h1>\n<article>El calor y su influencia sobre nuestros dientes<\/article>\n<article>La llegada del verano no es excusa para no cuidar nuestra salud y particular nuestra boca sino para reforzar nuestra atenci\u00f3n sobre una zona sensible de nuestro organismo.\n<\/article><br \/>\n\n<article>Queremos ofrecerte algunos consejos para conseguirlo. Son h\u00e1bitos sencillos, pero imprescindibles, si no queremos que nuestra boca se vea afectada por enfermedades que puede provocar el calor veraniego.<\/article><br \/>\n\n<h2><strong>Cuidar a\u00fan m\u00e1s la higiene bucodental<\/strong><\/h2>\n<article>Es fundamental mantener una adecuada higiene dental tambi\u00e9n durante los meses de verano porque el calor puede provocar la proliferaci\u00f3n de bacterias que podr\u00edan derivar en caries o gingivitis, entre otras cosas.<\/article><br \/>\n\n<article>\u00a1No olvides el cepillado despu\u00e9s de cada comida y tambi\u00e9n antes de ir a dormir!<\/article><br \/>\n\n<h2><strong>Buena digesti\u00f3n es igual a buena alimentaci\u00f3n<\/strong><\/h2>\n<article>La boca forma parte fundamental de nuestro organismo porque, entre otras cosas, a trav\u00e9s de ella ingerimos los alimentos. Cuidar nuestra nutrici\u00f3n en los meses m\u00e1s calurosos nos permitir\u00e1 prevenir ciertas enfermedades y realizar una digesti\u00f3n adecuada.<\/article><br \/>\n\n<article>Es muy importante la ingesta abundante de agua, zumos, frutas y verduras que te ayudar\u00e1n a mantener hidratado tu organismo y, de paso, a prevenir ciertas patolog\u00edas orales.<\/article><br \/>\n\n<article>Cuidado con helados y refrescos ya que favorecen la hipersensibilidad dental. Te recomendamos frutas como el kiwi, el mel\u00f3n o la sand\u00eda y evitar las bebidas alcoh\u00f3licas. Un consumo excesivo puede derivar en infecciones bucodentales, provocar caries e incluso c\u00e1ncer oral.<\/article><br \/>\n\n<article><h2><strong>Atenci\u00f3n a los traumatismos, son m\u00e1s frecuentes en verano<\/strong>`<\/h2><\/article><br \/>\n\n<article>La \u00e9poca estival propicia un mayor n\u00famero de traumatismos dentales debido a que practicamos m\u00e1s deporte al aire libre. Pon atenci\u00f3n si tienes ni\u00f1os entre 6 y 12 a\u00f1os, algunas de cuyas piezas dentales a\u00fan est\u00e1n en periodo de formaci\u00f3n.<\/article>\n<article<strong>Tras las vacaciones visita a tu dentista<\/strong><\/article>\n\n<article>Tras el verano, en el que solemos cometer algunos excesos, es un buen momento para visitar a nuestro dentista de confianza. Una revisi\u00f3n para toda la familia nos dejar\u00e1 mucho m\u00e1s tranquilos para iniciar con fuerzas el nuevo curso escolar o laboral con una buena salud bucodental.<\/article>\n\n<article>En <strong><a href=\"https:\/\/cemvalderas.es\/centro-odontologico\/\">Cl\u00ednica Dental en Alcorc\u00f3n<\/a> Cem Valderas<\/strong> somos <strong>expertos en todo tipo de tratamientos bucodentales<\/strong>. Para m\u00e1s informaci\u00f3n no dude en llamarnos por tel\u00e9fono 912 260 021, o visita nuestras instalaciones. Estamos en <strong><a href=\"https:\/\/goo.gl\/maps\/shoPtE6wwMkL9NjU6\" target=\"_blank\" rel=\"noreferrer noopener\">Calle Venus, 10 Posterior 28925 Alcorc\u00f3n, Madrid <\/a><\/strong>en <strong>horario de Lunes a Viernes de 10:00h a 13:00h y de 15:00h a 20:00h.<\/strong>\n<\/article>\n<\/div>\n<\/div>\n","protected":false},"excerpt":{"rendered":"<p>El calor veraniego y sus efectos sobre la salud bucodental. El calor y su influencia sobre nuestros dientes La llegada del verano no es excusa para no cuidar nuestra salud y particular nuestra boca sino para reforzar nuestra atenci\u00f3n sobre una zona sensible de nuestro organismo. Queremos ofrecerte algunos consejos para conseguirlo. Son h\u00e1bitos sencillos, [&hellip;]<\/p>\n","protected":false},"author":2,"featured_media":2315,"comment_status":"closed","ping_status":"open","sticky":false,"template":"","format":"standard","meta":{"footnotes":""},"categories":[13,21],"tags":[102,103,20],"class_list":["post-1618","post","type-post","status-publish","format-standard","has-post-thumbnail","hentry","category-blog-cem-valderas","category-salud-bucodental","tag-alimentacion","tag-calor-veraniego","tag-salud-bucodental"],"yoast_head":"<!-- This site is optimized with the Yoast SEO plugin v26.8 - https:\/\/yoast.com\/product\/yoast-seo-wordpress\/ -->\n<title>\ud83e\udd47 Calor Veraniego y Efectos Salud Bucodental - Dentistas Alcorc\u00f3n<\/title>\n<meta name=\"description\" content=\"\u00bfEst\u00e1n preparados tus dientes para la llegada del calor?. En Cem Valderas Clinica Dental en Alcorc\u00f3n te damos algunos consejos para tu salud bucodental.\" \/>\n<meta name=\"robots\" content=\"index, follow, max-snippet:-1, max-image-preview:large, max-video-preview:-1\" \/>\n<link rel=\"canonical\" href=\"https:\/\/cemvalderas.es\/dev\/el-calor-veraniego-y-sus-efectos-sobre-la-salud-bucodental\/\" \/>\n<meta property=\"og:locale\" content=\"es_ES\" \/>\n<meta property=\"og:type\" content=\"article\" \/>\n<meta property=\"og:title\" content=\"\ud83e\udd47 Calor Veraniego y Efectos Salud Bucodental - Dentistas Alcorc\u00f3n\" \/>\n<meta property=\"og:description\" content=\"\u00bfEst\u00e1n preparados tus dientes para la llegada del calor?. En Cem Valderas Clinica Dental en Alcorc\u00f3n te damos algunos consejos para tu salud bucodental.\" \/>\n<meta property=\"og:url\" content=\"https:\/\/cemvalderas.es\/dev\/el-calor-veraniego-y-sus-efectos-sobre-la-salud-bucodental\/\" \/>\n<meta property=\"og:site_name\" content=\"Clinica Dental CEM Valderas Dentistas Alcorcon\" \/>\n<meta property=\"article:published_time\" content=\"2019-06-13T12:36:26+00:00\" \/>\n<meta property=\"og:image\" content=\"https:\/\/cemvalderas.es\/dev\/wp-content\/uploads\/2018\/11\/efectos-del-calor-en-salud-bucodental-cem-valdera-clinica-dental-alcorcon.jpg\" \/>\n\t<meta property=\"og:image:width\" content=\"1280\" \/>\n\t<meta property=\"og:image:height\" content=\"853\" \/>\n\t<meta property=\"og:image:type\" content=\"image\/jpeg\" \/>\n<meta name=\"author\" content=\"CEM VALDERAS\" \/>\n<meta name=\"twitter:card\" content=\"summary_large_image\" \/>\n<meta name=\"twitter:title\" content=\"\ud83e\udd47 Calor Veraniego y Efectos Salud Bucodental - Dentistas Alcorc\u00f3n\" \/>\n<meta name=\"twitter:description\" content=\"\u00bfEst\u00e1n preparados tus dientes para la llegada del calor?. En Cem Valderas Clinica Dental en Alcorc\u00f3n te damos algunos consejos para tu salud bucodental.\" \/>\n<meta name=\"twitter:image\" content=\"https:\/\/cemvalderas.es\/dev\/wp-content\/uploads\/2018\/11\/efectos-del-calor-en-salud-bucodental-cem-valdera-clinica-dental-alcorcon.jpg\" \/>\n<meta name=\"twitter:label1\" content=\"Escrito por\" \/>\n\t<meta name=\"twitter:data1\" content=\"CEM VALDERAS\" \/>\n\t<meta name=\"twitter:label2\" content=\"Tiempo de lectura\" \/>\n\t<meta name=\"twitter:data2\" content=\"2 minutos\" \/>\n<script type=\"application\/ld+json\" class=\"yoast-schema-graph\">{\"@context\":\"https:\/\/schema.org\",\"@graph\":[{\"@type\":\"Article\",\"@id\":\"https:\/\/cemvalderas.es\/dev\/el-calor-veraniego-y-sus-efectos-sobre-la-salud-bucodental\/#article\",\"isPartOf\":{\"@id\":\"https:\/\/cemvalderas.es\/dev\/el-calor-veraniego-y-sus-efectos-sobre-la-salud-bucodental\/\"},\"author\":{\"name\":\"CEM VALDERAS\",\"@id\":\"https:\/\/cemvalderas.es\/dev\/#\/schema\/person\/57dbaa31b1919508e6803a19cb1dffe5\"},\"headline\":\"El calor veraniego y sus efectos sobre la salud bucodental\",\"datePublished\":\"2019-06-13T12:36:26+00:00\",\"mainEntityOfPage\":{\"@id\":\"https:\/\/cemvalderas.es\/dev\/el-calor-veraniego-y-sus-efectos-sobre-la-salud-bucodental\/\"},\"wordCount\":328,\"publisher\":{\"@id\":\"https:\/\/cemvalderas.es\/dev\/#organization\"},\"image\":{\"@id\":\"https:\/\/cemvalderas.es\/dev\/el-calor-veraniego-y-sus-efectos-sobre-la-salud-bucodental\/#primaryimage\"},\"thumbnailUrl\":\"https:\/\/cemvalderas.es\/dev\/wp-content\/uploads\/2018\/11\/efectos-del-calor-en-salud-bucodental-cem-valdera-clinica-dental-alcorcon.jpg\",\"keywords\":[\"alimentaci\u00f3n\",\"calor veraniego\",\"salud bucodental\"],\"articleSection\":[\"Blog CEM Valderas\",\"salud bucodental\"],\"inLanguage\":\"es\"},{\"@type\":\"WebPage\",\"@id\":\"https:\/\/cemvalderas.es\/dev\/el-calor-veraniego-y-sus-efectos-sobre-la-salud-bucodental\/\",\"url\":\"https:\/\/cemvalderas.es\/dev\/el-calor-veraniego-y-sus-efectos-sobre-la-salud-bucodental\/\",\"name\":\"\ud83e\udd47 Calor Veraniego y Efectos Salud Bucodental - Dentistas Alcorc\u00f3n\",\"isPartOf\":{\"@id\":\"https:\/\/cemvalderas.es\/dev\/#website\"},\"primaryImageOfPage\":{\"@id\":\"https:\/\/cemvalderas.es\/dev\/el-calor-veraniego-y-sus-efectos-sobre-la-salud-bucodental\/#primaryimage\"},\"image\":{\"@id\":\"https:\/\/cemvalderas.es\/dev\/el-calor-veraniego-y-sus-efectos-sobre-la-salud-bucodental\/#primaryimage\"},\"thumbnailUrl\":\"https:\/\/cemvalderas.es\/dev\/wp-content\/uploads\/2018\/11\/efectos-del-calor-en-salud-bucodental-cem-valdera-clinica-dental-alcorcon.jpg\",\"datePublished\":\"2019-06-13T12:36:26+00:00\",\"description\":\"\u00bfEst\u00e1n preparados tus dientes para la llegada del calor?. En Cem Valderas Clinica Dental en Alcorc\u00f3n te damos algunos consejos para tu salud bucodental.\",\"breadcrumb\":{\"@id\":\"https:\/\/cemvalderas.es\/dev\/el-calor-veraniego-y-sus-efectos-sobre-la-salud-bucodental\/#breadcrumb\"},\"inLanguage\":\"es\",\"potentialAction\":[{\"@type\":\"ReadAction\",\"target\":[\"https:\/\/cemvalderas.es\/dev\/el-calor-veraniego-y-sus-efectos-sobre-la-salud-bucodental\/\"]}]},{\"@type\":\"ImageObject\",\"inLanguage\":\"es\",\"@id\":\"https:\/\/cemvalderas.es\/dev\/el-calor-veraniego-y-sus-efectos-sobre-la-salud-bucodental\/#primaryimage\",\"url\":\"https:\/\/cemvalderas.es\/dev\/wp-content\/uploads\/2018\/11\/efectos-del-calor-en-salud-bucodental-cem-valdera-clinica-dental-alcorcon.jpg\",\"contentUrl\":\"https:\/\/cemvalderas.es\/dev\/wp-content\/uploads\/2018\/11\/efectos-del-calor-en-salud-bucodental-cem-valdera-clinica-dental-alcorcon.jpg\",\"width\":1280,\"height\":853,\"caption\":\"Efectos del Calor en la Salud Bucodental. CEM Valderas Clinica Dental en Alcorc\u00f3n\"},{\"@type\":\"BreadcrumbList\",\"@id\":\"https:\/\/cemvalderas.es\/dev\/el-calor-veraniego-y-sus-efectos-sobre-la-salud-bucodental\/#breadcrumb\",\"itemListElement\":[{\"@type\":\"ListItem\",\"position\":1,\"name\":\"Portada\",\"item\":\"https:\/\/cemvalderas.es\/dev\/\"},{\"@type\":\"ListItem\",\"position\":2,\"name\":\"El calor veraniego y sus efectos sobre la salud bucodental\"}]},{\"@type\":\"WebSite\",\"@id\":\"https:\/\/cemvalderas.es\/dev\/#website\",\"url\":\"https:\/\/cemvalderas.es\/dev\/\",\"name\":\"Clinica Dental CEM Valderas Dentistas Alcorcon\",\"description\":\"Los mejores tratamientos odontol\u00f3gicos, sin dolor. Vuelve a sonre\u00edr sin que te duela el bolsillo\",\"publisher\":{\"@id\":\"https:\/\/cemvalderas.es\/dev\/#organization\"},\"potentialAction\":[{\"@type\":\"SearchAction\",\"target\":{\"@type\":\"EntryPoint\",\"urlTemplate\":\"https:\/\/cemvalderas.es\/dev\/?s={search_term_string}\"},\"query-input\":{\"@type\":\"PropertyValueSpecification\",\"valueRequired\":true,\"valueName\":\"search_term_string\"}}],\"inLanguage\":\"es\"},{\"@type\":\"Organization\",\"@id\":\"https:\/\/cemvalderas.es\/dev\/#organization\",\"name\":\"Clinica Dental CEM Valderas Dentistas Alcorcon\",\"url\":\"https:\/\/cemvalderas.es\/dev\/\",\"logo\":{\"@type\":\"ImageObject\",\"inLanguage\":\"es\",\"@id\":\"https:\/\/cemvalderas.es\/dev\/#\/schema\/logo\/image\/\",\"url\":\"https:\/\/cemvalderas.es\/dev\/wp-content\/uploads\/2025\/09\/12c4595b090208224e9ca0e24fddb595.png\",\"contentUrl\":\"https:\/\/cemvalderas.es\/dev\/wp-content\/uploads\/2025\/09\/12c4595b090208224e9ca0e24fddb595.png\",\"width\":229,\"height\":44,\"caption\":\"Clinica Dental CEM Valderas Dentistas Alcorcon\"},\"image\":{\"@id\":\"https:\/\/cemvalderas.es\/dev\/#\/schema\/logo\/image\/\"}},{\"@type\":\"Person\",\"@id\":\"https:\/\/cemvalderas.es\/dev\/#\/schema\/person\/57dbaa31b1919508e6803a19cb1dffe5\",\"name\":\"CEM VALDERAS\",\"image\":{\"@type\":\"ImageObject\",\"inLanguage\":\"es\",\"@id\":\"https:\/\/cemvalderas.es\/dev\/#\/schema\/person\/image\/\",\"url\":\"https:\/\/secure.gravatar.com\/avatar\/a0b795c992935e775c0fb2c4f6336e5d4d1d8485fa70c9a9407bd42e6450a864?s=96&d=mm&r=g\",\"contentUrl\":\"https:\/\/secure.gravatar.com\/avatar\/a0b795c992935e775c0fb2c4f6336e5d4d1d8485fa70c9a9407bd42e6450a864?s=96&d=mm&r=g\",\"caption\":\"CEM VALDERAS\"},\"url\":\"https:\/\/cemvalderas.es\/dev\/author\/oroldanv75\/\"}]}<\/script>\n<!-- \/ Yoast SEO plugin. -->","yoast_head_json":{"title":"\ud83e\udd47 Calor Veraniego y Efectos Salud Bucodental - Dentistas Alcorc\u00f3n","description":"\u00bfEst\u00e1n preparados tus dientes para la llegada del calor?. En Cem Valderas Clinica Dental en Alcorc\u00f3n te damos algunos consejos para tu salud bucodental.","robots":{"index":"index","follow":"follow","max-snippet":"max-snippet:-1","max-image-preview":"max-image-preview:large","max-video-preview":"max-video-preview:-1"},"canonical":"https:\/\/cemvalderas.es\/dev\/el-calor-veraniego-y-sus-efectos-sobre-la-salud-bucodental\/","og_locale":"es_ES","og_type":"article","og_title":"\ud83e\udd47 Calor Veraniego y Efectos Salud Bucodental - Dentistas Alcorc\u00f3n","og_description":"\u00bfEst\u00e1n preparados tus dientes para la llegada del calor?. En Cem Valderas Clinica Dental en Alcorc\u00f3n te damos algunos consejos para tu salud bucodental.","og_url":"https:\/\/cemvalderas.es\/dev\/el-calor-veraniego-y-sus-efectos-sobre-la-salud-bucodental\/","og_site_name":"Clinica Dental CEM Valderas Dentistas Alcorcon","article_published_time":"2019-06-13T12:36:26+00:00","og_image":[{"width":1280,"height":853,"url":"https:\/\/cemvalderas.es\/dev\/wp-content\/uploads\/2018\/11\/efectos-del-calor-en-salud-bucodental-cem-valdera-clinica-dental-alcorcon.jpg","type":"image\/jpeg"}],"author":"CEM VALDERAS","twitter_card":"summary_large_image","twitter_title":"\ud83e\udd47 Calor Veraniego y Efectos Salud Bucodental - Dentistas Alcorc\u00f3n","twitter_description":"\u00bfEst\u00e1n preparados tus dientes para la llegada del calor?. En Cem Valderas Clinica Dental en Alcorc\u00f3n te damos algunos consejos para tu salud bucodental.","twitter_image":"https:\/\/cemvalderas.es\/dev\/wp-content\/uploads\/2018\/11\/efectos-del-calor-en-salud-bucodental-cem-valdera-clinica-dental-alcorcon.jpg","twitter_misc":{"Escrito por":"CEM VALDERAS","Tiempo de lectura":"2 minutos"},"schema":{"@context":"https:\/\/schema.org","@graph":[{"@type":"Article","@id":"https:\/\/cemvalderas.es\/dev\/el-calor-veraniego-y-sus-efectos-sobre-la-salud-bucodental\/#article","isPartOf":{"@id":"https:\/\/cemvalderas.es\/dev\/el-calor-veraniego-y-sus-efectos-sobre-la-salud-bucodental\/"},"author":{"name":"CEM VALDERAS","@id":"https:\/\/cemvalderas.es\/dev\/#\/schema\/person\/57dbaa31b1919508e6803a19cb1dffe5"},"headline":"El calor veraniego y sus efectos sobre la salud bucodental","datePublished":"2019-06-13T12:36:26+00:00","mainEntityOfPage":{"@id":"https:\/\/cemvalderas.es\/dev\/el-calor-veraniego-y-sus-efectos-sobre-la-salud-bucodental\/"},"wordCount":328,"publisher":{"@id":"https:\/\/cemvalderas.es\/dev\/#organization"},"image":{"@id":"https:\/\/cemvalderas.es\/dev\/el-calor-veraniego-y-sus-efectos-sobre-la-salud-bucodental\/#primaryimage"},"thumbnailUrl":"https:\/\/cemvalderas.es\/dev\/wp-content\/uploads\/2018\/11\/efectos-del-calor-en-salud-bucodental-cem-valdera-clinica-dental-alcorcon.jpg","keywords":["alimentaci\u00f3n","calor veraniego","salud bucodental"],"articleSection":["Blog CEM Valderas","salud bucodental"],"inLanguage":"es"},{"@type":"WebPage","@id":"https:\/\/cemvalderas.es\/dev\/el-calor-veraniego-y-sus-efectos-sobre-la-salud-bucodental\/","url":"https:\/\/cemvalderas.es\/dev\/el-calor-veraniego-y-sus-efectos-sobre-la-salud-bucodental\/","name":"\ud83e\udd47 Calor Veraniego y Efectos Salud Bucodental - Dentistas Alcorc\u00f3n","isPartOf":{"@id":"https:\/\/cemvalderas.es\/dev\/#website"},"primaryImageOfPage":{"@id":"https:\/\/cemvalderas.es\/dev\/el-calor-veraniego-y-sus-efectos-sobre-la-salud-bucodental\/#primaryimage"},"image":{"@id":"https:\/\/cemvalderas.es\/dev\/el-calor-veraniego-y-sus-efectos-sobre-la-salud-bucodental\/#primaryimage"},"thumbnailUrl":"https:\/\/cemvalderas.es\/dev\/wp-content\/uploads\/2018\/11\/efectos-del-calor-en-salud-bucodental-cem-valdera-clinica-dental-alcorcon.jpg","datePublished":"2019-06-13T12:36:26+00:00","description":"\u00bfEst\u00e1n preparados tus dientes para la llegada del calor?. En Cem Valderas Clinica Dental en Alcorc\u00f3n te damos algunos consejos para tu salud bucodental.","breadcrumb":{"@id":"https:\/\/cemvalderas.es\/dev\/el-calor-veraniego-y-sus-efectos-sobre-la-salud-bucodental\/#breadcrumb"},"inLanguage":"es","potentialAction":[{"@type":"ReadAction","target":["https:\/\/cemvalderas.es\/dev\/el-calor-veraniego-y-sus-efectos-sobre-la-salud-bucodental\/"]}]},{"@type":"ImageObject","inLanguage":"es","@id":"https:\/\/cemvalderas.es\/dev\/el-calor-veraniego-y-sus-efectos-sobre-la-salud-bucodental\/#primaryimage","url":"https:\/\/cemvalderas.es\/dev\/wp-content\/uploads\/2018\/11\/efectos-del-calor-en-salud-bucodental-cem-valdera-clinica-dental-alcorcon.jpg","contentUrl":"https:\/\/cemvalderas.es\/dev\/wp-content\/uploads\/2018\/11\/efectos-del-calor-en-salud-bucodental-cem-valdera-clinica-dental-alcorcon.jpg","width":1280,"height":853,"caption":"Efectos del Calor en la Salud Bucodental. CEM Valderas Clinica Dental en Alcorc\u00f3n"},{"@type":"BreadcrumbList","@id":"https:\/\/cemvalderas.es\/dev\/el-calor-veraniego-y-sus-efectos-sobre-la-salud-bucodental\/#breadcrumb","itemListElement":[{"@type":"ListItem","position":1,"name":"Portada","item":"https:\/\/cemvalderas.es\/dev\/"},{"@type":"ListItem","position":2,"name":"El calor veraniego y sus efectos sobre la salud bucodental"}]},{"@type":"WebSite","@id":"https:\/\/cemvalderas.es\/dev\/#website","url":"https:\/\/cemvalderas.es\/dev\/","name":"Clinica Dental CEM Valderas Dentistas Alcorcon","description":"Los mejores tratamientos odontol\u00f3gicos, sin dolor. Vuelve a sonre\u00edr sin que te duela el bolsillo","publisher":{"@id":"https:\/\/cemvalderas.es\/dev\/#organization"},"potentialAction":[{"@type":"SearchAction","target":{"@type":"EntryPoint","urlTemplate":"https:\/\/cemvalderas.es\/dev\/?s={search_term_string}"},"query-input":{"@type":"PropertyValueSpecification","valueRequired":true,"valueName":"search_term_string"}}],"inLanguage":"es"},{"@type":"Organization","@id":"https:\/\/cemvalderas.es\/dev\/#organization","name":"Clinica Dental CEM Valderas Dentistas Alcorcon","url":"https:\/\/cemvalderas.es\/dev\/","logo":{"@type":"ImageObject","inLanguage":"es","@id":"https:\/\/cemvalderas.es\/dev\/#\/schema\/logo\/image\/","url":"https:\/\/cemvalderas.es\/dev\/wp-content\/uploads\/2025\/09\/12c4595b090208224e9ca0e24fddb595.png","contentUrl":"https:\/\/cemvalderas.es\/dev\/wp-content\/uploads\/2025\/09\/12c4595b090208224e9ca0e24fddb595.png","width":229,"height":44,"caption":"Clinica Dental CEM Valderas Dentistas Alcorcon"},"image":{"@id":"https:\/\/cemvalderas.es\/dev\/#\/schema\/logo\/image\/"}},{"@type":"Person","@id":"https:\/\/cemvalderas.es\/dev\/#\/schema\/person\/57dbaa31b1919508e6803a19cb1dffe5","name":"CEM VALDERAS","image":{"@type":"ImageObject","inLanguage":"es","@id":"https:\/\/cemvalderas.es\/dev\/#\/schema\/person\/image\/","url":"https:\/\/secure.gravatar.com\/avatar\/a0b795c992935e775c0fb2c4f6336e5d4d1d8485fa70c9a9407bd42e6450a864?s=96&d=mm&r=g","contentUrl":"https:\/\/secure.gravatar.com\/avatar\/a0b795c992935e775c0fb2c4f6336e5d4d1d8485fa70c9a9407bd42e6450a864?s=96&d=mm&r=g","caption":"CEM VALDERAS"},"url":"https:\/\/cemvalderas.es\/dev\/author\/oroldanv75\/"}]}},"_links":{"self":[{"href":"https:\/\/cemvalderas.es\/dev\/wp-json\/wp\/v2\/posts\/1618","targetHints":{"allow":["GET"]}}],"collection":[{"href":"https:\/\/cemvalderas.es\/dev\/wp-json\/wp\/v2\/posts"}],"about":[{"href":"https:\/\/cemvalderas.es\/dev\/wp-json\/wp\/v2\/types\/post"}],"author":[{"embeddable":true,"href":"https:\/\/cemvalderas.es\/dev\/wp-json\/wp\/v2\/users\/2"}],"replies":[{"embeddable":true,"href":"https:\/\/cemvalderas.es\/dev\/wp-json\/wp\/v2\/comments?post=1618"}],"version-history":[{"count":0,"href":"https:\/\/cemvalderas.es\/dev\/wp-json\/wp\/v2\/posts\/1618\/revisions"}],"wp:featuredmedia":[{"embeddable":true,"href":"https:\/\/cemvalderas.es\/dev\/wp-json\/wp\/v2\/media\/2315"}],"wp:attachment":[{"href":"https:\/\/cemvalderas.es\/dev\/wp-json\/wp\/v2\/media?parent=1618"}],"wp:term":[{"taxonomy":"category","embeddable":true,"href":"https:\/\/cemvalderas.es\/dev\/wp-json\/wp\/v2\/categories?post=1618"},{"taxonomy":"post_tag","embeddable":true,"href":"https:\/\/cemvalderas.es\/dev\/wp-json\/wp\/v2\/tags?post=1618"}],"curies":[{"name":"wp","href":"https:\/\/api.w.org\/{rel}","templated":true}]}}