{"id":1575,"date":"2019-06-26T10:44:39","date_gmt":"2019-06-26T10:44:39","guid":{"rendered":"https:\/\/cemvalderas.es\/?p=1575"},"modified":"2019-06-26T10:44:39","modified_gmt":"2019-06-26T10:44:39","slug":"los-peligros-mas-habituales-del-verano-para-tu-salud-oral","status":"publish","type":"post","link":"https:\/\/cemvalderas.es\/dev\/los-peligros-mas-habituales-del-verano-para-tu-salud-oral\/","title":{"rendered":"Los peligros m\u00e1s habituales del verano para tu salud oral"},"content":{"rendered":"<h1>Los peligros m\u00e1s habituales del verano para tu salud oral<\/h1>\n<article><strong><a href=\"https:\/\/cemvalderas.es\/wp-content\/blogs.dir\/6\/files\/2018\/07\/Captura-de-pantalla-2018-06-19-a-las-14.43.17.png\"><img fetchpriority=\"high\" decoding=\"async\" class=\" wp-image-1338 alignleft\" src=\"https:\/\/cemvalderas.es\/wp-content\/blogs.dir\/6\/files\/2018\/07\/Captura-de-pantalla-2018-06-19-a-las-14.43.17.png\" sizes=\"(max-width: 308px) 100vw, 308px\" srcset=\"https:\/\/cemvalderas.es\/wp-content\/blogs.dir\/6\/files\/2018\/07\/Captura-de-pantalla-2018-06-19-a-las-14.43.17.png 523w, https:\/\/cemvalderas.es\/wp-content\/blogs.dir\/6\/files\/2018\/07\/Captura-de-pantalla-2018-06-19-a-las-14.43.17-300x196.png 300w\" alt=\"verano y salud oral\" width=\"308\" height=\"201\" \/><\/a>El verano es una de esas \u00e9pocas tan queridas y ansiadas por la gran mayor\u00eda. Vacaciones, buen tiempo, playa, amigos, menos horas de trabajo\u2026Pero estos cambios tambi\u00e9n trastocan nuestras rutinas y si descuidamos los cuidados de <a href=\"https:\/\/cemvalderas.es\/blog\/la-importancia-de-una-buena-higiene-dental\/\" target=\"_blank\" rel=\"noopener\">higiene dental<\/a>, nuestra salud oral se resiente. Adem\u00e1s hay que sumar los <a href=\"https:\/\/garantiadeclinica.com\/blog\/tus-dentistas-de-confianza-te-descubren-los-riesgos-del-verano-para-tu-salud-oral-y-como-prevenirlos\/\" target=\"_blank\" rel=\"noopener\">peligros propios<\/a> de la \u00e9poca estival para nuestros dientes y enc\u00edas.<\/strong><\/p>\n<h2><strong>Bebidas y helados<\/strong><\/h2>\n<p>Con las altas temperaturas tenemos que hidratarnos y refrescarnos m\u00e1s a menudo. En verano es habitual bebidas con exceso de hielo o los helados, pero si nos excedemos nuestros <a href=\"https:\/\/cemvalderas.es\/blog\/ninos-y-dientes-la-primera-visita-al-dentista\/\" target=\"_blank\" rel=\"noopener\"><strong>dientes<\/strong> <\/a>pueden pagar las consecuencias.<\/p>\n<p>Los cambios bruscos de temperatura (tanto de algo muy caliente como muy fr\u00edo) provocan que la pulpa dental se inflame y genere dolor. La pulpa es lo que se encuentra en el interior del diente, donde se encuentran los nervios y vasos sangu\u00edneos.<\/p>\n<p>Con el tiempo de tanto inflamarse y al no tener m\u00e1s espacio, se calcifica y el nervio puede morir. Cuando esto ocurre, al no tener riesgo sangu\u00edneo, la pieza se vuelve de un color negro. En casos graves, se pierde.<\/p>\n<h5><em>Az\u00facar<\/em><\/h5>\n<p>Los refrescos y helados tienen otro h\u00e1ndicap: el az\u00facar. <strong><a href=\"https:\/\/cemvalderas.es\/blog\/las-bacterias-responsables-de-las-caries-se-contagian\/\" target=\"_blank\" rel=\"noopener\">Las bacterias<\/a> <\/strong>de la boca lo sintetizan y segregan unos \u00e1cidos que disuelven el esmalte dental, lo cual origina m\u00e1s riesgo de caries.<\/p>\n<h2><strong>Cloro de las piscinas<\/strong><\/h2>\n<p>El cloro, debido a su ph, provoca que las prote\u00ednas que conforman la saliva se descompongan r\u00e1pidamente y se queden adheridas a los dientes. Esto hace que se formen dep\u00f3sitos de sarro y aparezcan manchas marrones o amarillas. Este problema ocurre especialmente a los nadadores profesionales o personas que nadan durante mucho tiempo de manera habitual.<\/p>\n<h2><strong>Traumatismos<\/strong><\/h2>\n<p>Lo que los dentistas nos encontramos mucho en esta \u00e9poca son los golpes en la boca. El buen tiempo tambi\u00e9n llama a hacer deporte al aire libre, y especialmente en los que son m\u00e1s de contacto, se producen accidentes.<\/p>\n<p>Golpes, morderse sin querer, apretar demasiado durante el ejercicio\u2026en ocasiones, aunque no haya rotura como tal de la pieza, est\u00e1 sufriendo igualmente. Para evitar problemas, lo recomendable es utilizar siempre un protector bucal durante la pr\u00e1ctica deportiva.<\/p>\n<\/article>\n","protected":false},"excerpt":{"rendered":"<p>Los peligros m\u00e1s habituales del verano para tu salud oral El verano es una de esas \u00e9pocas tan queridas y ansiadas por la gran mayor\u00eda. Vacaciones, buen tiempo, playa, amigos, menos horas de trabajo\u2026Pero estos cambios tambi\u00e9n trastocan nuestras rutinas y si descuidamos los cuidados de higiene dental, nuestra salud oral se resiente. Adem\u00e1s hay [&hellip;]<\/p>\n","protected":false},"author":2,"featured_media":0,"comment_status":"closed","ping_status":"open","sticky":false,"template":"","format":"standard","meta":{"footnotes":""},"categories":[13],"tags":[],"class_list":["post-1575","post","type-post","status-publish","format-standard","hentry","category-blog-cem-valderas"],"yoast_head":"<!-- This site is optimized with the Yoast SEO plugin v26.8 - https:\/\/yoast.com\/product\/yoast-seo-wordpress\/ -->\n<title>Los peligros m\u00e1s habituales del verano para tu salud oral - Clinica Dental CEM Valderas Dentistas Alcorcon<\/title>\n<meta name=\"robots\" content=\"index, follow, max-snippet:-1, max-image-preview:large, max-video-preview:-1\" \/>\n<link rel=\"canonical\" href=\"https:\/\/cemvalderas.es\/dev\/los-peligros-mas-habituales-del-verano-para-tu-salud-oral\/\" \/>\n<meta property=\"og:locale\" content=\"es_ES\" \/>\n<meta property=\"og:type\" content=\"article\" \/>\n<meta property=\"og:title\" content=\"Los peligros m\u00e1s habituales del verano para tu salud oral - Clinica Dental CEM Valderas Dentistas Alcorcon\" \/>\n<meta property=\"og:description\" content=\"Los peligros m\u00e1s habituales del verano para tu salud oral El verano es una de esas \u00e9pocas tan queridas y ansiadas por la gran mayor\u00eda. Vacaciones, buen tiempo, playa, amigos, menos horas de trabajo\u2026Pero estos cambios tambi\u00e9n trastocan nuestras rutinas y si descuidamos los cuidados de higiene dental, nuestra salud oral se resiente. Adem\u00e1s hay [&hellip;]\" \/>\n<meta property=\"og:url\" content=\"https:\/\/cemvalderas.es\/dev\/los-peligros-mas-habituales-del-verano-para-tu-salud-oral\/\" \/>\n<meta property=\"og:site_name\" content=\"Clinica Dental CEM Valderas Dentistas Alcorcon\" \/>\n<meta property=\"article:published_time\" content=\"2019-06-26T10:44:39+00:00\" \/>\n<meta property=\"og:image\" content=\"https:\/\/cemvalderas.es\/wp-content\/blogs.dir\/6\/files\/2018\/07\/Captura-de-pantalla-2018-06-19-a-las-14.43.17.png\" \/>\n<meta name=\"author\" content=\"CEM VALDERAS\" \/>\n<meta name=\"twitter:card\" content=\"summary_large_image\" \/>\n<meta name=\"twitter:label1\" content=\"Escrito por\" \/>\n\t<meta name=\"twitter:data1\" content=\"CEM VALDERAS\" \/>\n\t<meta name=\"twitter:label2\" content=\"Tiempo de lectura\" \/>\n\t<meta name=\"twitter:data2\" content=\"2 minutos\" \/>\n<script type=\"application\/ld+json\" class=\"yoast-schema-graph\">{\"@context\":\"https:\/\/schema.org\",\"@graph\":[{\"@type\":\"Article\",\"@id\":\"https:\/\/cemvalderas.es\/dev\/los-peligros-mas-habituales-del-verano-para-tu-salud-oral\/#article\",\"isPartOf\":{\"@id\":\"https:\/\/cemvalderas.es\/dev\/los-peligros-mas-habituales-del-verano-para-tu-salud-oral\/\"},\"author\":{\"name\":\"CEM VALDERAS\",\"@id\":\"https:\/\/cemvalderas.es\/dev\/#\/schema\/person\/57dbaa31b1919508e6803a19cb1dffe5\"},\"headline\":\"Los peligros m\u00e1s habituales del verano para tu salud oral\",\"datePublished\":\"2019-06-26T10:44:39+00:00\",\"mainEntityOfPage\":{\"@id\":\"https:\/\/cemvalderas.es\/dev\/los-peligros-mas-habituales-del-verano-para-tu-salud-oral\/\"},\"wordCount\":392,\"publisher\":{\"@id\":\"https:\/\/cemvalderas.es\/dev\/#organization\"},\"image\":{\"@id\":\"https:\/\/cemvalderas.es\/dev\/los-peligros-mas-habituales-del-verano-para-tu-salud-oral\/#primaryimage\"},\"thumbnailUrl\":\"https:\/\/cemvalderas.es\/wp-content\/blogs.dir\/6\/files\/2018\/07\/Captura-de-pantalla-2018-06-19-a-las-14.43.17.png\",\"articleSection\":[\"Blog CEM Valderas\"],\"inLanguage\":\"es\"},{\"@type\":\"WebPage\",\"@id\":\"https:\/\/cemvalderas.es\/dev\/los-peligros-mas-habituales-del-verano-para-tu-salud-oral\/\",\"url\":\"https:\/\/cemvalderas.es\/dev\/los-peligros-mas-habituales-del-verano-para-tu-salud-oral\/\",\"name\":\"Los peligros m\u00e1s habituales del verano para tu salud oral - Clinica Dental CEM Valderas Dentistas Alcorcon\",\"isPartOf\":{\"@id\":\"https:\/\/cemvalderas.es\/dev\/#website\"},\"primaryImageOfPage\":{\"@id\":\"https:\/\/cemvalderas.es\/dev\/los-peligros-mas-habituales-del-verano-para-tu-salud-oral\/#primaryimage\"},\"image\":{\"@id\":\"https:\/\/cemvalderas.es\/dev\/los-peligros-mas-habituales-del-verano-para-tu-salud-oral\/#primaryimage\"},\"thumbnailUrl\":\"https:\/\/cemvalderas.es\/wp-content\/blogs.dir\/6\/files\/2018\/07\/Captura-de-pantalla-2018-06-19-a-las-14.43.17.png\",\"datePublished\":\"2019-06-26T10:44:39+00:00\",\"breadcrumb\":{\"@id\":\"https:\/\/cemvalderas.es\/dev\/los-peligros-mas-habituales-del-verano-para-tu-salud-oral\/#breadcrumb\"},\"inLanguage\":\"es\",\"potentialAction\":[{\"@type\":\"ReadAction\",\"target\":[\"https:\/\/cemvalderas.es\/dev\/los-peligros-mas-habituales-del-verano-para-tu-salud-oral\/\"]}]},{\"@type\":\"ImageObject\",\"inLanguage\":\"es\",\"@id\":\"https:\/\/cemvalderas.es\/dev\/los-peligros-mas-habituales-del-verano-para-tu-salud-oral\/#primaryimage\",\"url\":\"https:\/\/cemvalderas.es\/wp-content\/blogs.dir\/6\/files\/2018\/07\/Captura-de-pantalla-2018-06-19-a-las-14.43.17.png\",\"contentUrl\":\"https:\/\/cemvalderas.es\/wp-content\/blogs.dir\/6\/files\/2018\/07\/Captura-de-pantalla-2018-06-19-a-las-14.43.17.png\"},{\"@type\":\"BreadcrumbList\",\"@id\":\"https:\/\/cemvalderas.es\/dev\/los-peligros-mas-habituales-del-verano-para-tu-salud-oral\/#breadcrumb\",\"itemListElement\":[{\"@type\":\"ListItem\",\"position\":1,\"name\":\"Portada\",\"item\":\"https:\/\/cemvalderas.es\/dev\/\"},{\"@type\":\"ListItem\",\"position\":2,\"name\":\"Los peligros m\u00e1s habituales del verano para tu salud oral\"}]},{\"@type\":\"WebSite\",\"@id\":\"https:\/\/cemvalderas.es\/dev\/#website\",\"url\":\"https:\/\/cemvalderas.es\/dev\/\",\"name\":\"Clinica Dental CEM Valderas Dentistas Alcorcon\",\"description\":\"Los mejores tratamientos odontol\u00f3gicos, sin dolor. Vuelve a sonre\u00edr sin que te duela el bolsillo\",\"publisher\":{\"@id\":\"https:\/\/cemvalderas.es\/dev\/#organization\"},\"potentialAction\":[{\"@type\":\"SearchAction\",\"target\":{\"@type\":\"EntryPoint\",\"urlTemplate\":\"https:\/\/cemvalderas.es\/dev\/?s={search_term_string}\"},\"query-input\":{\"@type\":\"PropertyValueSpecification\",\"valueRequired\":true,\"valueName\":\"search_term_string\"}}],\"inLanguage\":\"es\"},{\"@type\":\"Organization\",\"@id\":\"https:\/\/cemvalderas.es\/dev\/#organization\",\"name\":\"Clinica Dental CEM Valderas Dentistas Alcorcon\",\"url\":\"https:\/\/cemvalderas.es\/dev\/\",\"logo\":{\"@type\":\"ImageObject\",\"inLanguage\":\"es\",\"@id\":\"https:\/\/cemvalderas.es\/dev\/#\/schema\/logo\/image\/\",\"url\":\"https:\/\/cemvalderas.es\/dev\/wp-content\/uploads\/2025\/09\/12c4595b090208224e9ca0e24fddb595.png\",\"contentUrl\":\"https:\/\/cemvalderas.es\/dev\/wp-content\/uploads\/2025\/09\/12c4595b090208224e9ca0e24fddb595.png\",\"width\":229,\"height\":44,\"caption\":\"Clinica Dental CEM Valderas Dentistas Alcorcon\"},\"image\":{\"@id\":\"https:\/\/cemvalderas.es\/dev\/#\/schema\/logo\/image\/\"}},{\"@type\":\"Person\",\"@id\":\"https:\/\/cemvalderas.es\/dev\/#\/schema\/person\/57dbaa31b1919508e6803a19cb1dffe5\",\"name\":\"CEM VALDERAS\",\"image\":{\"@type\":\"ImageObject\",\"inLanguage\":\"es\",\"@id\":\"https:\/\/cemvalderas.es\/dev\/#\/schema\/person\/image\/\",\"url\":\"https:\/\/secure.gravatar.com\/avatar\/a0b795c992935e775c0fb2c4f6336e5d4d1d8485fa70c9a9407bd42e6450a864?s=96&d=mm&r=g\",\"contentUrl\":\"https:\/\/secure.gravatar.com\/avatar\/a0b795c992935e775c0fb2c4f6336e5d4d1d8485fa70c9a9407bd42e6450a864?s=96&d=mm&r=g\",\"caption\":\"CEM VALDERAS\"},\"url\":\"https:\/\/cemvalderas.es\/dev\/author\/oroldanv75\/\"}]}<\/script>\n<!-- \/ Yoast SEO plugin. -->","yoast_head_json":{"title":"Los peligros m\u00e1s habituales del verano para tu salud oral - Clinica Dental CEM Valderas Dentistas Alcorcon","robots":{"index":"index","follow":"follow","max-snippet":"max-snippet:-1","max-image-preview":"max-image-preview:large","max-video-preview":"max-video-preview:-1"},"canonical":"https:\/\/cemvalderas.es\/dev\/los-peligros-mas-habituales-del-verano-para-tu-salud-oral\/","og_locale":"es_ES","og_type":"article","og_title":"Los peligros m\u00e1s habituales del verano para tu salud oral - Clinica Dental CEM Valderas Dentistas Alcorcon","og_description":"Los peligros m\u00e1s habituales del verano para tu salud oral El verano es una de esas \u00e9pocas tan queridas y ansiadas por la gran mayor\u00eda. Vacaciones, buen tiempo, playa, amigos, menos horas de trabajo\u2026Pero estos cambios tambi\u00e9n trastocan nuestras rutinas y si descuidamos los cuidados de higiene dental, nuestra salud oral se resiente. Adem\u00e1s hay [&hellip;]","og_url":"https:\/\/cemvalderas.es\/dev\/los-peligros-mas-habituales-del-verano-para-tu-salud-oral\/","og_site_name":"Clinica Dental CEM Valderas Dentistas Alcorcon","article_published_time":"2019-06-26T10:44:39+00:00","og_image":[{"url":"https:\/\/cemvalderas.es\/wp-content\/blogs.dir\/6\/files\/2018\/07\/Captura-de-pantalla-2018-06-19-a-las-14.43.17.png","type":"","width":"","height":""}],"author":"CEM VALDERAS","twitter_card":"summary_large_image","twitter_misc":{"Escrito por":"CEM VALDERAS","Tiempo de lectura":"2 minutos"},"schema":{"@context":"https:\/\/schema.org","@graph":[{"@type":"Article","@id":"https:\/\/cemvalderas.es\/dev\/los-peligros-mas-habituales-del-verano-para-tu-salud-oral\/#article","isPartOf":{"@id":"https:\/\/cemvalderas.es\/dev\/los-peligros-mas-habituales-del-verano-para-tu-salud-oral\/"},"author":{"name":"CEM VALDERAS","@id":"https:\/\/cemvalderas.es\/dev\/#\/schema\/person\/57dbaa31b1919508e6803a19cb1dffe5"},"headline":"Los peligros m\u00e1s habituales del verano para tu salud oral","datePublished":"2019-06-26T10:44:39+00:00","mainEntityOfPage":{"@id":"https:\/\/cemvalderas.es\/dev\/los-peligros-mas-habituales-del-verano-para-tu-salud-oral\/"},"wordCount":392,"publisher":{"@id":"https:\/\/cemvalderas.es\/dev\/#organization"},"image":{"@id":"https:\/\/cemvalderas.es\/dev\/los-peligros-mas-habituales-del-verano-para-tu-salud-oral\/#primaryimage"},"thumbnailUrl":"https:\/\/cemvalderas.es\/wp-content\/blogs.dir\/6\/files\/2018\/07\/Captura-de-pantalla-2018-06-19-a-las-14.43.17.png","articleSection":["Blog CEM Valderas"],"inLanguage":"es"},{"@type":"WebPage","@id":"https:\/\/cemvalderas.es\/dev\/los-peligros-mas-habituales-del-verano-para-tu-salud-oral\/","url":"https:\/\/cemvalderas.es\/dev\/los-peligros-mas-habituales-del-verano-para-tu-salud-oral\/","name":"Los peligros m\u00e1s habituales del verano para tu salud oral - Clinica Dental CEM Valderas Dentistas Alcorcon","isPartOf":{"@id":"https:\/\/cemvalderas.es\/dev\/#website"},"primaryImageOfPage":{"@id":"https:\/\/cemvalderas.es\/dev\/los-peligros-mas-habituales-del-verano-para-tu-salud-oral\/#primaryimage"},"image":{"@id":"https:\/\/cemvalderas.es\/dev\/los-peligros-mas-habituales-del-verano-para-tu-salud-oral\/#primaryimage"},"thumbnailUrl":"https:\/\/cemvalderas.es\/wp-content\/blogs.dir\/6\/files\/2018\/07\/Captura-de-pantalla-2018-06-19-a-las-14.43.17.png","datePublished":"2019-06-26T10:44:39+00:00","breadcrumb":{"@id":"https:\/\/cemvalderas.es\/dev\/los-peligros-mas-habituales-del-verano-para-tu-salud-oral\/#breadcrumb"},"inLanguage":"es","potentialAction":[{"@type":"ReadAction","target":["https:\/\/cemvalderas.es\/dev\/los-peligros-mas-habituales-del-verano-para-tu-salud-oral\/"]}]},{"@type":"ImageObject","inLanguage":"es","@id":"https:\/\/cemvalderas.es\/dev\/los-peligros-mas-habituales-del-verano-para-tu-salud-oral\/#primaryimage","url":"https:\/\/cemvalderas.es\/wp-content\/blogs.dir\/6\/files\/2018\/07\/Captura-de-pantalla-2018-06-19-a-las-14.43.17.png","contentUrl":"https:\/\/cemvalderas.es\/wp-content\/blogs.dir\/6\/files\/2018\/07\/Captura-de-pantalla-2018-06-19-a-las-14.43.17.png"},{"@type":"BreadcrumbList","@id":"https:\/\/cemvalderas.es\/dev\/los-peligros-mas-habituales-del-verano-para-tu-salud-oral\/#breadcrumb","itemListElement":[{"@type":"ListItem","position":1,"name":"Portada","item":"https:\/\/cemvalderas.es\/dev\/"},{"@type":"ListItem","position":2,"name":"Los peligros m\u00e1s habituales del verano para tu salud oral"}]},{"@type":"WebSite","@id":"https:\/\/cemvalderas.es\/dev\/#website","url":"https:\/\/cemvalderas.es\/dev\/","name":"Clinica Dental CEM Valderas Dentistas Alcorcon","description":"Los mejores tratamientos odontol\u00f3gicos, sin dolor. Vuelve a sonre\u00edr sin que te duela el bolsillo","publisher":{"@id":"https:\/\/cemvalderas.es\/dev\/#organization"},"potentialAction":[{"@type":"SearchAction","target":{"@type":"EntryPoint","urlTemplate":"https:\/\/cemvalderas.es\/dev\/?s={search_term_string}"},"query-input":{"@type":"PropertyValueSpecification","valueRequired":true,"valueName":"search_term_string"}}],"inLanguage":"es"},{"@type":"Organization","@id":"https:\/\/cemvalderas.es\/dev\/#organization","name":"Clinica Dental CEM Valderas Dentistas Alcorcon","url":"https:\/\/cemvalderas.es\/dev\/","logo":{"@type":"ImageObject","inLanguage":"es","@id":"https:\/\/cemvalderas.es\/dev\/#\/schema\/logo\/image\/","url":"https:\/\/cemvalderas.es\/dev\/wp-content\/uploads\/2025\/09\/12c4595b090208224e9ca0e24fddb595.png","contentUrl":"https:\/\/cemvalderas.es\/dev\/wp-content\/uploads\/2025\/09\/12c4595b090208224e9ca0e24fddb595.png","width":229,"height":44,"caption":"Clinica Dental CEM Valderas Dentistas Alcorcon"},"image":{"@id":"https:\/\/cemvalderas.es\/dev\/#\/schema\/logo\/image\/"}},{"@type":"Person","@id":"https:\/\/cemvalderas.es\/dev\/#\/schema\/person\/57dbaa31b1919508e6803a19cb1dffe5","name":"CEM VALDERAS","image":{"@type":"ImageObject","inLanguage":"es","@id":"https:\/\/cemvalderas.es\/dev\/#\/schema\/person\/image\/","url":"https:\/\/secure.gravatar.com\/avatar\/a0b795c992935e775c0fb2c4f6336e5d4d1d8485fa70c9a9407bd42e6450a864?s=96&d=mm&r=g","contentUrl":"https:\/\/secure.gravatar.com\/avatar\/a0b795c992935e775c0fb2c4f6336e5d4d1d8485fa70c9a9407bd42e6450a864?s=96&d=mm&r=g","caption":"CEM VALDERAS"},"url":"https:\/\/cemvalderas.es\/dev\/author\/oroldanv75\/"}]}},"_links":{"self":[{"href":"https:\/\/cemvalderas.es\/dev\/wp-json\/wp\/v2\/posts\/1575","targetHints":{"allow":["GET"]}}],"collection":[{"href":"https:\/\/cemvalderas.es\/dev\/wp-json\/wp\/v2\/posts"}],"about":[{"href":"https:\/\/cemvalderas.es\/dev\/wp-json\/wp\/v2\/types\/post"}],"author":[{"embeddable":true,"href":"https:\/\/cemvalderas.es\/dev\/wp-json\/wp\/v2\/users\/2"}],"replies":[{"embeddable":true,"href":"https:\/\/cemvalderas.es\/dev\/wp-json\/wp\/v2\/comments?post=1575"}],"version-history":[{"count":0,"href":"https:\/\/cemvalderas.es\/dev\/wp-json\/wp\/v2\/posts\/1575\/revisions"}],"wp:attachment":[{"href":"https:\/\/cemvalderas.es\/dev\/wp-json\/wp\/v2\/media?parent=1575"}],"wp:term":[{"taxonomy":"category","embeddable":true,"href":"https:\/\/cemvalderas.es\/dev\/wp-json\/wp\/v2\/categories?post=1575"},{"taxonomy":"post_tag","embeddable":true,"href":"https:\/\/cemvalderas.es\/dev\/wp-json\/wp\/v2\/tags?post=1575"}],"curies":[{"name":"wp","href":"https:\/\/api.w.org\/{rel}","templated":true}]}}